{"id":1069,"date":"2018-06-05T14:47:43","date_gmt":"2018-06-05T14:47:43","guid":{"rendered":"https:\/\/centros.uepb.edu.br\/ccea\/?p=1069"},"modified":"2018-06-05T14:47:43","modified_gmt":"2018-06-05T14:47:43","slug":"direcao-do-ccea-emite-nota-sobre-problemas-tecnicos-na-central-telefonica-do-campus-vii-da-uepb","status":"publish","type":"post","link":"https:\/\/centros.uepb.edu.br\/ccea\/2018\/06\/05\/direcao-do-ccea-emite-nota-sobre-problemas-tecnicos-na-central-telefonica-do-campus-vii-da-uepb\/","title":{"rendered":"Dire\u00e7\u00e3o do CCEA emite nota sobre problemas t\u00e9cnicos na central telef\u00f4nica do C\u00e2mpus VII da UEPB"},"content":{"rendered":"<p>A dire\u00e7\u00e3o do Centro de Ci\u00eancias Exatas e Sociais Aplicadas (CCEA), da Universidade Estadual da Para\u00edba (UEPB), informa a toda comunidade que, em decorr\u00eancia de problemas t\u00e9cnicos na central telef\u00f4nica do C\u00e2mpus VII, o n\u00famero (83) 3421 1475 est\u00e1 temporariamente indispon\u00edvel. Diante disso, solicita que os contatos sejam feitos atrav\u00e9s dos n\u00fameros (83) 3421 3251 ou ainda 3421 1447. A dire\u00e7\u00e3o informa ainda que a solicita\u00e7\u00e3o para regulariza\u00e7\u00e3o do servi\u00e7o j\u00e1 foi efetuada e em breve o servi\u00e7o ser\u00e1 normalizado.<\/p>\n","protected":false},"excerpt":{"rendered":"<p>A dire\u00e7\u00e3o do Centro de Ci\u00eancias Exatas e Sociais Aplicadas (CCEA), da Universidade Estadual da Para\u00edba (UEPB), informa a toda comunidade que, em decorr\u00eancia de problemas t\u00e9cnicos na central telef\u00f4nica do C\u00e2mpus VII, o n\u00famero (83) 3421 1475 est\u00e1 temporariamente indispon\u00edvel. Diante disso, solicita que os contatos sejam feitos atrav\u00e9s dos n\u00fameros (83) 3421 3251 <a class=\"leiamais\" href=\"https:\/\/centros.uepb.edu.br\/ccea\/2018\/06\/05\/direcao-do-ccea-emite-nota-sobre-problemas-tecnicos-na-central-telefonica-do-campus-vii-da-uepb\/\">Leia Mais&#8230;<\/a><\/p>\n","protected":false},"author":33,"featured_media":0,"comment_status":"closed","ping_status":"closed","sticky":false,"template":"","format":"standard","meta":{"jetpack_post_was_ever_published":false,"_jetpack_newsletter_access":"","_jetpack_dont_email_post_to_subs":false,"_jetpack_newsletter_tier_id":0,"_jetpack_memberships_contains_paywalled_content":false,"_jetpack_memberships_contains_paid_content":false,"footnotes":"","jetpack_publicize_message":"","jetpack_publicize_feature_enabled":true,"jetpack_social_post_already_shared":true,"jetpack_social_options":{"image_generator_settings":{"template":"highway","default_image_id":0,"font":"","enabled":false},"version":2}},"categories":[8,3],"tags":[],"class_list":["post-1069","post","type-post","status-publish","format-standard","hentry","category-ccea","category-noticias"],"jetpack_publicize_connections":[],"jetpack_featured_media_url":"","jetpack_sharing_enabled":true,"jetpack_shortlink":"https:\/\/wp.me\/p7WTGX-hf","jetpack_likes_enabled":true,"jetpack-related-posts":[{"id":653,"url":"https:\/\/centros.uepb.edu.br\/ccea\/2017\/10\/20\/direcao-do-ccea-informa-sobre-atividades-academicas-no-campus-vii-da-uepb-entre-os-dias-23-e-25-de-outubro\/","url_meta":{"origin":1069,"position":0},"title":"Dire\u00e7\u00e3o do CCEA informa sobre atividades acad\u00eamicas no C\u00e2mpus VII da UEPB entre os dias 23 e 25\/10","author":"tatiana","date":"20 de outubro de 2017","format":false,"excerpt":"A Dire\u00e7\u00e3o do Centro de Ci\u00eancias Exatas e Sociais Aplicadas (CCEA) da Universidade Estadual da Para\u00edba (UEPB) informa a toda comunidade universit\u00e1ria que as atividades acad\u00eamicas e administrativas no C\u00e2mpus VII ser\u00e3o normais na pr\u00f3xima segunda-feira (23). Apenas na ter\u00e7a-feira (24) haver\u00e1 suspens\u00e3o do expediente na unidade, em virtude do\u2026","rel":"","context":"Em &quot;CCEA&quot;","block_context":{"text":"CCEA","link":"https:\/\/centros.uepb.edu.br\/ccea\/category\/ccea\/"},"img":{"alt_text":"","src":"","width":0,"height":0},"classes":[]},{"id":1102,"url":"https:\/\/centros.uepb.edu.br\/ccea\/2018\/06\/08\/coordenacao-de-tcc-do-curso-de-matematica-do-campus-vii-informa-sobre-cronograma-de-atividades-do-semestre-letivo-2017-2\/","url_meta":{"origin":1069,"position":1},"title":"Coordena\u00e7\u00e3o de TCC de Matem\u00e1tica do C\u00e2mpus VII informa sobre cronograma de atividades do semestre 2017.2","author":"tatiany","date":"8 de junho de 2018","format":false,"excerpt":"A Coordena\u00e7\u00e3o do Curso de Licenciatura em Matem\u00e1tica do Centro de Ci\u00eancias Exatas e Sociais Aplicadas, da Universidade Estadual da Para\u00edba (UEPB), atrav\u00e9s da coordenadoria dos Trabalhos de Conclus\u00e3o de Curso (TCC), torna p\u00fablicas as datas e hor\u00e1rios em que ocorrer\u00e3o as defesas dos trabalhos do semestre letivo 2017.2. A\u2026","rel":"","context":"Em &quot;CCEA&quot;","block_context":{"text":"CCEA","link":"https:\/\/centros.uepb.edu.br\/ccea\/category\/ccea\/"},"img":{"alt_text":"","src":"","width":0,"height":0},"classes":[]},{"id":2553,"url":"https:\/\/centros.uepb.edu.br\/ccea\/2025\/09\/30\/alteracao-no-funcionamento-administrativo-do-ccea-campus-vii\/","url_meta":{"origin":1069,"position":2},"title":"Altera\u00e7\u00e3o no Funcionamento Administrativo do CCEA\/Campus VII","author":"olivio","date":"30 de setembro de 2025","format":false,"excerpt":"A Dire\u00e7\u00e3o do Centro de Ci\u00eancias Exatas e Sociais Aplicadas (CCEA\/UEPB) informa que, devido \u00e0 greve docente iniciada em 22 de setembro de 2025, e visando \u00e0 seguran\u00e7a da comunidade universit\u00e1ria, o expediente dos setores administrativos do Campus VII passar\u00e1 a ocorrer das 7h \u00e0s 13h, a partir do dia\u2026","rel":"","context":"Em &quot;Agend Not\u00edcias Destaque&quot;","block_context":{"text":"Agend Not\u00edcias Destaque","link":"https:\/\/centros.uepb.edu.br\/ccea\/category\/agend-noticias-destaque\/"},"img":{"alt_text":"","src":"","width":0,"height":0},"classes":[]},{"id":441,"url":"https:\/\/centros.uepb.edu.br\/ccea\/2017\/03\/21\/ccea-abre-inscricoes-para-o-encontro-estadual-de-sanfoneiros-e-tocadores-de-8-baixos-da-paraiba\/","url_meta":{"origin":1069,"position":3},"title":"CCEA abre inscri\u00e7\u00f5es para o Encontro Estadual de Sanfoneiros e Tocadores de 8 Baixos da Para\u00edba","author":"tatiana","date":"21 de mar\u00e7o de 2017","format":false,"excerpt":"Ap\u00f3s o sucesso da primeira etapa do 1\u00ba Encontro Estadual de Sanfoneiros e Tocadores de 8 Baixos da Para\u00edba, promovida pela Universidade Estadual da Para\u00edba (UEPB), atrav\u00e9s da Pr\u00f3-Reitoria de Cultura (PROCULT) em Araruna, as pr\u00f3ximas fases do evento j\u00e1 est\u00e3o sendo organizadas e, no dia 5 de abril, o\u2026","rel":"","context":"Em &quot;CCEA&quot;","block_context":{"text":"CCEA","link":"https:\/\/centros.uepb.edu.br\/ccea\/category\/ccea\/"},"img":{"alt_text":"","src":"","width":0,"height":0},"classes":[]},{"id":930,"url":"https:\/\/centros.uepb.edu.br\/ccea\/2018\/03\/21\/direcao-do-ccea-informa-comunidade-academica-sobre-a-manutencao-do-expediente-em-funcionamento-normal-no-proximo-dia-22\/","url_meta":{"origin":1069,"position":4},"title":"Dire\u00e7\u00e3o do CCEA informa sobre a manuten\u00e7\u00e3o do expediente normal para o pr\u00f3ximo dia 22","author":"tatiany","date":"21 de mar\u00e7o de 2018","format":false,"excerpt":"A Dire\u00e7\u00e3o do Centro de Ci\u00eancias Exatas e Sociais Aplicadas (CCEA) da Universidade Estadual da Para\u00edba (UEPB), em Patos, informa a comunidade universit\u00e1ria que amanh\u00e3 (22) as atividades acad\u00eamicas e administrativas no C\u00e2mpus VII ser\u00e3o mantidas em funcionamento normal, n\u00e3o havendo, at\u00e9 o momento, nenhuma previs\u00e3o de paralisa\u00e7\u00e3o sindical. A\u2026","rel":"","context":"Em &quot;CCEA&quot;","block_context":{"text":"CCEA","link":"https:\/\/centros.uepb.edu.br\/ccea\/category\/ccea\/"},"img":{"alt_text":"","src":"","width":0,"height":0},"classes":[]},{"id":1250,"url":"https:\/\/centros.uepb.edu.br\/ccea\/2019\/03\/18\/projeto-educacao-para-a-cidadania-no-transito-do-campus-vii-inscreve-para-curso-de-formacao-de-condutores\/","url_meta":{"origin":1069,"position":5},"title":"Projeto \u201cEduca\u00e7\u00e3o para a Cidadania no Tr\u00e2nsito\u201d do C\u00e2mpus VII inscreve para curso de forma\u00e7\u00e3o de condutores","author":"tatiana","date":"18 de mar\u00e7o de 2019","format":false,"excerpt":"O projeto de extens\u00e3o \u201cEduca\u00e7\u00e3o para a Cidadania no Tr\u00e2nsito\u201d, desenvolvido pelo Centro de Ci\u00eancias Exatas e Sociais Aplicadas (CCEA) da Universidade Estadual da Para\u00edba (UEPB), C\u00e2mpus VII, em Patos, est\u00e1 com inscri\u00e7\u00f5es abertas para forma\u00e7\u00e3o de novas turmas do Curso Te\u00f3rico de Forma\u00e7\u00e3o de Condutores de Ve\u00edculos Automotores. O\u2026","rel":"","context":"Em &quot;CCEA&quot;","block_context":{"text":"CCEA","link":"https:\/\/centros.uepb.edu.br\/ccea\/category\/ccea\/"},"img":{"alt_text":"","src":"","width":0,"height":0},"classes":[]}],"_links":{"self":[{"href":"https:\/\/centros.uepb.edu.br\/ccea\/wp-json\/wp\/v2\/posts\/1069","targetHints":{"allow":["GET"]}}],"collection":[{"href":"https:\/\/centros.uepb.edu.br\/ccea\/wp-json\/wp\/v2\/posts"}],"about":[{"href":"https:\/\/centros.uepb.edu.br\/ccea\/wp-json\/wp\/v2\/types\/post"}],"author":[{"embeddable":true,"href":"https:\/\/centros.uepb.edu.br\/ccea\/wp-json\/wp\/v2\/users\/33"}],"replies":[{"embeddable":true,"href":"https:\/\/centros.uepb.edu.br\/ccea\/wp-json\/wp\/v2\/comments?post=1069"}],"version-history":[{"count":0,"href":"https:\/\/centros.uepb.edu.br\/ccea\/wp-json\/wp\/v2\/posts\/1069\/revisions"}],"wp:attachment":[{"href":"https:\/\/centros.uepb.edu.br\/ccea\/wp-json\/wp\/v2\/media?parent=1069"}],"wp:term":[{"taxonomy":"category","embeddable":true,"href":"https:\/\/centros.uepb.edu.br\/ccea\/wp-json\/wp\/v2\/categories?post=1069"},{"taxonomy":"post_tag","embeddable":true,"href":"https:\/\/centros.uepb.edu.br\/ccea\/wp-json\/wp\/v2\/tags?post=1069"}],"curies":[{"name":"wp","href":"https:\/\/api.w.org\/{rel}","templated":true}]}}