{"id":1067,"date":"2018-06-04T15:40:08","date_gmt":"2018-06-04T15:40:08","guid":{"rendered":"https:\/\/centros.uepb.edu.br\/ccea\/?p=1067"},"modified":"2018-06-04T15:40:08","modified_gmt":"2018-06-04T15:40:08","slug":"feira-da-economia-solidaria-sera-realizada-no-campus-vii-da-universidade-estadual-da-paraiba","status":"publish","type":"post","link":"https:\/\/centros.uepb.edu.br\/ccea\/2018\/06\/04\/feira-da-economia-solidaria-sera-realizada-no-campus-vii-da-universidade-estadual-da-paraiba\/","title":{"rendered":"Feira da Economia Solid\u00e1ria ser\u00e1 realizada no C\u00e2mpus VII da Universidade Estadual da Para\u00edba"},"content":{"rendered":"<p>A Universidade Estadual da Para\u00edba (UEPB), atrav\u00e9s do Centro de Ci\u00eancias Exatas e Sociais Aplicadas (CCEA), em parceria com o Governo do Estado, F\u00f3rum Estadual de Economia Solid\u00e1ria e A\u00e7\u00e3o Social Diocesana de Patos, promove a Feira da Economia Solid\u00e1ria. O evento acontece no dia 13 de junho, das 8h \u00e0s 20h, no C\u00e2mpus Universit\u00e1rio da UEPB, em Patos.<\/p>\n<p>Com o tema \u201cCompartilhando as Trilhas do Bem Viver\u201d, o evento constitui-se como um espa\u00e7o de articula\u00e7\u00e3o e di\u00e1logo entre m\u00faltiplos atores sociais acerca de um modelo alternativo de empreendimento econ\u00f4mico autossustent\u00e1vel, que propicia a inclus\u00e3o e o resgate da cidadania, e se contrap\u00f5e ao modelo mercantil capitalista vigorante, apontando um novo caminho para a gera\u00e7\u00e3o de trabalho e renda, proporcionando a melhoria das condi\u00e7\u00f5es de vida da popula\u00e7\u00e3o e a constru\u00e7\u00e3o de regimes de bem estar social que favore\u00e7am o desenvolvimento do pa\u00eds e a constru\u00e7\u00e3o de uma sociedade mais justa e igualit\u00e1ria.<\/p>\n<p>A feira contar\u00e1 com a participa\u00e7\u00e3o de empreendedores solid\u00e1rios, que valorizam pr\u00e1ticas sustent\u00e1veis e o desenvolvimento da economia local, que comercializar\u00e3o produtos artesanais e aliment\u00edcios da regi\u00e3o. Durante a feira ser\u00e1 realizado ainda um f\u00f3rum de discuss\u00e3o e troca de experi\u00eancias com o p\u00fablico acerca da condu\u00e7\u00e3o coletiva e democr\u00e1tica dos empreendimentos solid\u00e1rios, os avan\u00e7os na constru\u00e7\u00e3o de pol\u00edticas de economia solid\u00e1ria e os desafios e limites que cercam a sua pr\u00e1tica.<\/p>\n<p>De acordo com Cidoval Morais de Sousa, professor da UEPB vinculado ao Programa de P\u00f3s Gradua\u00e7\u00e3o em Desenvolvimento Regional, e organizador do evento, a feira consiste em uma provoca\u00e7\u00e3o no \u00e2mbito universit\u00e1rio para que se possa refletir internamente sobre as pr\u00e1ticas acad\u00eamicas e a intr\u00ednseca rela\u00e7\u00e3o com a sociedade, e que este pensar incida em uma perspectiva que permita construir novas realidades socioecon\u00f4micas, pol\u00edticas e culturais e nos conduza na dire\u00e7\u00e3o de um mundo mais sustent\u00e1vel e justo, a partir de uma ruptura com as no\u00e7\u00f5es de desenvolvimento, pautadas na acumula\u00e7\u00e3o de bens e capital, e a impiedosa explora\u00e7\u00e3o dos recursos naturais.<\/p>\n<p>A entrada no evento \u00e9 gratuita e aberta a toda popula\u00e7\u00e3o. Outras informa\u00e7\u00f5es sobre o evento podem ser obtidas atrav\u00e9s do telefone (83) 3421 1475.<\/p>\n<p>&nbsp;<\/p>\n<p>Texto: Tatiany Escari\u00e3o<\/p>\n","protected":false},"excerpt":{"rendered":"<p>A Universidade Estadual da Para\u00edba (UEPB), atrav\u00e9s do Centro de Ci\u00eancias Exatas e Sociais Aplicadas (CCEA), em parceria com o Governo do Estado, F\u00f3rum Estadual de Economia Solid\u00e1ria e A\u00e7\u00e3o Social Diocesana de Patos, promove a Feira da Economia Solid\u00e1ria. O evento acontece no dia 13 de junho, das 8h \u00e0s 20h, no C\u00e2mpus Universit\u00e1rio <a class=\"leiamais\" href=\"https:\/\/centros.uepb.edu.br\/ccea\/2018\/06\/04\/feira-da-economia-solidaria-sera-realizada-no-campus-vii-da-universidade-estadual-da-paraiba\/\">Leia Mais&#8230;<\/a><\/p>\n","protected":false},"author":33,"featured_media":0,"comment_status":"closed","ping_status":"closed","sticky":false,"template":"","format":"standard","meta":{"jetpack_post_was_ever_published":false,"_jetpack_newsletter_access":"","_jetpack_dont_email_post_to_subs":false,"_jetpack_newsletter_tier_id":0,"_jetpack_memberships_contains_paywalled_content":false,"_jetpack_memberships_contains_paid_content":false,"footnotes":"","jetpack_publicize_message":"","jetpack_publicize_feature_enabled":true,"jetpack_social_post_already_shared":true,"jetpack_social_options":{"image_generator_settings":{"template":"highway","default_image_id":0,"font":"","enabled":false},"version":2}},"categories":[8,3],"tags":[],"class_list":["post-1067","post","type-post","status-publish","format-standard","hentry","category-ccea","category-noticias"],"jetpack_publicize_connections":[],"jetpack_featured_media_url":"","jetpack_sharing_enabled":true,"jetpack_shortlink":"https:\/\/wp.me\/p7WTGX-hd","jetpack_likes_enabled":true,"jetpack-related-posts":[{"id":1205,"url":"https:\/\/centros.uepb.edu.br\/ccea\/2018\/11\/22\/centro-de-ciencias-exatas-e-sociais-aplicadas-da-uepb-promove-2a-feira-da-economia-solidaria-em-patos\/","url_meta":{"origin":1067,"position":0},"title":"Centro de Ci\u00eancias Exatas e Sociais Aplicadas da UEPB promove 2\u00aa Feira da Economia Solid\u00e1ria em Patos","author":"tatiana","date":"22 de novembro de 2018","format":false,"excerpt":"\u201cCultura popular\u201d, \u201cconsumismo sustent\u00e1vel\u201d e \u201cdiversidade de produtos\u201d. Como parte do projeto Univer-Cidade, concebido atrav\u00e9s do Mestrado em Desenvolvimento Regional da Universidade Estadual da Para\u00edba (UEPB), ser\u00e1 realizada, no pr\u00f3ximo dia 28 de novembro, a 2\u00aa Feira da Economia Solid\u00e1ria do Centro de Ci\u00eancias Exatas e Sociais Aplicadas (CCEA), C\u00e2mpus\u2026","rel":"","context":"Em &quot;CCEA&quot;","block_context":{"text":"CCEA","link":"https:\/\/centros.uepb.edu.br\/ccea\/category\/ccea\/"},"img":{"alt_text":"","src":"https:\/\/i0.wp.com\/www.uepb.edu.br\/wp-content\/uploads\/2018\/11\/CCEA-Feira.jpg?resize=350%2C200","width":350,"height":200},"classes":[]},{"id":1264,"url":"https:\/\/centros.uepb.edu.br\/ccea\/2019\/05\/24\/centro-de-ciencias-exatas-e-sociais-aplicadas-promove-mais-uma-edicao-feira-da-economia-solidaria\/","url_meta":{"origin":1067,"position":1},"title":"Centro de Ci\u00eancias Exatas e Sociais Aplicadas promove mais uma edi\u00e7\u00e3o Feira da Economia Solid\u00e1ria","author":"tatiana","date":"24 de maio de 2019","format":false,"excerpt":"Cultura popular, consumo sustent\u00e1vel e diversidade de produtos. Com o tema \u201cCompartilhando as trilhas do bem viver\u201d, ser\u00e1 realizada, no pr\u00f3ximo dia 5 de junho, mais uma edi\u00e7\u00e3o da Feira da Economia Solid\u00e1ria, promovida pelo Centro de Ci\u00eancias Exatas e Sociais Aplicadas (CCEA) da Universidade Estadual da Para\u00edba (UEPB), C\u00e2mpus\u2026","rel":"","context":"Em &quot;CCEA&quot;","block_context":{"text":"CCEA","link":"https:\/\/centros.uepb.edu.br\/ccea\/category\/ccea\/"},"img":{"alt_text":"","src":"","width":0,"height":0},"classes":[]},{"id":954,"url":"https:\/\/centros.uepb.edu.br\/ccea\/2018\/04\/03\/debate-sobre-economia-solidaria-e-realizado-no-campus-vii-da-universidade-estadual-da-paraiba\/","url_meta":{"origin":1067,"position":2},"title":"Debate sobre Economia solid\u00e1ria \u00e9 realizado no C\u00e2mpus VII da Universidade Estadual da Para\u00edba","author":"tatiany","date":"3 de abril de 2018","format":false,"excerpt":"O Centro de Ci\u00eancias Exatas e Sociais Aplicadas (CCEA), da Universidade Estadual da Para\u00edba (UEPB), atrav\u00e9s do curso de bacharelado em Administra\u00e7\u00e3o, realizou ontem (02), o debate sobre Economia Solid\u00e1ria. A atividade foi realizada no audit\u00f3rio Celso Furtado, no C\u00e2mpus VII da UEPB, em Patos e faz parte das pr\u00e1ticas\u2026","rel":"","context":"Em &quot;CCEA&quot;","block_context":{"text":"CCEA","link":"https:\/\/centros.uepb.edu.br\/ccea\/category\/ccea\/"},"img":{"alt_text":"","src":"","width":0,"height":0},"classes":[]},{"id":1312,"url":"https:\/\/centros.uepb.edu.br\/ccea\/2019\/10\/22\/campus-vii-da-universidade-estadual-da-paraiba-em-patos-realiza-1a-semana-de-administracao\/","url_meta":{"origin":1067,"position":3},"title":"C\u00e2mpus VII da Universidade Estadual da Para\u00edba, em Patos, realiza 1\u00aa Semana de Administra\u00e7\u00e3o","author":"tatiana","date":"22 de outubro de 2019","format":false,"excerpt":"Entre os dias 15 e 18 de outubro, a Coordena\u00e7\u00e3o do Curso de Administra\u00e7\u00e3o do C\u00e2mpus VII da Universidade Estadual da Para\u00edba (UEPB) e professores realizaram a primeira edi\u00e7\u00e3o da Semana de Administra\u00e7\u00e3o (SEMAD). O evento, sediado no Centro de Ci\u00eancias Exatas e Sociais Aplicadas (CCEA), abordou os desafios das\u2026","rel":"","context":"Em &quot;CCEA&quot;","block_context":{"text":"CCEA","link":"https:\/\/centros.uepb.edu.br\/ccea\/category\/ccea\/"},"img":{"alt_text":"","src":"","width":0,"height":0},"classes":[]},{"id":1186,"url":"https:\/\/centros.uepb.edu.br\/ccea\/2018\/09\/20\/universidade-estadual-da-paraiba-lamenta-falecimento-de-professora-de-matematica-do-campus-de-patos\/","url_meta":{"origin":1067,"position":4},"title":"Universidade Estadual da Para\u00edba lamenta falecimento de professora de Matem\u00e1tica do C\u00e2mpus de Patos","author":"tatiana","date":"20 de setembro de 2018","format":false,"excerpt":"A Administra\u00e7\u00e3o Central da Universidade Estadual da Para\u00edba (UEPB), em nome de toda a comunidade acad\u00eamica, e a dire\u00e7\u00e3o do Centro de Ci\u00eancias Exatas e Sociais Aplicadas (CCEA) lamentam, com profundo pesar, o falecimento da professora Tatiana Rocha de Souza, do curso de Licenciatura em Matem\u00e1tica do C\u00e2mpus de Patos,\u2026","rel":"","context":"Em &quot;CCEA&quot;","block_context":{"text":"CCEA","link":"https:\/\/centros.uepb.edu.br\/ccea\/category\/ccea\/"},"img":{"alt_text":"","src":"https:\/\/i0.wp.com\/www.uepb.edu.br\/wp-content\/uploads\/2018\/09\/Tatiana-Rocha.jpg?resize=350%2C200","width":350,"height":200},"classes":[]},{"id":1520,"url":"https:\/\/centros.uepb.edu.br\/ccea\/2019\/10\/22\/campus-vii-da-universidade-estadual-da-paraiba-em-patos-realiza-1a-semana-de-administracao-2\/","url_meta":{"origin":1067,"position":5},"title":"C\u00e2mpus VII da Universidade Estadual da Para\u00edba, em Patos, realiza 1\u00aa Semana de Administra\u00e7\u00e3o","author":"tatiana","date":"22 de outubro de 2019","format":false,"excerpt":"Entre os dias 15 e 18 de outubro, a Coordena\u00e7\u00e3o do Curso de Administra\u00e7\u00e3o do C\u00e2mpus VII da Universidade Estadual da Para\u00edba (UEPB) e professores realizaram a primeira edi\u00e7\u00e3o da Semana de Administra\u00e7\u00e3o (SEMAD). O evento, sediado no Centro de Ci\u00eancias Exatas e Sociais Aplicadas (CCEA), abordou os desafios das\u2026","rel":"","context":"Em &quot;CCEA&quot;","block_context":{"text":"CCEA","link":"https:\/\/centros.uepb.edu.br\/ccea\/category\/ccea\/"},"img":{"alt_text":"","src":"https:\/\/i0.wp.com\/www.interno.uepb.edu.br\/wp-content\/uploads\/2019\/10\/Patos-2.jpg?resize=350%2C200&ssl=1","width":350,"height":200,"srcset":"https:\/\/i0.wp.com\/www.interno.uepb.edu.br\/wp-content\/uploads\/2019\/10\/Patos-2.jpg?resize=350%2C200&ssl=1 1x, https:\/\/i0.wp.com\/www.interno.uepb.edu.br\/wp-content\/uploads\/2019\/10\/Patos-2.jpg?resize=525%2C300&ssl=1 1.5x, https:\/\/i0.wp.com\/www.interno.uepb.edu.br\/wp-content\/uploads\/2019\/10\/Patos-2.jpg?resize=700%2C400&ssl=1 2x"},"classes":[]}],"_links":{"self":[{"href":"https:\/\/centros.uepb.edu.br\/ccea\/wp-json\/wp\/v2\/posts\/1067","targetHints":{"allow":["GET"]}}],"collection":[{"href":"https:\/\/centros.uepb.edu.br\/ccea\/wp-json\/wp\/v2\/posts"}],"about":[{"href":"https:\/\/centros.uepb.edu.br\/ccea\/wp-json\/wp\/v2\/types\/post"}],"author":[{"embeddable":true,"href":"https:\/\/centros.uepb.edu.br\/ccea\/wp-json\/wp\/v2\/users\/33"}],"replies":[{"embeddable":true,"href":"https:\/\/centros.uepb.edu.br\/ccea\/wp-json\/wp\/v2\/comments?post=1067"}],"version-history":[{"count":0,"href":"https:\/\/centros.uepb.edu.br\/ccea\/wp-json\/wp\/v2\/posts\/1067\/revisions"}],"wp:attachment":[{"href":"https:\/\/centros.uepb.edu.br\/ccea\/wp-json\/wp\/v2\/media?parent=1067"}],"wp:term":[{"taxonomy":"category","embeddable":true,"href":"https:\/\/centros.uepb.edu.br\/ccea\/wp-json\/wp\/v2\/categories?post=1067"},{"taxonomy":"post_tag","embeddable":true,"href":"https:\/\/centros.uepb.edu.br\/ccea\/wp-json\/wp\/v2\/tags?post=1067"}],"curies":[{"name":"wp","href":"https:\/\/api.w.org\/{rel}","templated":true}]}}