{"id":1057,"date":"2018-05-17T15:39:17","date_gmt":"2018-05-17T15:39:17","guid":{"rendered":"https:\/\/centros.uepb.edu.br\/ccea\/?p=1057"},"modified":"2018-05-23T15:28:49","modified_gmt":"2018-05-23T15:28:49","slug":"palestra-promovida-pelo-ccea-debatera-desafios-e-perspectivas-da-gestao-publica-na-atual-conjuntura-do-pais","status":"publish","type":"post","link":"https:\/\/centros.uepb.edu.br\/ccea\/2018\/05\/17\/palestra-promovida-pelo-ccea-debatera-desafios-e-perspectivas-da-gestao-publica-na-atual-conjuntura-do-pais\/","title":{"rendered":"Palestra promovida pelo CCEA debater\u00e1 desafios e perspectivas da gest\u00e3o p\u00fablica na atual conjuntura do pa\u00eds"},"content":{"rendered":"<p>O Centro de Ci\u00eancias Exatas e Sociais Aplicadas (CCEA), da Universidade Estadual da Para\u00edba (UEPB), realizar\u00e1, na pr\u00f3xima segunda-feira (21), a palestra Desafios e Perspectivas da Gest\u00e3o P\u00fablica. O evento acontecer\u00e1 \u00e0s 19h, no Audit\u00f3rio Celso Furtado, C\u00e2mpus VII da Institui\u00e7\u00e3o, em Patos.<\/p>\n<p>A atividade tem como objetivo propiciar um espa\u00e7o para reflex\u00f5es e debates acerca da qualidade e efici\u00eancia da administra\u00e7\u00e3o p\u00fablica, evidenciando a funcionalidade estrat\u00e9gica das organiza\u00e7\u00f5es para o crescimento e desenvolvimento nas esferas social, econ\u00f4mica e pol\u00edtica, bem como os desafios enfrentados no \u00e2mbito p\u00fablico na atual conjuntura brasileira.<\/p>\n<p>Para contribuir com as discuss\u00f5es, o evento contar\u00e1 com a participa\u00e7\u00e3o de Antonio Guedes Rangel Junior, reitor da Universidade Estadual da Para\u00edba; Geraldo Medeiros Junior, diretor adjunto do Centro de Ci\u00eancias Sociais Aplicadas (CCSA); Cidoval Morais de Sousa, pr\u00f3-reitor adjunto da Pr\u00f3-Reitoria de P\u00f3s-Gradua\u00e7\u00e3o e Pesquisa (PRPGP); Bruno Cavalcante Vasconcelos, Gerente do Banco do Nordeste do Brasil (BNB); al\u00e9m dos debatedores Odilon Avelino da Cunha, diretor adjunto do Centro de Ci\u00eancias Exatas e Sociais Aplicadas (CCEA) e Felipe C\u00e9sar da Silva Brito, economista e professor da Universidade Estadual.<\/p>\n<p>O evento \u00e9 gratuito e aberto a estudantes, professores e a todos os interessados na tem\u00e1tica. N\u00e3o \u00e9 necess\u00e1ria inscri\u00e7\u00e3o pr\u00e9via. Os participantes ter\u00e3o direito a declara\u00e7\u00e3o de carga hor\u00e1ria de 03 horas.<\/p>\n<p>&nbsp;<\/p>\n<p>Texto: Tatiany Escari\u00e3o<\/p>\n","protected":false},"excerpt":{"rendered":"<p>O Centro de Ci\u00eancias Exatas e Sociais Aplicadas (CCEA), da Universidade Estadual da Para\u00edba (UEPB), realizar\u00e1, na pr\u00f3xima segunda-feira (21), a palestra Desafios e Perspectivas da Gest\u00e3o P\u00fablica. O evento acontecer\u00e1 \u00e0s 19h, no Audit\u00f3rio Celso Furtado, C\u00e2mpus VII da Institui\u00e7\u00e3o, em Patos. A atividade tem como objetivo propiciar um espa\u00e7o para reflex\u00f5es e debates <a class=\"leiamais\" href=\"https:\/\/centros.uepb.edu.br\/ccea\/2018\/05\/17\/palestra-promovida-pelo-ccea-debatera-desafios-e-perspectivas-da-gestao-publica-na-atual-conjuntura-do-pais\/\">Leia Mais&#8230;<\/a><\/p>\n","protected":false},"author":33,"featured_media":0,"comment_status":"closed","ping_status":"closed","sticky":false,"template":"","format":"standard","meta":{"jetpack_post_was_ever_published":false,"_jetpack_newsletter_access":"","_jetpack_dont_email_post_to_subs":false,"_jetpack_newsletter_tier_id":0,"_jetpack_memberships_contains_paywalled_content":false,"_jetpack_memberships_contains_paid_content":false,"footnotes":"","jetpack_publicize_message":"","jetpack_publicize_feature_enabled":true,"jetpack_social_post_already_shared":true,"jetpack_social_options":{"image_generator_settings":{"template":"highway","default_image_id":0,"font":"","enabled":false},"version":2}},"categories":[8,3],"tags":[],"class_list":["post-1057","post","type-post","status-publish","format-standard","hentry","category-ccea","category-noticias"],"jetpack_publicize_connections":[],"jetpack_featured_media_url":"","jetpack_sharing_enabled":true,"jetpack_shortlink":"https:\/\/wp.me\/p7WTGX-h3","jetpack_likes_enabled":true,"jetpack-related-posts":[{"id":1123,"url":"https:\/\/centros.uepb.edu.br\/ccea\/2018\/05\/18\/palestra-promovida-pelo-ccea-debatera-desafios-e-perspectivas-da-gestao-publica-na-atual-conjuntura-nacional\/","url_meta":{"origin":1057,"position":0},"title":"Palestra promovida pelo CCEA debater\u00e1 desafios e perspectivas da gest\u00e3o p\u00fablica na atual conjuntura nacional","author":"M\u00e1rcia Dias","date":"18 de maio de 2018","format":false,"excerpt":"O Centro de Ci\u00eancias Exatas e Sociais Aplicadas (CCEA) da Universidade Estadual da Para\u00edba (UEPB) realiza, na pr\u00f3xima segunda-feira (21), a palestra \u201cDesafios e Perspectivas da Gest\u00e3o P\u00fablica\u201d. O evento acontecer\u00e1 \u00e0s 19h, no Audit\u00f3rio Celso Furtado, C\u00e2mpus VII da Institui\u00e7\u00e3o, em Patos. A atividade tem como objetivo propiciar um\u2026","rel":"","context":"Em &quot;CCEA&quot;","block_context":{"text":"CCEA","link":"https:\/\/centros.uepb.edu.br\/ccea\/category\/ccea\/"},"img":{"alt_text":"","src":"","width":0,"height":0},"classes":[]},{"id":742,"url":"https:\/\/centros.uepb.edu.br\/ccea\/2017\/12\/21\/seminario-no-campus-vii-da-uepb-discute-formacao-para-promocao-da-saude-no-contexto-das-arboviroses\/","url_meta":{"origin":1057,"position":1},"title":"Semin\u00e1rio no C\u00e3mpus VII da UEPB discute forma\u00e7\u00e3o para promo\u00e7\u00e3o da sa\u00fade no contexto das arboviroses","author":"tatiana","date":"21 de dezembro de 2017","format":false,"excerpt":"A Universidade Estadual da Para\u00edba (UEPB), por meio do Centro de Ci\u00eancias Exatas e Sociais Aplicadas (CCEA), em parceria com a Secretaria de Sa\u00fade do Estado e 6\u00aa Ger\u00eancia Regional de Sa\u00fade, e apoio da Funda\u00e7\u00e3o Oswaldo Cruz (Fiocruz), Minist\u00e9rio da Sa\u00fade, Conselho Nacional de Desenvolvimento Cient\u00edfico e Tecnol\u00f3gico (CNPq),\u2026","rel":"","context":"Em &quot;CCEA&quot;","block_context":{"text":"CCEA","link":"https:\/\/centros.uepb.edu.br\/ccea\/category\/ccea\/"},"img":{"alt_text":"","src":"","width":0,"height":0},"classes":[]},{"id":538,"url":"https:\/\/centros.uepb.edu.br\/ccea\/2017\/09\/20\/dia-do-administrador-e-celebrado-no-ccea-com-serie-de-palestras-sobre-a-valorizacao-profissional-2\/","url_meta":{"origin":1057,"position":2},"title":"Dia do Administrador \u00e9 celebrado no CCEA com s\u00e9rie de palestras sobre a valoriza\u00e7\u00e3o profissional","author":"tatiana","date":"20 de setembro de 2017","format":false,"excerpt":"Em comemora\u00e7\u00e3o ao Dia do Administrador, celebrado no Brasil em 9 de setembro, a Universidade Estadual da Para\u00edba (UEPB), atrav\u00e9s do curso de Administra\u00e7\u00e3o do Centro de Ci\u00eancias Exatas e Sociais Aplicadas (CCEA), com apoio do Conselho Regional e Conselho Federal de Administra\u00e7\u00e3o, realizou nesta segunda-feira (18), no audit\u00f3rio Celso\u2026","rel":"","context":"Em &quot;CCEA&quot;","block_context":{"text":"CCEA","link":"https:\/\/centros.uepb.edu.br\/ccea\/category\/ccea\/"},"img":{"alt_text":"","src":"","width":0,"height":0},"classes":[]},{"id":733,"url":"https:\/\/centros.uepb.edu.br\/ccea\/2017\/12\/11\/2o-seminario-pedagogico-das-licenciaturas-do-ccea-discute-ciencia-e-formacao-do-professor-na-atualidade\/","url_meta":{"origin":1057,"position":3},"title":"2\u00ba Semin\u00e1rio Pedag\u00f3gico das Licenciaturas do CCEA discute ci\u00eancia e forma\u00e7\u00e3o do professor na atualidade","author":"tatiana","date":"11 de dezembro de 2017","format":false,"excerpt":"A Universidade Estadual da Para\u00edba (UEPB), atrav\u00e9s do Centro de Ci\u00eancias Exatas e Sociais Aplicadas (CCEA), em parceria com a Editora da Institui\u00e7\u00e3o (EDUEPB), realizou a segunda edi\u00e7\u00e3o do Semin\u00e1rio Pedag\u00f3gico das Licenciaturas (SEMPEL). O evento aconteceu nos dias 6 e 7 de dezembro, no Audit\u00f3rio Celso Furtado, no C\u00e2mpus\u2026","rel":"","context":"Em &quot;CCEA&quot;","block_context":{"text":"CCEA","link":"https:\/\/centros.uepb.edu.br\/ccea\/category\/ccea\/"},"img":{"alt_text":"","src":"","width":0,"height":0},"classes":[]},{"id":704,"url":"https:\/\/centros.uepb.edu.br\/ccea\/2017\/11\/16\/2o-seminario-pedagogico-das-licenciaturas-debatera-a-ciencia-e-a-formacao-do-professor-contemporaneo\/","url_meta":{"origin":1057,"position":4},"title":"2\u00ba Semin\u00e1rio Pedag\u00f3gico das Licenciaturas debater\u00e1 a Ci\u00eancia e a forma\u00e7\u00e3o do professor contempor\u00e2neo","author":"tatiana","date":"16 de novembro de 2017","format":false,"excerpt":"A Universidade Estadual da Para\u00edba (UEPB), atrav\u00e9s do Centro de Ci\u00eancias Exatas e Sociais Aplicadas (CCEA), em parceria com a Editora da Institui\u00e7\u00e3o (EDUEPB), promove a 2\u00aa Edi\u00e7\u00e3o do Semin\u00e1rio Pedag\u00f3gico das Licenciaturas (SEMPEL). O evento acontece entre os dias 5 e 7 de dezembro, no Audit\u00f3rio Celso Furtado, no\u2026","rel":"","context":"Em &quot;CCEA&quot;","block_context":{"text":"CCEA","link":"https:\/\/centros.uepb.edu.br\/ccea\/category\/ccea\/"},"img":{"alt_text":"","src":"https:\/\/i0.wp.com\/www.uepb.edu.br\/wp-content\/uploads\/2017\/11\/SEMPEL-FOTO.jpg?resize=350%2C200","width":350,"height":200},"classes":[]},{"id":705,"url":"https:\/\/centros.uepb.edu.br\/ccea\/2017\/11\/16\/2o-seminario-pedagogico-das-licenciaturas-debatera-a-ciencia-e-a-formacao-do-professor-contemporaneo-2\/","url_meta":{"origin":1057,"position":5},"title":"2\u00ba Semin\u00e1rio Pedag\u00f3gico das Licenciaturas debater\u00e1 a Ci\u00eancia e a forma\u00e7\u00e3o do professor contempor\u00e2neo","author":"tatiana","date":"16 de novembro de 2017","format":false,"excerpt":"A Universidade Estadual da Para\u00edba (UEPB), atrav\u00e9s do Centro de Ci\u00eancias Exatas e Sociais Aplicadas (CCEA), em parceria com a Editora da Institui\u00e7\u00e3o (EDUEPB), promove a 2\u00aa Edi\u00e7\u00e3o do Semin\u00e1rio Pedag\u00f3gico das Licenciaturas (SEMPEL). O evento acontece entre os dias 5 e 7 de dezembro, no Audit\u00f3rio Celso Furtado, no\u2026","rel":"","context":"Em &quot;CCEA&quot;","block_context":{"text":"CCEA","link":"https:\/\/centros.uepb.edu.br\/ccea\/category\/ccea\/"},"img":{"alt_text":"","src":"https:\/\/i0.wp.com\/www.uepb.edu.br\/wp-content\/uploads\/2017\/11\/SEMPEL-FOTO.jpg?resize=350%2C200","width":350,"height":200},"classes":[]}],"_links":{"self":[{"href":"https:\/\/centros.uepb.edu.br\/ccea\/wp-json\/wp\/v2\/posts\/1057","targetHints":{"allow":["GET"]}}],"collection":[{"href":"https:\/\/centros.uepb.edu.br\/ccea\/wp-json\/wp\/v2\/posts"}],"about":[{"href":"https:\/\/centros.uepb.edu.br\/ccea\/wp-json\/wp\/v2\/types\/post"}],"author":[{"embeddable":true,"href":"https:\/\/centros.uepb.edu.br\/ccea\/wp-json\/wp\/v2\/users\/33"}],"replies":[{"embeddable":true,"href":"https:\/\/centros.uepb.edu.br\/ccea\/wp-json\/wp\/v2\/comments?post=1057"}],"version-history":[{"count":0,"href":"https:\/\/centros.uepb.edu.br\/ccea\/wp-json\/wp\/v2\/posts\/1057\/revisions"}],"wp:attachment":[{"href":"https:\/\/centros.uepb.edu.br\/ccea\/wp-json\/wp\/v2\/media?parent=1057"}],"wp:term":[{"taxonomy":"category","embeddable":true,"href":"https:\/\/centros.uepb.edu.br\/ccea\/wp-json\/wp\/v2\/categories?post=1057"},{"taxonomy":"post_tag","embeddable":true,"href":"https:\/\/centros.uepb.edu.br\/ccea\/wp-json\/wp\/v2\/tags?post=1057"}],"curies":[{"name":"wp","href":"https:\/\/api.w.org\/{rel}","templated":true}]}}