{"id":1055,"date":"2018-05-16T11:22:17","date_gmt":"2018-05-16T11:22:17","guid":{"rendered":"https:\/\/centros.uepb.edu.br\/ccea\/?p=1055"},"modified":"2018-05-16T11:22:17","modified_gmt":"2018-05-16T11:22:17","slug":"pro-reitoria-estudantil-da-uepb-realiza-1o-seminario-de-saude-cultura-e-relacoes-sociais-no-campus-vii","status":"publish","type":"post","link":"https:\/\/centros.uepb.edu.br\/ccea\/2018\/05\/16\/pro-reitoria-estudantil-da-uepb-realiza-1o-seminario-de-saude-cultura-e-relacoes-sociais-no-campus-vii\/","title":{"rendered":"Pr\u00f3-Reitoria Estudantil da UEPB realiza 1\u00ba Semin\u00e1rio de Sa\u00fade, Cultura e Rela\u00e7\u00f5es Sociais no C\u00e2mpus VII"},"content":{"rendered":"<p>A Pr\u00f3-Reitoria Estudantil (PROEST) da Universidade Estadual da Para\u00edba (UEPB), com apoio das Faculdades Integradas de Patos (FIP), realizar\u00e1 na pr\u00f3xima segunda-feira (21), o 1\u00ba Semin\u00e1rio de Sa\u00fade, Cultura e Rela\u00e7\u00f5es Sociais. O evento acontecer\u00e1 \u00e0s 9h, no Audit\u00f3rio Celso Furtado, no Centro de Ci\u00eancias Exatas e sociais Aplicadas (CCEA), C\u00e2mpus VII da UEPB, em Patos.<\/p>\n<p>O evento tem como objetivo discutir os aspectos psicossociais e culturais presentes no contexto da sa\u00fade dos estudantes, bem como sensibilizar a sociedade para os aspectos multicausais da perda do sentido de vida, redimensionando a valoriza\u00e7\u00e3o da vida no contexto da p\u00f3s-modernidade. Al\u00e9m disso, objetiva-se ainda sensibilizar os docentes, a comunidade acad\u00eamica e os demais membros da sociedade civil para identificar e redirecionar, de forma eficaz e preventiva, as demandas de ordem psicol\u00f3gica e social que propiciam o sofrimento ps\u00edquico.<\/p>\n<p>Pretende-se tamb\u00e9m proporcionar reflex\u00f5es sobre o cuidado, sinais e sintomas das doen\u00e7as psicossom\u00e1ticas, transtornos mentais, abordando quest\u00f5es te\u00f3ricas e pr\u00e1ticas, e, principalmente, divulgar os meios e as redes de apoio de servi\u00e7o \u00e0 Sa\u00fade Mental dos referidos munic\u00edpios.<\/p>\n<p>O evento \u00e9 gratuito e aberto a toda comunidade acad\u00eamica do C\u00e2mpus e profissionais da Sa\u00fade e Rede de Aten\u00e7\u00e3o Psicossocial. Os interessados devem preencher a <a href=\"https:\/\/drive.google.com\/file\/d\/0Bx92alhNc7yZR2R5WDVCeU9rWkFsN0M2WXdNU2cyLVoxMTkw\/view?usp=sharing\">ficha de inscri\u00e7\u00e3o<\/a> e enviar para <a href=\"mailto:seminariosaudecultura2018@gmail.com\">seminariosaudecultura2018@gmail.com<\/a>. Mais informa\u00e7\u00f5es podem ser obtidas atrav\u00e9s do telefone (83) 3315-3415.<\/p>\n","protected":false},"excerpt":{"rendered":"<p>A Pr\u00f3-Reitoria Estudantil (PROEST) da Universidade Estadual da Para\u00edba (UEPB), com apoio das Faculdades Integradas de Patos (FIP), realizar\u00e1 na pr\u00f3xima segunda-feira (21), o 1\u00ba Semin\u00e1rio de Sa\u00fade, Cultura e Rela\u00e7\u00f5es Sociais. O evento acontecer\u00e1 \u00e0s 9h, no Audit\u00f3rio Celso Furtado, no Centro de Ci\u00eancias Exatas e sociais Aplicadas (CCEA), C\u00e2mpus VII da UEPB, em <a class=\"leiamais\" href=\"https:\/\/centros.uepb.edu.br\/ccea\/2018\/05\/16\/pro-reitoria-estudantil-da-uepb-realiza-1o-seminario-de-saude-cultura-e-relacoes-sociais-no-campus-vii\/\">Leia Mais&#8230;<\/a><\/p>\n","protected":false},"author":33,"featured_media":0,"comment_status":"closed","ping_status":"closed","sticky":false,"template":"","format":"standard","meta":{"jetpack_post_was_ever_published":false,"_jetpack_newsletter_access":"","_jetpack_dont_email_post_to_subs":false,"_jetpack_newsletter_tier_id":0,"_jetpack_memberships_contains_paywalled_content":false,"_jetpack_memberships_contains_paid_content":false,"footnotes":"","jetpack_publicize_message":"","jetpack_publicize_feature_enabled":true,"jetpack_social_post_already_shared":true,"jetpack_social_options":{"image_generator_settings":{"template":"highway","default_image_id":0,"font":"","enabled":false},"version":2}},"categories":[8,3],"tags":[],"class_list":["post-1055","post","type-post","status-publish","format-standard","hentry","category-ccea","category-noticias"],"jetpack_publicize_connections":[],"jetpack_featured_media_url":"","jetpack_sharing_enabled":true,"jetpack_shortlink":"https:\/\/wp.me\/p7WTGX-h1","jetpack_likes_enabled":true,"jetpack-related-posts":[{"id":702,"url":"https:\/\/centros.uepb.edu.br\/ccea\/2017\/11\/14\/servico-de-aconselhamento-psicologico-e-oferecido-a-comunidade-academica-do-campus-vii\/","url_meta":{"origin":1055,"position":0},"title":"Servi\u00e7o de aconselhamento psicol\u00f3gico \u00e9 oferecido \u00e0 comunidade acad\u00eamica do C\u00e2mpus VII","author":"tatiana","date":"14 de novembro de 2017","format":false,"excerpt":"A Universidade Estadual da Para\u00edba (UEPB), atrav\u00e9s da Pr\u00f3-Reitoria Estudantil (PROEST), em parceria com as Faculdades Integradas de Patos (FIP), por meio do curso de Psicologia da Institui\u00e7\u00e3o, est\u00e1 oferecendo aos alunos, professores e funcion\u00e1rios do Centro de Ci\u00eancias Exatas e Sociais Aplicadas (CCEA), em Patos, uma rede local de\u2026","rel":"","context":"Em &quot;CCEA&quot;","block_context":{"text":"CCEA","link":"https:\/\/centros.uepb.edu.br\/ccea\/category\/ccea\/"},"img":{"alt_text":"","src":"","width":0,"height":0},"classes":[]},{"id":983,"url":"https:\/\/centros.uepb.edu.br\/ccea\/2018\/04\/10\/atividades-esportivas-promovidas-pela-coel-movimentam-campus-da-universidade-estadual-da-paraiba\/","url_meta":{"origin":1055,"position":1},"title":"Atividades esportivas promovidas pela Coel movimentam c\u00e2mpus da Universidade Estadual da Para\u00edba","author":"tatiana","date":"10 de abril de 2018","format":false,"excerpt":"Dentro da proposta de descentralizar as atividades esportivas na Universidade Estadual da Para\u00edba (UEPB), a Pr\u00f3-Reitoria Estudantil (PROEST), atrav\u00e9s da Coordenadoria de Esportes e Lazer (COEL), est\u00e1 apoiando uma s\u00e9rie de atividades programadas para esse m\u00eas de abril em tr\u00eas c\u00e2mpus da Institui\u00e7\u00e3o. Inicialmente, a COEL incentivou a realiza\u00e7\u00e3o a\u2026","rel":"","context":"Em &quot;CCEA&quot;","block_context":{"text":"CCEA","link":"https:\/\/centros.uepb.edu.br\/ccea\/category\/ccea\/"},"img":{"alt_text":"","src":"","width":0,"height":0},"classes":[]},{"id":742,"url":"https:\/\/centros.uepb.edu.br\/ccea\/2017\/12\/21\/seminario-no-campus-vii-da-uepb-discute-formacao-para-promocao-da-saude-no-contexto-das-arboviroses\/","url_meta":{"origin":1055,"position":2},"title":"Semin\u00e1rio no C\u00e3mpus VII da UEPB discute forma\u00e7\u00e3o para promo\u00e7\u00e3o da sa\u00fade no contexto das arboviroses","author":"tatiana","date":"21 de dezembro de 2017","format":false,"excerpt":"A Universidade Estadual da Para\u00edba (UEPB), por meio do Centro de Ci\u00eancias Exatas e Sociais Aplicadas (CCEA), em parceria com a Secretaria de Sa\u00fade do Estado e 6\u00aa Ger\u00eancia Regional de Sa\u00fade, e apoio da Funda\u00e7\u00e3o Oswaldo Cruz (Fiocruz), Minist\u00e9rio da Sa\u00fade, Conselho Nacional de Desenvolvimento Cient\u00edfico e Tecnol\u00f3gico (CNPq),\u2026","rel":"","context":"Em &quot;CCEA&quot;","block_context":{"text":"CCEA","link":"https:\/\/centros.uepb.edu.br\/ccea\/category\/ccea\/"},"img":{"alt_text":"","src":"","width":0,"height":0},"classes":[]},{"id":794,"url":"https:\/\/centros.uepb.edu.br\/ccea\/2018\/02\/07\/caravana-cori-visita-o-campus-vii-e-apresenta-a-comunidade-academica-projetos-de-internacionalizacao-da-uepb\/","url_meta":{"origin":1055,"position":3},"title":"Caravana CoRI visita o C\u00e2mpus VII e apresenta projetos de internacionaliza\u00e7\u00e3o da UEPB","author":"tatiany","date":"7 de fevereiro de 2018","format":false,"excerpt":"Buscando difundir de forma objetiva as a\u00e7\u00f5es e projetos relacionados \u00e0 pol\u00edtica internacional desenvolvida pela Universidade Estadual da Para\u00edba (UEPB), a Coordenadoria de Rela\u00e7\u00f5es Internacionais (CoRI), atrav\u00e9s do N\u00facleo de L\u00ednguas e em parceria com a Pr\u00f3-Reitoria Estudantil (PROEST) da Universidade Estadual da Para\u00edba (UEPB), traz ao C\u00e2mpus VII, a\u2026","rel":"","context":"Em &quot;CCEA&quot;","block_context":{"text":"CCEA","link":"https:\/\/centros.uepb.edu.br\/ccea\/category\/ccea\/"},"img":{"alt_text":"","src":"","width":0,"height":0},"classes":[]},{"id":1720,"url":"https:\/\/centros.uepb.edu.br\/ccea\/2022\/05\/17\/prograd-divulga-resultado-da-selecao-de-estudantes-para-o-curso-de-bacharelado-em-administracao\/","url_meta":{"origin":1055,"position":4},"title":"PROGRAD divulga resultado da sele\u00e7\u00e3o de estudantes para o curso de Bacharelado em Administra\u00e7\u00e3o","author":"Givaldo","date":"17 de maio de 2022","format":false,"excerpt":"A Pr\u00f3-Reitoria de Gradua\u00e7\u00e3o (PROGRAD) da Universidade Estadual da Para\u00edba (UEPB) divulgou o resultado da sele\u00e7\u00e3o para estudantes do curso de Bacharelado em Administra\u00e7\u00e3o do Centro de Ci\u00eancias Exatas e Sociais Aplicadas (CCEA), C\u00e2mpus VII, localizado na cidade de Patos. Os candidatos convocados para a matr\u00edcula ter\u00e3o sua matr\u00edcula realizada\u2026","rel":"","context":"Em &quot;CCEA&quot;","block_context":{"text":"CCEA","link":"https:\/\/centros.uepb.edu.br\/ccea\/category\/ccea\/"},"img":{"alt_text":"","src":"","width":0,"height":0},"classes":[]},{"id":345,"url":"https:\/\/centros.uepb.edu.br\/ccea\/2016\/08\/29\/centro-de-ciencias-exatas-e-sociais-aplicadas-da-uepb-promove-sarau-pedagogico-no-campus-de-patos\/","url_meta":{"origin":1055,"position":5},"title":"Centro de Ci\u00eancias Exatas e Sociais Aplicadas da UEPB promove Sarau Pedag\u00f3gico no C\u00e2mpus de Patos","author":"arnaud","date":"29 de agosto de 2016","format":false,"excerpt":"O C\u00e2mpus VII da Universidade Estadual da Para\u00edba (UEPB), localizado no munic\u00edpio de Patos, no Sert\u00e3o paraibano, promove no dia 5 de setembro, a partir das 18h30, um Sarau Pedag\u00f3gico, como parte das atividades da segunda edi\u00e7\u00e3o do Semin\u00e1rio Pedag\u00f3gico das Licenciaturas (SEMPEL). O evento ser\u00e1 realizado no Centro de\u2026","rel":"","context":"Em &quot;CCEA&quot;","block_context":{"text":"CCEA","link":"https:\/\/centros.uepb.edu.br\/ccea\/category\/ccea\/"},"img":{"alt_text":"Sarau Pedag\u00f3gico","src":"https:\/\/i0.wp.com\/www.uepb.edu.br\/wp-content\/uploads\/2016\/08\/Sarau-Pedag%C3%B3gico.jpg?resize=350%2C200","width":350,"height":200,"srcset":"https:\/\/i0.wp.com\/www.uepb.edu.br\/wp-content\/uploads\/2016\/08\/Sarau-Pedag%C3%B3gico.jpg?resize=350%2C200 1x, https:\/\/i0.wp.com\/www.uepb.edu.br\/wp-content\/uploads\/2016\/08\/Sarau-Pedag%C3%B3gico.jpg?resize=525%2C300 1.5x"},"classes":[]}],"_links":{"self":[{"href":"https:\/\/centros.uepb.edu.br\/ccea\/wp-json\/wp\/v2\/posts\/1055","targetHints":{"allow":["GET"]}}],"collection":[{"href":"https:\/\/centros.uepb.edu.br\/ccea\/wp-json\/wp\/v2\/posts"}],"about":[{"href":"https:\/\/centros.uepb.edu.br\/ccea\/wp-json\/wp\/v2\/types\/post"}],"author":[{"embeddable":true,"href":"https:\/\/centros.uepb.edu.br\/ccea\/wp-json\/wp\/v2\/users\/33"}],"replies":[{"embeddable":true,"href":"https:\/\/centros.uepb.edu.br\/ccea\/wp-json\/wp\/v2\/comments?post=1055"}],"version-history":[{"count":0,"href":"https:\/\/centros.uepb.edu.br\/ccea\/wp-json\/wp\/v2\/posts\/1055\/revisions"}],"wp:attachment":[{"href":"https:\/\/centros.uepb.edu.br\/ccea\/wp-json\/wp\/v2\/media?parent=1055"}],"wp:term":[{"taxonomy":"category","embeddable":true,"href":"https:\/\/centros.uepb.edu.br\/ccea\/wp-json\/wp\/v2\/categories?post=1055"},{"taxonomy":"post_tag","embeddable":true,"href":"https:\/\/centros.uepb.edu.br\/ccea\/wp-json\/wp\/v2\/tags?post=1055"}],"curies":[{"name":"wp","href":"https:\/\/api.w.org\/{rel}","templated":true}]}}