{"id":1052,"date":"2018-05-14T20:35:48","date_gmt":"2018-05-14T20:35:48","guid":{"rendered":"https:\/\/centros.uepb.edu.br\/ccea\/?p=1052"},"modified":"2018-05-15T17:05:46","modified_gmt":"2018-05-15T17:05:46","slug":"palestra-realizada-no-campus-vii-da-universidade-estadual-debatera-a-educacao-estetica-ambiental","status":"publish","type":"post","link":"https:\/\/centros.uepb.edu.br\/ccea\/2018\/05\/14\/palestra-realizada-no-campus-vii-da-universidade-estadual-debatera-a-educacao-estetica-ambiental\/","title":{"rendered":"Palestra realizada no C\u00e2mpus VII da Universidade Estadual debater\u00e1 est\u00e9tica ambiental"},"content":{"rendered":"<p>O Centro de Ci\u00eancias Exatas e Sociais Aplicadas, da Universidade Estadual da Para\u00edba, realizar\u00e1, na pr\u00f3xima quarta-feira (16), a palestra intitulada \u201cAprecia\u00e7\u00e3o da natureza e preserva\u00e7\u00e3o ambiental\u201d, ministrada por John Philip Medcraft. O evento acontecer\u00e1 \u00e0s 9h30, no audit\u00f3rio Celso Furtado, C\u00e2mpus VII da UEPB, em Patos.<\/p>\n<p>O evento faz parte das atividades do projeto de extens\u00e3o \u201cOlhares sobre o sert\u00e3o: discutindo est\u00e9tica ambiental\u201d, coordenado pelo Prof. Dr. Gustavo Cunha Bezerra, e tem como objetivo discutir com os docentes da Educa\u00e7\u00e3o B\u00e1sica da rede p\u00fablica de ensino, as no\u00e7\u00f5es e pensamentos acerca da Est\u00e9tica Ambiental que podem auxiliar nas suas pr\u00e1ticas de educa\u00e7\u00e3o ambiental. A ideia \u00e9 refletir sobre a valoriza\u00e7\u00e3o est\u00e9tica da natureza como mobilizadora da aquisi\u00e7\u00e3o de um compromisso \u00e9tico ambiental.<\/p>\n<p>O conferencista John Philip Medcraft \u00e9 propriet\u00e1rio e fundador da Reserva Ecol\u00f3gica Verdes Pastos, localizada no munic\u00edpio de S\u00e3o Mamede, e grande apreciador da caatinga. Na palestra, John falar\u00e1 sobre seu engajamento na luta pela preserva\u00e7\u00e3o dos ambientes naturais da caatinga, assim como sobre o gosto que nutre pela aprecia\u00e7\u00e3o desta peculiar paisagem do bioma brasileiro.<\/p>\n<p>O evento \u00e9 gratuito e aberto a toda sociedade. Mais informa\u00e7\u00f5es sobre o evento podem ser obtidas atrav\u00e9s do e-mail <a href=\"mailto:gcbezerra@hotmail.com\">gcbezerra@hotmail.com<\/a>.<\/p>\n","protected":false},"excerpt":{"rendered":"<p>O Centro de Ci\u00eancias Exatas e Sociais Aplicadas, da Universidade Estadual da Para\u00edba, realizar\u00e1, na pr\u00f3xima quarta-feira (16), a palestra intitulada \u201cAprecia\u00e7\u00e3o da natureza e preserva\u00e7\u00e3o ambiental\u201d, ministrada por John Philip Medcraft. O evento acontecer\u00e1 \u00e0s 9h30, no audit\u00f3rio Celso Furtado, C\u00e2mpus VII da UEPB, em Patos. O evento faz parte das atividades do projeto <a class=\"leiamais\" href=\"https:\/\/centros.uepb.edu.br\/ccea\/2018\/05\/14\/palestra-realizada-no-campus-vii-da-universidade-estadual-debatera-a-educacao-estetica-ambiental\/\">Leia Mais&#8230;<\/a><\/p>\n","protected":false},"author":33,"featured_media":0,"comment_status":"closed","ping_status":"closed","sticky":false,"template":"","format":"standard","meta":{"jetpack_post_was_ever_published":false,"_jetpack_newsletter_access":"","_jetpack_dont_email_post_to_subs":false,"_jetpack_newsletter_tier_id":0,"_jetpack_memberships_contains_paywalled_content":false,"_jetpack_memberships_contains_paid_content":false,"footnotes":"","jetpack_publicize_message":"","jetpack_publicize_feature_enabled":true,"jetpack_social_post_already_shared":true,"jetpack_social_options":{"image_generator_settings":{"template":"highway","default_image_id":0,"font":"","enabled":false},"version":2}},"categories":[8,3],"tags":[],"class_list":["post-1052","post","type-post","status-publish","format-standard","hentry","category-ccea","category-noticias"],"jetpack_publicize_connections":[],"jetpack_featured_media_url":"","jetpack_sharing_enabled":true,"jetpack_shortlink":"https:\/\/wp.me\/p7WTGX-gY","jetpack_likes_enabled":true,"jetpack-related-posts":[{"id":742,"url":"https:\/\/centros.uepb.edu.br\/ccea\/2017\/12\/21\/seminario-no-campus-vii-da-uepb-discute-formacao-para-promocao-da-saude-no-contexto-das-arboviroses\/","url_meta":{"origin":1052,"position":0},"title":"Semin\u00e1rio no C\u00e3mpus VII da UEPB discute forma\u00e7\u00e3o para promo\u00e7\u00e3o da sa\u00fade no contexto das arboviroses","author":"tatiana","date":"21 de dezembro de 2017","format":false,"excerpt":"A Universidade Estadual da Para\u00edba (UEPB), por meio do Centro de Ci\u00eancias Exatas e Sociais Aplicadas (CCEA), em parceria com a Secretaria de Sa\u00fade do Estado e 6\u00aa Ger\u00eancia Regional de Sa\u00fade, e apoio da Funda\u00e7\u00e3o Oswaldo Cruz (Fiocruz), Minist\u00e9rio da Sa\u00fade, Conselho Nacional de Desenvolvimento Cient\u00edfico e Tecnol\u00f3gico (CNPq),\u2026","rel":"","context":"Em &quot;CCEA&quot;","block_context":{"text":"CCEA","link":"https:\/\/centros.uepb.edu.br\/ccea\/category\/ccea\/"},"img":{"alt_text":"","src":"","width":0,"height":0},"classes":[]},{"id":716,"url":"https:\/\/centros.uepb.edu.br\/ccea\/2017\/11\/22\/campus-vii-da-uepb-realiza-evento-sobre-direito-a-educacao-inclusiva-no-dia-28-de-novembro\/","url_meta":{"origin":1052,"position":1},"title":"C\u00e2mpus VII da UEPB realiza evento sobre Direito \u00e0 Educa\u00e7\u00e3o Inclusiva no dia 28 de novembro","author":"tatiana","date":"22 de novembro de 2017","format":false,"excerpt":"O curso de Licenciatura em Matem\u00e1tica, do Centro de Ci\u00eancias Exatas e Sociais Aplicadas (CCEA) da Universidade Estadual da Para\u00edba (UEPB), realiza no pr\u00f3ximo dia 28 de novembro a mesa redonda \u201cDireito \u00e0 Educa\u00e7\u00e3o Inclusiva: por uma escola e um mundo para todos\u201d. O evento \u00e9 gratuito e acontece a\u2026","rel":"","context":"Em &quot;CCEA&quot;","block_context":{"text":"CCEA","link":"https:\/\/centros.uepb.edu.br\/ccea\/category\/ccea\/"},"img":{"alt_text":"","src":"https:\/\/i0.wp.com\/www.uepb.edu.br\/wp-content\/uploads\/2017\/11\/DIREITO-A-EDUCA%C3%87%C3%83O-INCLUSIVA-1024x537.jpg?resize=350%2C200","width":350,"height":200,"srcset":"https:\/\/i0.wp.com\/www.uepb.edu.br\/wp-content\/uploads\/2017\/11\/DIREITO-A-EDUCA%C3%87%C3%83O-INCLUSIVA-1024x537.jpg?resize=350%2C200 1x, https:\/\/i0.wp.com\/www.uepb.edu.br\/wp-content\/uploads\/2017\/11\/DIREITO-A-EDUCA%C3%87%C3%83O-INCLUSIVA-1024x537.jpg?resize=525%2C300 1.5x, https:\/\/i0.wp.com\/www.uepb.edu.br\/wp-content\/uploads\/2017\/11\/DIREITO-A-EDUCA%C3%87%C3%83O-INCLUSIVA-1024x537.jpg?resize=700%2C400 2x"},"classes":[]},{"id":1071,"url":"https:\/\/centros.uepb.edu.br\/ccea\/2018\/06\/05\/1o-congresso-paraibano-de-inclusao-sera-realizado-no-campus-vii-da-universidade-estadual-da-paraiba\/","url_meta":{"origin":1052,"position":2},"title":"1\u00ba Congresso Paraibano de Inclus\u00e3o ser\u00e1 realizado no C\u00e2mpus VII da Universidade Estadual da Para\u00edba","author":"tatiany","date":"5 de junho de 2018","format":false,"excerpt":"Na busca de ampliar o debate e a luta no contexto da Inclus\u00e3o na Para\u00edba, a Podium Cursos e Assessoria, em parceria com a Universidade de Uberaba (Uniube), com patroc\u00ednio do Col\u00e9gio Fera GEO e apoio da Universidade Estadual da Para\u00edba (UEPB), Instituto Federal da Para\u00edba (IFPB) e Col\u00e9gio Cristo\u2026","rel":"","context":"Em &quot;CCEA&quot;","block_context":{"text":"CCEA","link":"https:\/\/centros.uepb.edu.br\/ccea\/category\/ccea\/"},"img":{"alt_text":"","src":"","width":0,"height":0},"classes":[]},{"id":690,"url":"https:\/\/centros.uepb.edu.br\/ccea\/2017\/11\/13\/bacharelado-em-ciencias-da-computacao-promove-palestra-sobre-ciencia-de-dados-no-campus-vii\/","url_meta":{"origin":1052,"position":3},"title":"Bacharelado em Ci\u00eancias da Computa\u00e7\u00e3o promove palestra sobre Ci\u00eancia de Dados no C\u00e2mpus VII","author":"tatiana","date":"13 de novembro de 2017","format":false,"excerpt":"O curso de Bacharelado em Computa\u00e7\u00e3o, do Centro de Ci\u00eancias Exatas e Sociais Aplicadas (CCEA) da Universidade Estadual da Para\u00edba (UEPB), promove no pr\u00f3ximo dia 22 de novembro a palestra \u201cComo iniciar no mundo da ci\u00eancia de dados\u201d, a ser ministrada pelo professor Adriano Ara\u00fajo Santos. O evento \u00e9 gratuito\u2026","rel":"","context":"Em &quot;CCEA&quot;","block_context":{"text":"CCEA","link":"https:\/\/centros.uepb.edu.br\/ccea\/category\/ccea\/"},"img":{"alt_text":"","src":"https:\/\/i0.wp.com\/www.uepb.edu.br\/wp-content\/uploads\/2017\/11\/Computa%C3%A7%C3%A3o-CCEA.jpg?resize=350%2C200","width":350,"height":200,"srcset":"https:\/\/i0.wp.com\/www.uepb.edu.br\/wp-content\/uploads\/2017\/11\/Computa%C3%A7%C3%A3o-CCEA.jpg?resize=350%2C200 1x, https:\/\/i0.wp.com\/www.uepb.edu.br\/wp-content\/uploads\/2017\/11\/Computa%C3%A7%C3%A3o-CCEA.jpg?resize=525%2C300 1.5x, https:\/\/i0.wp.com\/www.uepb.edu.br\/wp-content\/uploads\/2017\/11\/Computa%C3%A7%C3%A3o-CCEA.jpg?resize=700%2C400 2x"},"classes":[]},{"id":1188,"url":"https:\/\/centros.uepb.edu.br\/ccea\/2018\/09\/20\/campus-vii-da-universidade-estadual-da-paraiba-e-selecionado-para-participar-do-projeto-cartografia-de-imagens\/","url_meta":{"origin":1052,"position":4},"title":"C\u00e2mpus VII da Universidade Estadual da Para\u00edba \u00e9 selecionado para participar do projeto\u00a0\u201cCartografia de imagens\u201d","author":"tatiana","date":"20 de setembro de 2018","format":false,"excerpt":"O Centro de Ci\u00eancias Exatas e Sociais Aplicadas (CCEA), localizado no C\u00e2mpus VII da Universidade Estadual da Para\u00edba (UEPB), em Patos, foi selecionado atrav\u00e9s do Edital para Implementa\u00e7\u00e3o de Escolas Experimentais de Cinema em Institui\u00e7\u00f5es de Ensino e ONGs da Para\u00edba, para participar do projeto \u201cCartografia de imagens: filme carta,\u2026","rel":"","context":"Em &quot;CCEA&quot;","block_context":{"text":"CCEA","link":"https:\/\/centros.uepb.edu.br\/ccea\/category\/ccea\/"},"img":{"alt_text":"","src":"https:\/\/i0.wp.com\/www.uepb.edu.br\/wp-content\/uploads\/2018\/09\/Banner_ComunicadoEdital_Semente-1024x599.jpg?resize=350%2C200","width":350,"height":200,"srcset":"https:\/\/i0.wp.com\/www.uepb.edu.br\/wp-content\/uploads\/2018\/09\/Banner_ComunicadoEdital_Semente-1024x599.jpg?resize=350%2C200 1x, https:\/\/i0.wp.com\/www.uepb.edu.br\/wp-content\/uploads\/2018\/09\/Banner_ComunicadoEdital_Semente-1024x599.jpg?resize=525%2C300 1.5x, https:\/\/i0.wp.com\/www.uepb.edu.br\/wp-content\/uploads\/2018\/09\/Banner_ComunicadoEdital_Semente-1024x599.jpg?resize=700%2C400 2x"},"classes":[]},{"id":722,"url":"https:\/\/centros.uepb.edu.br\/ccea\/2017\/11\/28\/3o-encontro-de-formacao-de-professores-e-realizado-no-campus-vii-da-universidade-estadual-da-paraiba\/","url_meta":{"origin":1052,"position":5},"title":"3\u00ba Encontro de Forma\u00e7\u00e3o de Professores \u00e9 realizado no C\u00e2mpus VII da Universidade Estadual da Para\u00edba","author":"tatiana","date":"28 de novembro de 2017","format":false,"excerpt":"O Plano Nacional de Forma\u00e7\u00e3o de Professores da Educa\u00e7\u00e3o B\u00e1sica (PARFOR), do qual a Universidade Estadual da Para\u00edba (UEPB) faz parte, com apoio da Coordena\u00e7\u00e3o de Aperfei\u00e7oamento de Pessoal de N\u00edvel Superior (CAPES), realizou no \u00faltimo s\u00e1bado (25) o 3\u00ba Encontro de Forma\u00e7\u00e3o de Professores (ENFOP). O evento aconteceu no\u2026","rel":"","context":"Em &quot;CCEA&quot;","block_context":{"text":"CCEA","link":"https:\/\/centros.uepb.edu.br\/ccea\/category\/ccea\/"},"img":{"alt_text":"","src":"","width":0,"height":0},"classes":[]}],"_links":{"self":[{"href":"https:\/\/centros.uepb.edu.br\/ccea\/wp-json\/wp\/v2\/posts\/1052","targetHints":{"allow":["GET"]}}],"collection":[{"href":"https:\/\/centros.uepb.edu.br\/ccea\/wp-json\/wp\/v2\/posts"}],"about":[{"href":"https:\/\/centros.uepb.edu.br\/ccea\/wp-json\/wp\/v2\/types\/post"}],"author":[{"embeddable":true,"href":"https:\/\/centros.uepb.edu.br\/ccea\/wp-json\/wp\/v2\/users\/33"}],"replies":[{"embeddable":true,"href":"https:\/\/centros.uepb.edu.br\/ccea\/wp-json\/wp\/v2\/comments?post=1052"}],"version-history":[{"count":0,"href":"https:\/\/centros.uepb.edu.br\/ccea\/wp-json\/wp\/v2\/posts\/1052\/revisions"}],"wp:attachment":[{"href":"https:\/\/centros.uepb.edu.br\/ccea\/wp-json\/wp\/v2\/media?parent=1052"}],"wp:term":[{"taxonomy":"category","embeddable":true,"href":"https:\/\/centros.uepb.edu.br\/ccea\/wp-json\/wp\/v2\/categories?post=1052"},{"taxonomy":"post_tag","embeddable":true,"href":"https:\/\/centros.uepb.edu.br\/ccea\/wp-json\/wp\/v2\/tags?post=1052"}],"curies":[{"name":"wp","href":"https:\/\/api.w.org\/{rel}","templated":true}]}}