{"id":1028,"date":"2018-05-09T14:21:44","date_gmt":"2018-05-09T14:21:44","guid":{"rendered":"https:\/\/centros.uepb.edu.br\/ccea\/?p=1028"},"modified":"2018-05-09T17:53:57","modified_gmt":"2018-05-09T17:53:57","slug":"2a-escola-patoense-de-fisica-e-realizada-no-campus-vii-da-universidade-estadual-da-paraiba","status":"publish","type":"post","link":"https:\/\/centros.uepb.edu.br\/ccea\/2018\/05\/09\/2a-escola-patoense-de-fisica-e-realizada-no-campus-vii-da-universidade-estadual-da-paraiba\/","title":{"rendered":"2\u00aa Escola Patoense de F\u00edsica \u00e9 realizada no C\u00e2mpus VII da Universidade Estadual da Para\u00edba"},"content":{"rendered":"\n\t\t<style type=\"text\/css\">\n\t\t\t#gallery-1 {\n\t\t\t\tmargin: auto;\n\t\t\t}\n\t\t\t#gallery-1 .gallery-item {\n\t\t\t\tfloat: left;\n\t\t\t\tmargin-top: 10px;\n\t\t\t\ttext-align: center;\n\t\t\t\twidth: 33%;\n\t\t\t}\n\t\t\t#gallery-1 img {\n\t\t\t\tborder: 2px solid #cfcfcf;\n\t\t\t}\n\t\t\t#gallery-1 .gallery-caption {\n\t\t\t\tmargin-left: 0;\n\t\t\t}\n\t\t\t\/* see gallery_shortcode() in wp-includes\/media.php *\/\n\t\t<\/style>\n\t\t<div id='gallery-1' class='gallery galleryid-1028 gallery-columns-3 gallery-size-full'><dl class='gallery-item'>\n\t\t\t<dt class='gallery-icon landscape'>\n\t\t\t\t<a href='https:\/\/centros.uepb.edu.br\/ccea\/2018\/05\/09\/2a-escola-patoense-de-fisica-e-realizada-no-campus-vii-da-universidade-estadual-da-paraiba\/20180507_190219\/'><img loading=\"lazy\" decoding=\"async\" width=\"2813\" height=\"1582\" src=\"https:\/\/centros.uepb.edu.br\/ccea\/files\/2018\/05\/20180507_190219.jpg\" class=\"attachment-full size-full\" alt=\"\" srcset=\"https:\/\/centros.uepb.edu.br\/ccea\/files\/2018\/05\/20180507_190219.jpg 2813w, https:\/\/centros.uepb.edu.br\/ccea\/files\/2018\/05\/20180507_190219-300x169.jpg 300w, https:\/\/centros.uepb.edu.br\/ccea\/files\/2018\/05\/20180507_190219-768x432.jpg 768w, https:\/\/centros.uepb.edu.br\/ccea\/files\/2018\/05\/20180507_190219-1024x576.jpg 1024w, https:\/\/centros.uepb.edu.br\/ccea\/files\/2018\/05\/20180507_190219-370x208.jpg 370w, https:\/\/centros.uepb.edu.br\/ccea\/files\/2018\/05\/20180507_190219-840x472.jpg 840w\" sizes=\"auto, (max-width: 2813px) 100vw, 2813px\" \/><\/a>\n\t\t\t<\/dt><\/dl><dl class='gallery-item'>\n\t\t\t<dt class='gallery-icon landscape'>\n\t\t\t\t<a href='https:\/\/centros.uepb.edu.br\/ccea\/2018\/05\/09\/2a-escola-patoense-de-fisica-e-realizada-no-campus-vii-da-universidade-estadual-da-paraiba\/20180507_190254\/'><img loading=\"lazy\" decoding=\"async\" width=\"1514\" height=\"852\" src=\"https:\/\/centros.uepb.edu.br\/ccea\/files\/2018\/05\/20180507_190254.jpg\" class=\"attachment-full size-full\" alt=\"\" srcset=\"https:\/\/centros.uepb.edu.br\/ccea\/files\/2018\/05\/20180507_190254.jpg 1514w, https:\/\/centros.uepb.edu.br\/ccea\/files\/2018\/05\/20180507_190254-300x169.jpg 300w, https:\/\/centros.uepb.edu.br\/ccea\/files\/2018\/05\/20180507_190254-768x432.jpg 768w, https:\/\/centros.uepb.edu.br\/ccea\/files\/2018\/05\/20180507_190254-1024x576.jpg 1024w, https:\/\/centros.uepb.edu.br\/ccea\/files\/2018\/05\/20180507_190254-370x208.jpg 370w, https:\/\/centros.uepb.edu.br\/ccea\/files\/2018\/05\/20180507_190254-840x473.jpg 840w\" sizes=\"auto, (max-width: 1514px) 100vw, 1514px\" \/><\/a>\n\t\t\t<\/dt><\/dl><dl class='gallery-item'>\n\t\t\t<dt class='gallery-icon landscape'>\n\t\t\t\t<a href='https:\/\/centros.uepb.edu.br\/ccea\/2018\/05\/09\/2a-escola-patoense-de-fisica-e-realizada-no-campus-vii-da-universidade-estadual-da-paraiba\/20180507_190355\/'><img loading=\"lazy\" decoding=\"async\" width=\"2361\" height=\"1328\" src=\"https:\/\/centros.uepb.edu.br\/ccea\/files\/2018\/05\/20180507_190355.jpg\" class=\"attachment-full size-full\" alt=\"\" srcset=\"https:\/\/centros.uepb.edu.br\/ccea\/files\/2018\/05\/20180507_190355.jpg 2361w, https:\/\/centros.uepb.edu.br\/ccea\/files\/2018\/05\/20180507_190355-300x169.jpg 300w, https:\/\/centros.uepb.edu.br\/ccea\/files\/2018\/05\/20180507_190355-768x432.jpg 768w, https:\/\/centros.uepb.edu.br\/ccea\/files\/2018\/05\/20180507_190355-1024x576.jpg 1024w, https:\/\/centros.uepb.edu.br\/ccea\/files\/2018\/05\/20180507_190355-370x208.jpg 370w, https:\/\/centros.uepb.edu.br\/ccea\/files\/2018\/05\/20180507_190355-840x472.jpg 840w\" sizes=\"auto, (max-width: 2361px) 100vw, 2361px\" \/><\/a>\n\t\t\t<\/dt><\/dl><br style=\"clear: both\" \/><dl class='gallery-item'>\n\t\t\t<dt class='gallery-icon landscape'>\n\t\t\t\t<a href='https:\/\/centros.uepb.edu.br\/ccea\/2018\/05\/09\/2a-escola-patoense-de-fisica-e-realizada-no-campus-vii-da-universidade-estadual-da-paraiba\/20180507_190603\/'><img loading=\"lazy\" decoding=\"async\" width=\"1801\" height=\"1013\" src=\"https:\/\/centros.uepb.edu.br\/ccea\/files\/2018\/05\/20180507_190603.jpg\" class=\"attachment-full size-full\" alt=\"\" srcset=\"https:\/\/centros.uepb.edu.br\/ccea\/files\/2018\/05\/20180507_190603.jpg 1801w, https:\/\/centros.uepb.edu.br\/ccea\/files\/2018\/05\/20180507_190603-300x169.jpg 300w, https:\/\/centros.uepb.edu.br\/ccea\/files\/2018\/05\/20180507_190603-768x432.jpg 768w, https:\/\/centros.uepb.edu.br\/ccea\/files\/2018\/05\/20180507_190603-1024x576.jpg 1024w, https:\/\/centros.uepb.edu.br\/ccea\/files\/2018\/05\/20180507_190603-370x208.jpg 370w, https:\/\/centros.uepb.edu.br\/ccea\/files\/2018\/05\/20180507_190603-840x472.jpg 840w\" sizes=\"auto, (max-width: 1801px) 100vw, 1801px\" \/><\/a>\n\t\t\t<\/dt><\/dl><dl class='gallery-item'>\n\t\t\t<dt class='gallery-icon landscape'>\n\t\t\t\t<a href='https:\/\/centros.uepb.edu.br\/ccea\/2018\/05\/09\/2a-escola-patoense-de-fisica-e-realizada-no-campus-vii-da-universidade-estadual-da-paraiba\/20180507_190636\/'><img loading=\"lazy\" decoding=\"async\" width=\"2842\" height=\"1599\" src=\"https:\/\/centros.uepb.edu.br\/ccea\/files\/2018\/05\/20180507_190636.jpg\" class=\"attachment-full size-full\" alt=\"\" srcset=\"https:\/\/centros.uepb.edu.br\/ccea\/files\/2018\/05\/20180507_190636.jpg 2842w, https:\/\/centros.uepb.edu.br\/ccea\/files\/2018\/05\/20180507_190636-300x169.jpg 300w, https:\/\/centros.uepb.edu.br\/ccea\/files\/2018\/05\/20180507_190636-768x432.jpg 768w, https:\/\/centros.uepb.edu.br\/ccea\/files\/2018\/05\/20180507_190636-1024x576.jpg 1024w, https:\/\/centros.uepb.edu.br\/ccea\/files\/2018\/05\/20180507_190636-370x208.jpg 370w, https:\/\/centros.uepb.edu.br\/ccea\/files\/2018\/05\/20180507_190636-840x473.jpg 840w\" sizes=\"auto, (max-width: 2842px) 100vw, 2842px\" \/><\/a>\n\t\t\t<\/dt><\/dl><dl class='gallery-item'>\n\t\t\t<dt class='gallery-icon landscape'>\n\t\t\t\t<a href='https:\/\/centros.uepb.edu.br\/ccea\/2018\/05\/09\/2a-escola-patoense-de-fisica-e-realizada-no-campus-vii-da-universidade-estadual-da-paraiba\/20180507_191058\/'><img loading=\"lazy\" decoding=\"async\" width=\"1893\" height=\"1065\" src=\"https:\/\/centros.uepb.edu.br\/ccea\/files\/2018\/05\/20180507_191058.jpg\" class=\"attachment-full size-full\" alt=\"\" srcset=\"https:\/\/centros.uepb.edu.br\/ccea\/files\/2018\/05\/20180507_191058.jpg 1893w, https:\/\/centros.uepb.edu.br\/ccea\/files\/2018\/05\/20180507_191058-300x169.jpg 300w, https:\/\/centros.uepb.edu.br\/ccea\/files\/2018\/05\/20180507_191058-768x432.jpg 768w, https:\/\/centros.uepb.edu.br\/ccea\/files\/2018\/05\/20180507_191058-1024x576.jpg 1024w, https:\/\/centros.uepb.edu.br\/ccea\/files\/2018\/05\/20180507_191058-370x208.jpg 370w, https:\/\/centros.uepb.edu.br\/ccea\/files\/2018\/05\/20180507_191058-840x473.jpg 840w\" sizes=\"auto, (max-width: 1893px) 100vw, 1893px\" \/><\/a>\n\t\t\t<\/dt><\/dl><br style=\"clear: both\" \/><dl class='gallery-item'>\n\t\t\t<dt class='gallery-icon landscape'>\n\t\t\t\t<a href='https:\/\/centros.uepb.edu.br\/ccea\/2018\/05\/09\/2a-escola-patoense-de-fisica-e-realizada-no-campus-vii-da-universidade-estadual-da-paraiba\/20180507_192615\/'><img loading=\"lazy\" decoding=\"async\" width=\"3134\" height=\"1763\" src=\"https:\/\/centros.uepb.edu.br\/ccea\/files\/2018\/05\/20180507_192615.jpg\" class=\"attachment-full size-full\" alt=\"\" srcset=\"https:\/\/centros.uepb.edu.br\/ccea\/files\/2018\/05\/20180507_192615.jpg 3134w, https:\/\/centros.uepb.edu.br\/ccea\/files\/2018\/05\/20180507_192615-300x169.jpg 300w, https:\/\/centros.uepb.edu.br\/ccea\/files\/2018\/05\/20180507_192615-768x432.jpg 768w, https:\/\/centros.uepb.edu.br\/ccea\/files\/2018\/05\/20180507_192615-1024x576.jpg 1024w, https:\/\/centros.uepb.edu.br\/ccea\/files\/2018\/05\/20180507_192615-370x208.jpg 370w, https:\/\/centros.uepb.edu.br\/ccea\/files\/2018\/05\/20180507_192615-840x473.jpg 840w\" sizes=\"auto, (max-width: 3134px) 100vw, 3134px\" \/><\/a>\n\t\t\t<\/dt><\/dl><dl class='gallery-item'>\n\t\t\t<dt class='gallery-icon landscape'>\n\t\t\t\t<a href='https:\/\/centros.uepb.edu.br\/ccea\/2018\/05\/09\/2a-escola-patoense-de-fisica-e-realizada-no-campus-vii-da-universidade-estadual-da-paraiba\/20180507_192644\/'><img loading=\"lazy\" decoding=\"async\" width=\"2407\" height=\"1354\" src=\"https:\/\/centros.uepb.edu.br\/ccea\/files\/2018\/05\/20180507_192644.jpg\" class=\"attachment-full size-full\" alt=\"\" srcset=\"https:\/\/centros.uepb.edu.br\/ccea\/files\/2018\/05\/20180507_192644.jpg 2407w, https:\/\/centros.uepb.edu.br\/ccea\/files\/2018\/05\/20180507_192644-300x169.jpg 300w, https:\/\/centros.uepb.edu.br\/ccea\/files\/2018\/05\/20180507_192644-768x432.jpg 768w, https:\/\/centros.uepb.edu.br\/ccea\/files\/2018\/05\/20180507_192644-1024x576.jpg 1024w, https:\/\/centros.uepb.edu.br\/ccea\/files\/2018\/05\/20180507_192644-370x208.jpg 370w, https:\/\/centros.uepb.edu.br\/ccea\/files\/2018\/05\/20180507_192644-840x473.jpg 840w\" sizes=\"auto, (max-width: 2407px) 100vw, 2407px\" \/><\/a>\n\t\t\t<\/dt><\/dl><dl class='gallery-item'>\n\t\t\t<dt class='gallery-icon landscape'>\n\t\t\t\t<a href='https:\/\/centros.uepb.edu.br\/ccea\/2018\/05\/09\/2a-escola-patoense-de-fisica-e-realizada-no-campus-vii-da-universidade-estadual-da-paraiba\/20180507_194719\/'><img loading=\"lazy\" decoding=\"async\" width=\"1341\" height=\"755\" src=\"https:\/\/centros.uepb.edu.br\/ccea\/files\/2018\/05\/20180507_194719.jpg\" class=\"attachment-full size-full\" alt=\"\" srcset=\"https:\/\/centros.uepb.edu.br\/ccea\/files\/2018\/05\/20180507_194719.jpg 1341w, https:\/\/centros.uepb.edu.br\/ccea\/files\/2018\/05\/20180507_194719-300x169.jpg 300w, https:\/\/centros.uepb.edu.br\/ccea\/files\/2018\/05\/20180507_194719-768x432.jpg 768w, https:\/\/centros.uepb.edu.br\/ccea\/files\/2018\/05\/20180507_194719-1024x577.jpg 1024w, https:\/\/centros.uepb.edu.br\/ccea\/files\/2018\/05\/20180507_194719-370x208.jpg 370w, https:\/\/centros.uepb.edu.br\/ccea\/files\/2018\/05\/20180507_194719-840x473.jpg 840w\" sizes=\"auto, (max-width: 1341px) 100vw, 1341px\" \/><\/a>\n\t\t\t<\/dt><\/dl><br style=\"clear: both\" \/><dl class='gallery-item'>\n\t\t\t<dt class='gallery-icon landscape'>\n\t\t\t\t<a href='https:\/\/centros.uepb.edu.br\/ccea\/2018\/05\/09\/2a-escola-patoense-de-fisica-e-realizada-no-campus-vii-da-universidade-estadual-da-paraiba\/20180507_201506\/'><img loading=\"lazy\" decoding=\"async\" width=\"3058\" height=\"1720\" src=\"https:\/\/centros.uepb.edu.br\/ccea\/files\/2018\/05\/20180507_201506.jpg\" class=\"attachment-full size-full\" alt=\"\" srcset=\"https:\/\/centros.uepb.edu.br\/ccea\/files\/2018\/05\/20180507_201506.jpg 3058w, https:\/\/centros.uepb.edu.br\/ccea\/files\/2018\/05\/20180507_201506-300x169.jpg 300w, https:\/\/centros.uepb.edu.br\/ccea\/files\/2018\/05\/20180507_201506-768x432.jpg 768w, https:\/\/centros.uepb.edu.br\/ccea\/files\/2018\/05\/20180507_201506-1024x576.jpg 1024w, https:\/\/centros.uepb.edu.br\/ccea\/files\/2018\/05\/20180507_201506-370x208.jpg 370w, https:\/\/centros.uepb.edu.br\/ccea\/files\/2018\/05\/20180507_201506-840x472.jpg 840w\" sizes=\"auto, (max-width: 3058px) 100vw, 3058px\" \/><\/a>\n\t\t\t<\/dt><\/dl>\n\t\t\t<br style='clear: both' \/>\n\t\t<\/div>\n\n<p>Teve in\u00edcio na noite da \u00faltima segunda-feira (7), a 2\u00aa Escola Patoense de F\u00edsica, promovida pelo Centro de Ci\u00eancias Exatas e Sociais Aplicadas (CCEA), da Universidade Estadual da Para\u00edba (UEPB), com apoio e patroc\u00ednio da Funda\u00e7\u00e3o de Apoio a Pesquisa do Estado da Para\u00edba (FAPESQ-PB). O evento acontece no audit\u00f3rio Celso Furtado, C\u00e2mpus VII da UEPB, em Patos, e se estender\u00e1 at\u00e9 o dia 18 de maio.<\/p>\n<p>A solenidade de abertura do evento contou com a participa\u00e7\u00e3o de Adriano Homero Vital Pereira, diretor do CCEA; Rodrigo Fonseca, coordenador adjunto do curso de F\u00edsica; Valdeci Mestre, organizador do evento; al\u00e9m de Cl\u00e1udio Benedito Silva Furtado, Presidente da Funda\u00e7\u00e3o de Apoio \u00e0 Pesquisa do Estado da Para\u00edba (FAPESQ-PB).<\/p>\n<p>Os convidados abriram a sess\u00e3o solene saudando os presentes e ressaltando a import\u00e2ncia do evento como espa\u00e7o de an\u00e1lise e discuss\u00e3o no \u00e2mbito da F\u00edsica, e disseminando a import\u00e2ncia da amplia\u00e7\u00e3o de a\u00e7\u00f5es voltadas \u00e0 divulga\u00e7\u00e3o da ci\u00eancia e tecnologia e de reflex\u00f5es em torno dos processos educativos neste cen\u00e1rio.<\/p>\n<p>As atividades do evento tiveram in\u00edcio com a palestra \u201cInvestimento de Ci\u00eancia e Tecnologia para Para\u00edba\u201d, ministrada pelo presidente da FAPESQ-PB, Cla\u00fadio Furtado. O professor abordou quest\u00f5es pertinentes \u00e0 concess\u00e3o de investimentos para incentivar projetos na \u00e1rea de Ci\u00eancia, Tecnologia e Inova\u00e7\u00e3o e destacou a relev\u00e2ncia do investimento financeiro e apoio, por meio do Governo do Estado, a projetos que oportunizam a melhoria no desenvolvimento cient\u00edfico e tecnol\u00f3gico na Para\u00edba.<\/p>\n<p>Cl\u00e1udio pontuou ainda a ascens\u00e3o e fortalecimento de a\u00e7\u00f5es voltadas ao desenvolvimento do conhecimento cient\u00edfico, que oferecem melhores condi\u00e7\u00f5es para os pesquisadores, estimulando o planejamento e a execu\u00e7\u00e3o de projetos, a valoriza\u00e7\u00e3o dos aspectos qualitativos da produ\u00e7\u00e3o cient\u00edfica; a divulga\u00e7\u00e3o do avan\u00e7o cient\u00edfico-tecnol\u00f3gico educacional, al\u00e9m do fortalecimento dos v\u00ednculos entre universidade e a sociedade. Ap\u00f3s a exposi\u00e7\u00e3o do presidente da FAPESQ-PB foi servido um coffee break aos presentes. A apresenta\u00e7\u00e3o musical da dupla Jos\u00e9 Marcos e Bruno encerrou as atividades da primeira noite do evento.<\/p>\n<p>De acordo com a organiza\u00e7\u00e3o do evento, cerca de 150 alunos se inscreveram para participar da atividade e aproximadamente 300 quilos de alimentos n\u00e3o perec\u00edveis foram arrecadados e ser\u00e3o doados a institui\u00e7\u00e3o Lar dos Velhinhos, na cidade de Patos-PB, onde atualmente residem 25 idosos.<\/p>\n<p>A programa\u00e7\u00e3o completa da 2\u00aa Escola Patoense de F\u00edsica, com todas as indica\u00e7\u00f5es de atividades e hor\u00e1rios, pode ser conferida no link https:\/\/escolapatoensefisica.wixsite.com\/evento.\u00a0 Outras informa\u00e7\u00f5es podem ser obtidas pelo telefone (83) 3421 1475 ou ainda atrav\u00e9s do e-mail escolapatoensedefisica@gmail.com.<\/p>\n<p>&nbsp;<\/p>\n<p>Texto: Tatiany Escari\u00e3o<\/p>\n","protected":false},"excerpt":{"rendered":"<p>Teve in\u00edcio na noite da \u00faltima segunda-feira (7), a 2\u00aa Escola Patoense de F\u00edsica, promovida pelo Centro de Ci\u00eancias Exatas e Sociais Aplicadas (CCEA), da Universidade Estadual da Para\u00edba (UEPB), com apoio e patroc\u00ednio da Funda\u00e7\u00e3o de Apoio a Pesquisa do Estado da Para\u00edba (FAPESQ-PB). O evento acontece no audit\u00f3rio Celso Furtado, C\u00e2mpus VII da <a class=\"leiamais\" href=\"https:\/\/centros.uepb.edu.br\/ccea\/2018\/05\/09\/2a-escola-patoense-de-fisica-e-realizada-no-campus-vii-da-universidade-estadual-da-paraiba\/\">Leia Mais&#8230;<\/a><\/p>\n","protected":false},"author":33,"featured_media":0,"comment_status":"closed","ping_status":"closed","sticky":false,"template":"","format":"standard","meta":{"jetpack_post_was_ever_published":false,"_jetpack_newsletter_access":"","_jetpack_dont_email_post_to_subs":false,"_jetpack_newsletter_tier_id":0,"_jetpack_memberships_contains_paywalled_content":false,"_jetpack_memberships_contains_paid_content":false,"footnotes":"","jetpack_publicize_message":"","jetpack_publicize_feature_enabled":true,"jetpack_social_post_already_shared":true,"jetpack_social_options":{"image_generator_settings":{"template":"highway","default_image_id":0,"font":"","enabled":false},"version":2}},"categories":[8,3],"tags":[],"class_list":["post-1028","post","type-post","status-publish","format-standard","hentry","category-ccea","category-noticias"],"jetpack_publicize_connections":[],"jetpack_featured_media_url":"","jetpack_sharing_enabled":true,"jetpack_shortlink":"https:\/\/wp.me\/p7WTGX-gA","jetpack_likes_enabled":true,"jetpack-related-posts":[{"id":1016,"url":"https:\/\/centros.uepb.edu.br\/ccea\/2018\/05\/07\/2o-escola-patoense-de-fisica-sera-realizada-no-campus-vii-da-universidade-estadual-da-paraiba\/","url_meta":{"origin":1028,"position":0},"title":"2\u00ba Escola Patoense de F\u00edsica ser\u00e1 realizada no C\u00e2mpus VII da Universidade Estadual da Para\u00edba","author":"tatiany","date":"7 de maio de 2018","format":false,"excerpt":"O Centro de Ci\u00eancias Exatas e Sociais Aplicadas (CCEA), da Universidade Estadual da Para\u00edba (UEPB), com apoio e patroc\u00ednio da Funda\u00e7\u00e3o de Apoio a Pesquisa do Estado da Para\u00edba (FAPESQ-PB), promove a 2\u00aa Escola Patoense de F\u00edsica. O evento ser\u00e1 realizado no per\u00edodo de 7 a 18 de maio e\u2026","rel":"","context":"Em &quot;CCEA&quot;","block_context":{"text":"CCEA","link":"https:\/\/centros.uepb.edu.br\/ccea\/category\/ccea\/"},"img":{"alt_text":"","src":"","width":0,"height":0},"classes":[]},{"id":1049,"url":"https:\/\/centros.uepb.edu.br\/ccea\/2018\/05\/11\/universidade-estadual-entrega-medalhas-a-112-alunos-premiados-na-olimpiada-brasileira-de-fisica-2017\/","url_meta":{"origin":1028,"position":1},"title":"Universidade Estadual entrega medalhas a 112 alunos premiados na Olimp\u00edada Brasileira de F\u00edsica 2017","author":"tatiana","date":"11 de maio de 2018","format":false,"excerpt":"Com cursos de F\u00edsica formando professores h\u00e1 d\u00e9cadas, a Universidade Estadual da Para\u00edba (UEPB) premiou na manh\u00e3 desta sexta-feira (29), em solenidade realizada na Funda\u00e7\u00e3o Parque Tecnol\u00f3gico da Para\u00edba (PaqTcPB), em Campina Grande, os melhores estudantes de F\u00edsica da Para\u00edba, oriundos das redes privada e p\u00fablica de ensino, que disputaram\u2026","rel":"","context":"Em &quot;CCEA&quot;","block_context":{"text":"CCEA","link":"https:\/\/centros.uepb.edu.br\/ccea\/category\/ccea\/"},"img":{"alt_text":"","src":"","width":0,"height":0},"classes":[]},{"id":1580,"url":"https:\/\/centros.uepb.edu.br\/ccea\/2021\/07\/22\/reitora-e-secretario-de-educacao-da-paraiba-se-reunem-para-dialogar-sobre-demandas-do-campus-vii\/","url_meta":{"origin":1028,"position":2},"title":"Reitora e secret\u00e1rio de Educa\u00e7\u00e3o da Para\u00edba se re\u00fanem para dialogar sobre demandas do C\u00e2mpus VII","author":"Givaldo","date":"22 de julho de 2021","format":false,"excerpt":"A reitora da Universidade Estadual da Para\u00edba (UEPB), professora C\u00e9lia Regina Diniz, e o secret\u00e1rio de Educa\u00e7\u00e3o do Estado da Para\u00edba, professor Cl\u00e1udio Furtado, estiveram reunidos no C\u00e2mpus VII, em Patos, para discutir a\u00e7\u00f5es e ouvir sobre projetos e demandas do Centro de Ci\u00eancias Exatas e Sociais Aplicadas (CCEA). A\u2026","rel":"","context":"Em &quot;CCEA&quot;","block_context":{"text":"CCEA","link":"https:\/\/centros.uepb.edu.br\/ccea\/category\/ccea\/"},"img":{"alt_text":"","src":"","width":0,"height":0},"classes":[]},{"id":1591,"url":"https:\/\/centros.uepb.edu.br\/ccea\/2021\/07\/22\/reitora-e-secretario-de-educacao-da-paraiba-se-reunem-para-dialogar-sobre-demandas-do-campus-vii-2\/","url_meta":{"origin":1028,"position":3},"title":"Reitora e secret\u00e1rio de Educa\u00e7\u00e3o da Para\u00edba se re\u00fanem para dialogar sobre demandas do C\u00e2mpus VII","author":"Givaldo","date":"22 de julho de 2021","format":false,"excerpt":"A reitora da Universidade Estadual da Para\u00edba (UEPB), professora C\u00e9lia Regina Diniz, e o secret\u00e1rio de Educa\u00e7\u00e3o do Estado da Para\u00edba, professor Cl\u00e1udio Furtado, estiveram reunidos no Gabinete da Secretaria, em Jo\u00e3o Pessoa, para discutir a\u00e7\u00f5es e ouvir sobre projetos e demandas do Centro de Ci\u00eancias Exatas e Sociais Aplicadas\u2026","rel":"","context":"Em &quot;CCEA&quot;","block_context":{"text":"CCEA","link":"https:\/\/centros.uepb.edu.br\/ccea\/category\/ccea\/"},"img":{"alt_text":"","src":"","width":0,"height":0},"classes":[]},{"id":1518,"url":"https:\/\/centros.uepb.edu.br\/ccea\/2019\/11\/28\/nucleo-de-arte-e-cultura-do-centro-de-ciencias-exatas-e-sociais-aplicadas-realiza-1a-mostra-de-musica-2\/","url_meta":{"origin":1028,"position":4},"title":"N\u00facleo de Arte e Cultura do Centro de Ci\u00eancias Exatas e Sociais Aplicadas realiza 1\u00aa Mostra de M\u00fasica","author":"tatiana","date":"28 de novembro de 2019","format":false,"excerpt":"O N\u00facleo de Arte e Cultura do C\u00e2mpus VII (NarC7) da Universidade Estadual da Para\u00edba (UEPB), em Patos, realiza nesta quinta-feira (28) a sua 1\u00aa Mostra Musical. O evento art\u00edstico acontece no Audit\u00f3rio Celso Furtado, a partir das 19h. Durante o evento, ser\u00e3o apresentados os resultados dos trabalhos desenvolvidos nos\u2026","rel":"","context":"Em &quot;CCEA&quot;","block_context":{"text":"CCEA","link":"https:\/\/centros.uepb.edu.br\/ccea\/category\/ccea\/"},"img":{"alt_text":"","src":"https:\/\/i0.wp.com\/www.interno.uepb.edu.br\/wp-content\/uploads\/2019\/11\/NARC7.jpg?resize=350%2C200&ssl=1","width":350,"height":200},"classes":[]},{"id":1323,"url":"https:\/\/centros.uepb.edu.br\/ccea\/2019\/11\/28\/nucleo-de-arte-e-cultura-do-centro-de-ciencias-exatas-e-sociais-aplicadas-realiza-1a-mostra-de-musica\/","url_meta":{"origin":1028,"position":5},"title":"N\u00facleo de Arte e Cultura do Centro de Ci\u00eancias Exatas e Sociais Aplicadas realiza 1\u00aa Mostra de M\u00fasica","author":"tatiana","date":"28 de novembro de 2019","format":false,"excerpt":"O N\u00facleo de Arte e Cultura do C\u00e2mpus VII (NarC7) da Universidade Estadual da Para\u00edba (UEPB), em Patos, realiza nesta quinta-feira (28) a sua 1\u00aa Mostra Musical. O evento art\u00edstico acontece no Audit\u00f3rio Celso Furtado, a partir das 19h. Durante o evento, ser\u00e3o apresentados os resultados dos trabalhos desenvolvidos nos\u2026","rel":"","context":"Em &quot;CCEA&quot;","block_context":{"text":"CCEA","link":"https:\/\/centros.uepb.edu.br\/ccea\/category\/ccea\/"},"img":{"alt_text":"","src":"https:\/\/i0.wp.com\/www.uepb.edu.br\/wp-content\/uploads\/2019\/11\/NARC7.jpg?fit=729%2C1024&resize=350%2C200","width":350,"height":200},"classes":[]}],"_links":{"self":[{"href":"https:\/\/centros.uepb.edu.br\/ccea\/wp-json\/wp\/v2\/posts\/1028","targetHints":{"allow":["GET"]}}],"collection":[{"href":"https:\/\/centros.uepb.edu.br\/ccea\/wp-json\/wp\/v2\/posts"}],"about":[{"href":"https:\/\/centros.uepb.edu.br\/ccea\/wp-json\/wp\/v2\/types\/post"}],"author":[{"embeddable":true,"href":"https:\/\/centros.uepb.edu.br\/ccea\/wp-json\/wp\/v2\/users\/33"}],"replies":[{"embeddable":true,"href":"https:\/\/centros.uepb.edu.br\/ccea\/wp-json\/wp\/v2\/comments?post=1028"}],"version-history":[{"count":0,"href":"https:\/\/centros.uepb.edu.br\/ccea\/wp-json\/wp\/v2\/posts\/1028\/revisions"}],"wp:attachment":[{"href":"https:\/\/centros.uepb.edu.br\/ccea\/wp-json\/wp\/v2\/media?parent=1028"}],"wp:term":[{"taxonomy":"category","embeddable":true,"href":"https:\/\/centros.uepb.edu.br\/ccea\/wp-json\/wp\/v2\/categories?post=1028"},{"taxonomy":"post_tag","embeddable":true,"href":"https:\/\/centros.uepb.edu.br\/ccea\/wp-json\/wp\/v2\/tags?post=1028"}],"curies":[{"name":"wp","href":"https:\/\/api.w.org\/{rel}","templated":true}]}}