{"id":1022,"date":"2018-05-08T14:44:00","date_gmt":"2018-05-08T14:44:00","guid":{"rendered":"https:\/\/centros.uepb.edu.br\/ccea\/?p=1022"},"modified":"2018-05-08T17:29:58","modified_gmt":"2018-05-08T17:29:58","slug":"coordenacao-de-administracao-do-ccea-informa-universitarios-sobre-correcao-e-entrega-de-historico-academico","status":"publish","type":"post","link":"https:\/\/centros.uepb.edu.br\/ccea\/2018\/05\/08\/coordenacao-de-administracao-do-ccea-informa-universitarios-sobre-correcao-e-entrega-de-historico-academico\/","title":{"rendered":"Curso de Administra\u00e7\u00e3o do CCEA convoca formandos para substitui\u00e7\u00e3o de hist\u00f3rico acad\u00eamico"},"content":{"rendered":"<p>A coordena\u00e7\u00e3o do curso de Administra\u00e7\u00e3o do Centro de Ci\u00eancias Exatas e Sociais Aplicadas (CCEA), C\u00e2mpus VII da Universidade Estadual da Para\u00edba (UEPB), em Patos, comunica aos formandos que tiveram o hist\u00f3rico acad\u00eamico emitido com diverg\u00eancia na carga hor\u00e1ria cursada que o equ\u00edvoco de informa\u00e7\u00e3o j\u00e1 foi corrigido e solicita que os mesmos compare\u00e7am \u00e0 coordena\u00e7\u00e3o de curso para receber o hist\u00f3rico final com as devidas corre\u00e7\u00f5es.<\/p>\n<p>Confira a lista com a rela\u00e7\u00e3o dos alunos que tiveram o hist\u00f3rico acad\u00eamico corrigido <a href=\"https:\/\/drive.google.com\/file\/d\/1TCgW5kWR8fEEBvbwNAeAgth2uziSdoxH\/view?ths=true\">AQUI<\/a>. Mais informa\u00e7\u00f5es podem ser obtidas atrav\u00e9s do telefone (83) 3421 1475.<\/p>\n<p>&nbsp;<\/p>\n<p>Texto: Tatiany Escari\u00e3o<\/p>\n","protected":false},"excerpt":{"rendered":"<p>A coordena\u00e7\u00e3o do curso de Administra\u00e7\u00e3o do Centro de Ci\u00eancias Exatas e Sociais Aplicadas (CCEA), C\u00e2mpus VII da Universidade Estadual da Para\u00edba (UEPB), em Patos, comunica aos formandos que tiveram o hist\u00f3rico acad\u00eamico emitido com diverg\u00eancia na carga hor\u00e1ria cursada que o equ\u00edvoco de informa\u00e7\u00e3o j\u00e1 foi corrigido e solicita que os mesmos compare\u00e7am \u00e0 <a class=\"leiamais\" href=\"https:\/\/centros.uepb.edu.br\/ccea\/2018\/05\/08\/coordenacao-de-administracao-do-ccea-informa-universitarios-sobre-correcao-e-entrega-de-historico-academico\/\">Leia Mais&#8230;<\/a><\/p>\n","protected":false},"author":33,"featured_media":0,"comment_status":"closed","ping_status":"closed","sticky":false,"template":"","format":"standard","meta":{"jetpack_post_was_ever_published":false,"_jetpack_newsletter_access":"","_jetpack_dont_email_post_to_subs":false,"_jetpack_newsletter_tier_id":0,"_jetpack_memberships_contains_paywalled_content":false,"_jetpack_memberships_contains_paid_content":false,"footnotes":"","jetpack_publicize_message":"","jetpack_publicize_feature_enabled":true,"jetpack_social_post_already_shared":true,"jetpack_social_options":{"image_generator_settings":{"template":"highway","default_image_id":0,"font":"","enabled":false},"version":2}},"categories":[8,3],"tags":[],"class_list":["post-1022","post","type-post","status-publish","format-standard","hentry","category-ccea","category-noticias"],"jetpack_publicize_connections":[],"jetpack_featured_media_url":"","jetpack_sharing_enabled":true,"jetpack_shortlink":"https:\/\/wp.me\/p7WTGX-gu","jetpack_likes_enabled":true,"jetpack-related-posts":[{"id":385,"url":"https:\/\/centros.uepb.edu.br\/ccea\/2016\/11\/17\/ccea-encerra-colacoes-de-grau-2016-1-formando-profissionais-nas-areas-de-administracao-e-ciencias-exatas\/","url_meta":{"origin":1022,"position":0},"title":"CCEA encerra cola\u00e7\u00f5es de grau 2016.1 formando profissionais nas \u00e1reas de Administra\u00e7\u00e3o e Ci\u00eancias Exatas","author":"arnaud","date":"17 de novembro de 2016","format":false,"excerpt":"O C\u00e2mpus VII da Universidade Estadual da Para\u00edba (UEPB), localizado na cidade de Patos, foi o respons\u00e1vel por encerrar o ciclo de solenidades de Cola\u00e7\u00e3o de Grau do semestre 2016.1 da Institui\u00e7\u00e3o. A noite desta quarta-feira (16) foi especial para 74 estudantes que conclu\u00edram os cursos de Bacharelado em Administra\u00e7\u00e3o,\u2026","rel":"","context":"Em &quot;CCEA&quot;","block_context":{"text":"CCEA","link":"https:\/\/centros.uepb.edu.br\/ccea\/category\/ccea\/"},"img":{"alt_text":"","src":"","width":0,"height":0},"classes":[]},{"id":473,"url":"https:\/\/centros.uepb.edu.br\/ccea\/2017\/08\/29\/centro-de-ciencias-exatas-e-sociais-aplicadas-forma-novos-profissionais-em-administracao-ciencias-exatas-e-computacao\/","url_meta":{"origin":1022,"position":1},"title":"CCEA da UEPB forma novos profissionais de Administra\u00e7\u00e3o, Ci\u00eancias Exatas e Computa\u00e7\u00e3o","author":"tatiana","date":"29 de agosto de 2017","format":false,"excerpt":"O Centro de Ci\u00eancias Exatas e Sociais Aplicadas (CCEA) do C\u00e2mpus VII da Universidade Estadual da Para\u00edba (UEPB), em Patos, realizou na noite do dia 23 de agosto a solenidade de Cola\u00e7\u00e3o de Grau das turmas concluintes 2016.2 dos cursos de Bacharelado em Administra\u00e7\u00e3o, Licenciatura em Ci\u00eancias Exatas - Habilita\u00e7\u00e3o\u2026","rel":"","context":"Em &quot;CCEA&quot;","block_context":{"text":"CCEA","link":"https:\/\/centros.uepb.edu.br\/ccea\/category\/ccea\/"},"img":{"alt_text":"","src":"https:\/\/i0.wp.com\/centros.uepb.edu.br\/ccea\/files\/2017\/08\/DSC_0319.jpg?resize=350%2C200&ssl=1","width":350,"height":200,"srcset":"https:\/\/i0.wp.com\/centros.uepb.edu.br\/ccea\/files\/2017\/08\/DSC_0319.jpg?resize=350%2C200&ssl=1 1x, https:\/\/i0.wp.com\/centros.uepb.edu.br\/ccea\/files\/2017\/08\/DSC_0319.jpg?resize=525%2C300&ssl=1 1.5x, https:\/\/i0.wp.com\/centros.uepb.edu.br\/ccea\/files\/2017\/08\/DSC_0319.jpg?resize=700%2C400&ssl=1 2x, https:\/\/i0.wp.com\/centros.uepb.edu.br\/ccea\/files\/2017\/08\/DSC_0319.jpg?resize=1050%2C600&ssl=1 3x, https:\/\/i0.wp.com\/centros.uepb.edu.br\/ccea\/files\/2017\/08\/DSC_0319.jpg?resize=1400%2C800&ssl=1 4x"},"classes":[]},{"id":1711,"url":"https:\/\/centros.uepb.edu.br\/ccea\/2022\/05\/04\/solenidade-de-colacao-de-grau-dos-campus-de-catole-do-rocha-e-patos-encerra-semestre-letivo-2021-2\/","url_meta":{"origin":1022,"position":2},"title":"Solenidade de Cola\u00e7\u00e3o de Grau dos c\u00e2mpus de Catol\u00e9 do Rocha e Patos encerra semestre letivo 2021.2","author":"Givaldo","date":"4 de maio de 2022","format":false,"excerpt":"Uma tarde de sonhos, realiza\u00e7\u00f5es e celebra\u00e7\u00e3o. Momento para exaltar a perseveran\u00e7a e a resili\u00eancia dos formandos e celebrar a conquista do curso superior no Sert\u00e3o paraibano. O Centro de Ci\u00eancias Exatas e Sociais Aplicadas (CCEA), da Universidade Estadual da Para\u00edba (UEPB), C\u00e2mpus VII de Patos, e o Centro de\u2026","rel":"","context":"Em &quot;CCEA&quot;","block_context":{"text":"CCEA","link":"https:\/\/centros.uepb.edu.br\/ccea\/category\/ccea\/"},"img":{"alt_text":"","src":"https:\/\/i0.wp.com\/interno.uepb.edu.br\/wp-content\/uploads\/2022\/05\/colacao-de-grau-Patos-e-Catole-01.jpg?fit=276%2C300&ssl=1&resize=350%2C200","width":350,"height":200},"classes":[]},{"id":1331,"url":"https:\/\/centros.uepb.edu.br\/ccea\/2019\/12\/19\/ccea-forma-novos-profissionais-de-administracao-computacao-fisica-matematica-e-educacao-fisica\/","url_meta":{"origin":1022,"position":3},"title":"CCEA forma novos profissionais de Administra\u00e7\u00e3o, Computa\u00e7\u00e3o, F\u00edsica, Matem\u00e1tica e Educa\u00e7\u00e3o F\u00edsica","author":"tatiana","date":"19 de dezembro de 2019","format":false,"excerpt":"Concluintes dos cursos de Administra\u00e7\u00e3o, Computa\u00e7\u00e3o, F\u00edsica e Matem\u00e1tica do Centro de Ci\u00eancias Exatas e Sociais Aplicadas (CCEA) da Universidade Estadual da Para\u00edba (UEPB), al\u00e9m do curso de Educa\u00e7\u00e3o F\u00edsica ofertado, no C\u00e2mpus VII, pelo Programa Nacional de Forma\u00e7\u00e3o de Professores da Educa\u00e7\u00e3o B\u00e1sica (PARFOR), colaram grau acad\u00eamico na noite\u2026","rel":"","context":"Em &quot;CCEA&quot;","block_context":{"text":"CCEA","link":"https:\/\/centros.uepb.edu.br\/ccea\/category\/ccea\/"},"img":{"alt_text":"","src":"","width":0,"height":0},"classes":[]},{"id":325,"url":"https:\/\/centros.uepb.edu.br\/ccea\/2016\/06\/07\/concluintes-de-ciencias-exatas-administracao-administracao-publica-e-matematica-do-campus-vii-colam-grau\/","url_meta":{"origin":1022,"position":4},"title":"Concluintes de Ci\u00eancias Exatas, Administra\u00e7\u00e3o, Administra\u00e7\u00e3o P\u00fablica e Matem\u00e1tica do C\u00e2mpus VII colam grau","author":"arnaud","date":"7 de junho de 2016","format":false,"excerpt":"Novos profissionais das \u00e1reas de Ci\u00eancias Exatas, Administra\u00e7\u00e3o, Administra\u00e7\u00e3o P\u00fablica e Matem\u00e1tica foram colocados no mercado de trabalho pelo C\u00e2mpus VII da Universidade Estadual da Para\u00edba (UEPB), em Patos, com a solenidade de Cola\u00e7\u00e3o de Grau das turmas concluintes 2015.2 da Institui\u00e7\u00e3o. A cerim\u00f4nia foi realizada na noite desta segunda-feira\u2026","rel":"","context":"Em &quot;CCEA&quot;","block_context":{"text":"CCEA","link":"https:\/\/centros.uepb.edu.br\/ccea\/category\/ccea\/"},"img":{"alt_text":"Cola\u00e7\u00e3o 2015.2 Patos (7)","src":"https:\/\/i0.wp.com\/www.uepb.edu.br\/wp-content\/uploads\/2016\/06\/Cola%C3%A7%C3%A3o-2015.2-Patos-7.jpg?resize=350%2C200","width":350,"height":200,"srcset":"https:\/\/i0.wp.com\/www.uepb.edu.br\/wp-content\/uploads\/2016\/06\/Cola%C3%A7%C3%A3o-2015.2-Patos-7.jpg?resize=350%2C200 1x, https:\/\/i0.wp.com\/www.uepb.edu.br\/wp-content\/uploads\/2016\/06\/Cola%C3%A7%C3%A3o-2015.2-Patos-7.jpg?resize=525%2C300 1.5x, https:\/\/i0.wp.com\/www.uepb.edu.br\/wp-content\/uploads\/2016\/06\/Cola%C3%A7%C3%A3o-2015.2-Patos-7.jpg?resize=700%2C400 2x"},"classes":[]},{"id":1514,"url":"https:\/\/centros.uepb.edu.br\/ccea\/2019\/12\/19\/ccea-forma-novos-profissionais-de-administracao-computacao-fisica-matematica-e-educacao-fisica-2\/","url_meta":{"origin":1022,"position":5},"title":"CCEA forma novos profissionais de Administra\u00e7\u00e3o, Computa\u00e7\u00e3o, F\u00edsica, Matem\u00e1tica e Educa\u00e7\u00e3o F\u00edsica","author":"tatiana","date":"19 de dezembro de 2019","format":false,"excerpt":"Concluintes dos cursos de Administra\u00e7\u00e3o, Computa\u00e7\u00e3o, F\u00edsica e Matem\u00e1tica do Centro de Ci\u00eancias Exatas e Sociais Aplicadas (CCEA) da Universidade Estadual da Para\u00edba (UEPB), al\u00e9m do curso de Educa\u00e7\u00e3o F\u00edsica ofertado, no C\u00e2mpus VII, pelo Programa Nacional de Forma\u00e7\u00e3o de Professores da Educa\u00e7\u00e3o B\u00e1sica (PARFOR), colaram grau acad\u00eamico na noite\u2026","rel":"","context":"Em &quot;CCEA&quot;","block_context":{"text":"CCEA","link":"https:\/\/centros.uepb.edu.br\/ccea\/category\/ccea\/"},"img":{"alt_text":"","src":"https:\/\/i0.wp.com\/www.interno.uepb.edu.br\/wp-content\/uploads\/2019\/12\/Cola%C3%A7%C3%A3o-de-Grau-Patos-1.jpg?resize=350%2C200&ssl=1","width":350,"height":200,"srcset":"https:\/\/i0.wp.com\/www.interno.uepb.edu.br\/wp-content\/uploads\/2019\/12\/Cola%C3%A7%C3%A3o-de-Grau-Patos-1.jpg?resize=350%2C200&ssl=1 1x, https:\/\/i0.wp.com\/www.interno.uepb.edu.br\/wp-content\/uploads\/2019\/12\/Cola%C3%A7%C3%A3o-de-Grau-Patos-1.jpg?resize=525%2C300&ssl=1 1.5x, https:\/\/i0.wp.com\/www.interno.uepb.edu.br\/wp-content\/uploads\/2019\/12\/Cola%C3%A7%C3%A3o-de-Grau-Patos-1.jpg?resize=700%2C400&ssl=1 2x"},"classes":[]}],"_links":{"self":[{"href":"https:\/\/centros.uepb.edu.br\/ccea\/wp-json\/wp\/v2\/posts\/1022","targetHints":{"allow":["GET"]}}],"collection":[{"href":"https:\/\/centros.uepb.edu.br\/ccea\/wp-json\/wp\/v2\/posts"}],"about":[{"href":"https:\/\/centros.uepb.edu.br\/ccea\/wp-json\/wp\/v2\/types\/post"}],"author":[{"embeddable":true,"href":"https:\/\/centros.uepb.edu.br\/ccea\/wp-json\/wp\/v2\/users\/33"}],"replies":[{"embeddable":true,"href":"https:\/\/centros.uepb.edu.br\/ccea\/wp-json\/wp\/v2\/comments?post=1022"}],"version-history":[{"count":0,"href":"https:\/\/centros.uepb.edu.br\/ccea\/wp-json\/wp\/v2\/posts\/1022\/revisions"}],"wp:attachment":[{"href":"https:\/\/centros.uepb.edu.br\/ccea\/wp-json\/wp\/v2\/media?parent=1022"}],"wp:term":[{"taxonomy":"category","embeddable":true,"href":"https:\/\/centros.uepb.edu.br\/ccea\/wp-json\/wp\/v2\/categories?post=1022"},{"taxonomy":"post_tag","embeddable":true,"href":"https:\/\/centros.uepb.edu.br\/ccea\/wp-json\/wp\/v2\/tags?post=1022"}],"curies":[{"name":"wp","href":"https:\/\/api.w.org\/{rel}","templated":true}]}}