{"id":1016,"date":"2018-05-07T13:02:26","date_gmt":"2018-05-07T13:02:26","guid":{"rendered":"https:\/\/centros.uepb.edu.br\/ccea\/?p=1016"},"modified":"2018-05-07T13:02:26","modified_gmt":"2018-05-07T13:02:26","slug":"2o-escola-patoense-de-fisica-sera-realizada-no-campus-vii-da-universidade-estadual-da-paraiba","status":"publish","type":"post","link":"https:\/\/centros.uepb.edu.br\/ccea\/2018\/05\/07\/2o-escola-patoense-de-fisica-sera-realizada-no-campus-vii-da-universidade-estadual-da-paraiba\/","title":{"rendered":"2\u00ba Escola Patoense de F\u00edsica ser\u00e1 realizada no C\u00e2mpus VII da Universidade Estadual da Para\u00edba"},"content":{"rendered":"<p>O Centro de Ci\u00eancias Exatas e Sociais Aplicadas (CCEA), da Universidade Estadual da Para\u00edba (UEPB), com apoio e patroc\u00ednio da Funda\u00e7\u00e3o de Apoio a Pesquisa do Estado da Para\u00edba (FAPESQ-PB), promove a 2\u00aa Escola Patoense de F\u00edsica. O evento ser\u00e1 realizado no per\u00edodo de 7 a 18 de maio e ter\u00e1 suas atividades concentradas no audit\u00f3rio Celso Furtado, C\u00e2mpus VII da UEPB, em Patos.<\/p>\n<p>A iniciativa \u00e9 uma organiza\u00e7\u00e3o do professor Valdeci Mestre e alunos do curso de Licenciatura em F\u00edsica do CCEA e tem como objetivo democratizar o acesso ao conhecimento cient\u00edfico proporcionando, aos graduandos da licenciatura, um espa\u00e7o de amplia\u00e7\u00e3o e produ\u00e7\u00e3o de conhecimento, atrav\u00e9s de an\u00e1lises e discuss\u00f5es de pesquisas e temas relevantes do mundo da F\u00edsica, que possam contribuir para a inclus\u00e3o dos alunos nos diferentes n\u00edveis de ensino estimulando novas leituras, estudos e investiga\u00e7\u00f5es.<\/p>\n<p>O evento conta com uma vasta programa\u00e7\u00e3o com palestras de pesquisadores de diversas institui\u00e7\u00f5es do Nordeste. A programa\u00e7\u00e3o completa do evento com todas as indica\u00e7\u00f5es de atividades e hor\u00e1rios, pode ser conferida no link <a href=\"https:\/\/escolapatoensefisica.wixsite.com\/evento\">https:\/\/escolapatoensefisica.wixsite.com\/evento<\/a>. \u00a0Outras informa\u00e7\u00f5es sobre o evento podem ser obtidas pelo telefone (83) 3421 1475 ou ainda atrav\u00e9s do e-mail escolapatoensedefisica@gmail.com.<\/p>\n<p>&nbsp;<\/p>\n<p>Texto: Tatiany Escari\u00e3o<\/p>\n","protected":false},"excerpt":{"rendered":"<p>O Centro de Ci\u00eancias Exatas e Sociais Aplicadas (CCEA), da Universidade Estadual da Para\u00edba (UEPB), com apoio e patroc\u00ednio da Funda\u00e7\u00e3o de Apoio a Pesquisa do Estado da Para\u00edba (FAPESQ-PB), promove a 2\u00aa Escola Patoense de F\u00edsica. O evento ser\u00e1 realizado no per\u00edodo de 7 a 18 de maio e ter\u00e1 suas atividades concentradas no <a class=\"leiamais\" href=\"https:\/\/centros.uepb.edu.br\/ccea\/2018\/05\/07\/2o-escola-patoense-de-fisica-sera-realizada-no-campus-vii-da-universidade-estadual-da-paraiba\/\">Leia Mais&#8230;<\/a><\/p>\n","protected":false},"author":33,"featured_media":0,"comment_status":"closed","ping_status":"closed","sticky":false,"template":"","format":"standard","meta":{"jetpack_post_was_ever_published":false,"_jetpack_newsletter_access":"","_jetpack_dont_email_post_to_subs":false,"_jetpack_newsletter_tier_id":0,"_jetpack_memberships_contains_paywalled_content":false,"_jetpack_memberships_contains_paid_content":false,"footnotes":"","jetpack_publicize_message":"","jetpack_publicize_feature_enabled":true,"jetpack_social_post_already_shared":true,"jetpack_social_options":{"image_generator_settings":{"template":"highway","default_image_id":0,"font":"","enabled":false},"version":2}},"categories":[8,3],"tags":[],"class_list":["post-1016","post","type-post","status-publish","format-standard","hentry","category-ccea","category-noticias"],"jetpack_publicize_connections":[],"jetpack_featured_media_url":"","jetpack_sharing_enabled":true,"jetpack_shortlink":"https:\/\/wp.me\/p7WTGX-go","jetpack_likes_enabled":true,"jetpack-related-posts":[{"id":1028,"url":"https:\/\/centros.uepb.edu.br\/ccea\/2018\/05\/09\/2a-escola-patoense-de-fisica-e-realizada-no-campus-vii-da-universidade-estadual-da-paraiba\/","url_meta":{"origin":1016,"position":0},"title":"2\u00aa Escola Patoense de F\u00edsica \u00e9 realizada no C\u00e2mpus VII da Universidade Estadual da Para\u00edba","author":"tatiany","date":"9 de maio de 2018","format":false,"excerpt":"Teve in\u00edcio na noite da \u00faltima segunda-feira (7), a 2\u00aa Escola Patoense de F\u00edsica, promovida pelo Centro de Ci\u00eancias Exatas e Sociais Aplicadas (CCEA), da Universidade Estadual da Para\u00edba (UEPB), com apoio e patroc\u00ednio da Funda\u00e7\u00e3o de Apoio a Pesquisa do Estado da Para\u00edba (FAPESQ-PB). O evento acontece no audit\u00f3rio\u2026","rel":"","context":"Em &quot;CCEA&quot;","block_context":{"text":"CCEA","link":"https:\/\/centros.uepb.edu.br\/ccea\/category\/ccea\/"},"img":{"alt_text":"","src":"https:\/\/i0.wp.com\/centros.uepb.edu.br\/ccea\/files\/2018\/05\/20180507_190219.jpg?resize=350%2C200&ssl=1","width":350,"height":200,"srcset":"https:\/\/i0.wp.com\/centros.uepb.edu.br\/ccea\/files\/2018\/05\/20180507_190219.jpg?resize=350%2C200&ssl=1 1x, https:\/\/i0.wp.com\/centros.uepb.edu.br\/ccea\/files\/2018\/05\/20180507_190219.jpg?resize=525%2C300&ssl=1 1.5x, https:\/\/i0.wp.com\/centros.uepb.edu.br\/ccea\/files\/2018\/05\/20180507_190219.jpg?resize=700%2C400&ssl=1 2x, https:\/\/i0.wp.com\/centros.uepb.edu.br\/ccea\/files\/2018\/05\/20180507_190219.jpg?resize=1050%2C600&ssl=1 3x, https:\/\/i0.wp.com\/centros.uepb.edu.br\/ccea\/files\/2018\/05\/20180507_190219.jpg?resize=1400%2C800&ssl=1 4x"},"classes":[]},{"id":1049,"url":"https:\/\/centros.uepb.edu.br\/ccea\/2018\/05\/11\/universidade-estadual-entrega-medalhas-a-112-alunos-premiados-na-olimpiada-brasileira-de-fisica-2017\/","url_meta":{"origin":1016,"position":1},"title":"Universidade Estadual entrega medalhas a 112 alunos premiados na Olimp\u00edada Brasileira de F\u00edsica 2017","author":"tatiana","date":"11 de maio de 2018","format":false,"excerpt":"Com cursos de F\u00edsica formando professores h\u00e1 d\u00e9cadas, a Universidade Estadual da Para\u00edba (UEPB) premiou na manh\u00e3 desta sexta-feira (29), em solenidade realizada na Funda\u00e7\u00e3o Parque Tecnol\u00f3gico da Para\u00edba (PaqTcPB), em Campina Grande, os melhores estudantes de F\u00edsica da Para\u00edba, oriundos das redes privada e p\u00fablica de ensino, que disputaram\u2026","rel":"","context":"Em &quot;CCEA&quot;","block_context":{"text":"CCEA","link":"https:\/\/centros.uepb.edu.br\/ccea\/category\/ccea\/"},"img":{"alt_text":"","src":"","width":0,"height":0},"classes":[]},{"id":343,"url":"https:\/\/centros.uepb.edu.br\/ccea\/2016\/08\/26\/campus-de-patos-promove-curso-de-capacitacao-para-professores-de-fisica-do-ensino-medio-da-rede-publica\/","url_meta":{"origin":1016,"position":2},"title":"C\u00e2mpus de Patos promove curso de capacita\u00e7\u00e3o para professores de F\u00edsica do Ensino M\u00e9dio da rede p\u00fablica","author":"tatiana","date":"26 de agosto de 2016","format":false,"excerpt":"Ser\u00e1 realizado durante os dias 9 e 10 de setembro, no Centro de Ci\u00eancias Exatas e Sociais Aplicadas (CCEA) da Universidade Estadual da Para\u00edba (UEPB), C\u00e2mpus VII, localizado na cidade de Patos, o curso de capacita\u00e7\u00e3o para professores de F\u00edsica das Escolas P\u00fablicas da Para\u00edba lotadas na 6\u00aa Regional de\u2026","rel":"","context":"Em &quot;CCEA&quot;","block_context":{"text":"CCEA","link":"https:\/\/centros.uepb.edu.br\/ccea\/category\/ccea\/"},"img":{"alt_text":"","src":"","width":0,"height":0},"classes":[]},{"id":947,"url":"https:\/\/centros.uepb.edu.br\/ccea\/2018\/03\/28\/robotica-educacional-e-tema-de-minicurso-realizado-no-campus-vii-da-universidade-estadual-em-patos\/","url_meta":{"origin":1016,"position":3},"title":"Rob\u00f3tica Educacional \u00e9 tema de minicurso realizado no C\u00e2mpus VII da Universidade Estadual em Patos","author":"tatiany","date":"28 de mar\u00e7o de 2018","format":false,"excerpt":"O Centro de Ci\u00eancias Exatas e Sociais Aplicadas (CCEA), da Universidade Estadual da Para\u00edba (UEPB), atrav\u00e9s do curso de Licenciatura em F\u00edsica da Institui\u00e7\u00e3o, e parceria com a Secretaria de Estado da Educa\u00e7\u00e3o, realizou na noite desta ter\u00e7a-feira (27), a aula inaugural da 2\u00aa edi\u00e7\u00e3o do minicurso intitulado Rob\u00f3tica Educacional,\u2026","rel":"","context":"Em &quot;CCEA&quot;","block_context":{"text":"CCEA","link":"https:\/\/centros.uepb.edu.br\/ccea\/category\/ccea\/"},"img":{"alt_text":"","src":"","width":0,"height":0},"classes":[]},{"id":1580,"url":"https:\/\/centros.uepb.edu.br\/ccea\/2021\/07\/22\/reitora-e-secretario-de-educacao-da-paraiba-se-reunem-para-dialogar-sobre-demandas-do-campus-vii\/","url_meta":{"origin":1016,"position":4},"title":"Reitora e secret\u00e1rio de Educa\u00e7\u00e3o da Para\u00edba se re\u00fanem para dialogar sobre demandas do C\u00e2mpus VII","author":"Givaldo","date":"22 de julho de 2021","format":false,"excerpt":"A reitora da Universidade Estadual da Para\u00edba (UEPB), professora C\u00e9lia Regina Diniz, e o secret\u00e1rio de Educa\u00e7\u00e3o do Estado da Para\u00edba, professor Cl\u00e1udio Furtado, estiveram reunidos no C\u00e2mpus VII, em Patos, para discutir a\u00e7\u00f5es e ouvir sobre projetos e demandas do Centro de Ci\u00eancias Exatas e Sociais Aplicadas (CCEA). A\u2026","rel":"","context":"Em &quot;CCEA&quot;","block_context":{"text":"CCEA","link":"https:\/\/centros.uepb.edu.br\/ccea\/category\/ccea\/"},"img":{"alt_text":"","src":"","width":0,"height":0},"classes":[]},{"id":568,"url":"https:\/\/centros.uepb.edu.br\/ccea\/2017\/09\/27\/campus-vii-da-universidade-estadual-da-paraiba-realiza-1a-gincana-didatico-pedagogica\/","url_meta":{"origin":1016,"position":5},"title":"C\u00e2mpus VII da Universidade Estadual da Para\u00edba realiza 1\u00aa Gincana Did\u00e1tico-Pedag\u00f3gica","author":"tatiana","date":"27 de setembro de 2017","format":false,"excerpt":"Com uma apresenta\u00e7\u00e3o din\u00e2mica e alunos motivados, foi realizada nesta segunda-feira (25), no Centro de Ci\u00eancias Exatas e Sociais Aplicadas (CCEA), em Patos, a 1\u00aa Gincana Did\u00e1tico-Pedag\u00f3gica da Universidade Estadual da Para\u00edba (UEPB). A atividade aconteceu no Audit\u00f3rio do C\u00e2mpus VII e reuniu cerca de 60 alunos dos cursos de\u2026","rel":"","context":"Em &quot;CCEA&quot;","block_context":{"text":"CCEA","link":"https:\/\/centros.uepb.edu.br\/ccea\/category\/ccea\/"},"img":{"alt_text":"","src":"","width":0,"height":0},"classes":[]}],"_links":{"self":[{"href":"https:\/\/centros.uepb.edu.br\/ccea\/wp-json\/wp\/v2\/posts\/1016","targetHints":{"allow":["GET"]}}],"collection":[{"href":"https:\/\/centros.uepb.edu.br\/ccea\/wp-json\/wp\/v2\/posts"}],"about":[{"href":"https:\/\/centros.uepb.edu.br\/ccea\/wp-json\/wp\/v2\/types\/post"}],"author":[{"embeddable":true,"href":"https:\/\/centros.uepb.edu.br\/ccea\/wp-json\/wp\/v2\/users\/33"}],"replies":[{"embeddable":true,"href":"https:\/\/centros.uepb.edu.br\/ccea\/wp-json\/wp\/v2\/comments?post=1016"}],"version-history":[{"count":0,"href":"https:\/\/centros.uepb.edu.br\/ccea\/wp-json\/wp\/v2\/posts\/1016\/revisions"}],"wp:attachment":[{"href":"https:\/\/centros.uepb.edu.br\/ccea\/wp-json\/wp\/v2\/media?parent=1016"}],"wp:term":[{"taxonomy":"category","embeddable":true,"href":"https:\/\/centros.uepb.edu.br\/ccea\/wp-json\/wp\/v2\/categories?post=1016"},{"taxonomy":"post_tag","embeddable":true,"href":"https:\/\/centros.uepb.edu.br\/ccea\/wp-json\/wp\/v2\/tags?post=1016"}],"curies":[{"name":"wp","href":"https:\/\/api.w.org\/{rel}","templated":true}]}}