{"id":1010,"date":"2018-05-07T12:22:46","date_gmt":"2018-05-07T12:22:46","guid":{"rendered":"https:\/\/centros.uepb.edu.br\/ccea\/?p=1010"},"modified":"2018-05-07T12:24:57","modified_gmt":"2018-05-07T12:24:57","slug":"ccea-firma-parceria-com-academia-de-ginastica-e-amplia-oferta-de-atividades-de-promocao-da-saude-para-comunidade-universitaria","status":"publish","type":"post","link":"https:\/\/centros.uepb.edu.br\/ccea\/2018\/05\/07\/ccea-firma-parceria-com-academia-de-ginastica-e-amplia-oferta-de-atividades-de-promocao-da-saude-para-comunidade-universitaria\/","title":{"rendered":"CCEA firma parceria com academia de gin\u00e1stica e amplia oferta de atividades de promo\u00e7\u00e3o da sa\u00fade"},"content":{"rendered":"<p>A dire\u00e7\u00e3o do Centro de Ci\u00eancias Exatas e Sociais Aplicadas (CCEA), da Universidade Estadual da Para\u00edba (UEPB), e a Coordenadoria de Esporte e Lazer da Institui\u00e7\u00e3o, com intuito de ampliar o acesso \u00e0s atividades de promo\u00e7\u00e3o da sa\u00fade que o Centro oferece, atrav\u00e9s das pr\u00e1ticas realizadas pela sua academia de gin\u00e1stica, firmaram parceria com a academia Noova Store Fitness para o desenvolvimento de a\u00e7\u00f5es conjuntas de incentivo que beneficie toda a comunidade acad\u00eamica.<\/p>\n<p>A iniciativa tem como objetivo mobilizar a comunidade e incentivar a promo\u00e7\u00e3o da sa\u00fade, a partir da associa\u00e7\u00e3o com espa\u00e7os alternativos com infraestrutura, aparelhamento e uma equipe de colaboradores qualificados para a orienta\u00e7\u00e3o de pr\u00e1ticas corporais e atividade f\u00edsica e de lazer, que possam contribuir para melhorias nas condi\u00e7\u00f5es da sa\u00fade e na qualidade de vida.<\/p>\n<p>Atrav\u00e9s da atua\u00e7\u00e3o conjunta estabelecida pela parceria entre Institui\u00e7\u00e3o e Academia, alunos e servidores do C\u00e2mpus VII que j\u00e1 disponibilizam da pr\u00e1tica de atividades f\u00edsicas oferecidas, gratuitamente, pela academia do CCEA nas modalidades muscula\u00e7\u00e3o, karat\u00ea, capoeira, dan\u00e7a e treinamento funcional, agora tamb\u00e9m ir\u00e3o dispor de atividades nas modalidades spinning, step, aero combat, aer\u00f3bica, localizada, relax e funcional, que ser\u00e3o oferecidas pela academia Noova Store Fitness, com a concess\u00e3o de desconto de 33, 33% no valor da mensalidade para a pr\u00e1tica de qualquer modalidade oferecida, al\u00e9m de avalia\u00e7\u00e3o f\u00edsica e acompanhamento profissional.<\/p>\n<p>A academia conta com infraestrutura moderna, ambiente climatizado e disp\u00f5e de equipamentos de refer\u00eancia no mercado, al\u00e9m de uma equipe de profissionais capacitados e especializados. Para efetuar a sua matr\u00edcula, e desfrutar de todos os benef\u00edcios concedidos atrav\u00e9s desta parceria os alunos do C\u00e2mpus VII devem apresentar no ato da inscri\u00e7\u00e3o uma declara\u00e7\u00e3o atualizada da Institui\u00e7\u00e3o comprovando v\u00ednculo com a Universidade, e os servidores, o \u00faltimo contracheque.<\/p>\n<p>A academia est\u00e1 localizada a Rua Pedro Firmino, n\u00famero 711, no Centro da cidade de Patos. Visite as instala\u00e7\u00f5es da academia e conhe\u00e7a os programas que a Noova preparou para voc\u00ea. Mais informa\u00e7\u00f5es podem ser obtidas atrav\u00e9s do telefone (83) 99823 6440 ou ainda pelo e-mail <a href=\"http:\/\/www.noovaacademia.com.br\">www.noovaacademia.com.br<\/a><\/p>\n<p>&nbsp;<\/p>\n<p>Texto: Tatiany Escari\u00e3o<\/p>\n","protected":false},"excerpt":{"rendered":"<p>A dire\u00e7\u00e3o do Centro de Ci\u00eancias Exatas e Sociais Aplicadas (CCEA), da Universidade Estadual da Para\u00edba (UEPB), e a Coordenadoria de Esporte e Lazer da Institui\u00e7\u00e3o, com intuito de ampliar o acesso \u00e0s atividades de promo\u00e7\u00e3o da sa\u00fade que o Centro oferece, atrav\u00e9s das pr\u00e1ticas realizadas pela sua academia de gin\u00e1stica, firmaram parceria com a <a class=\"leiamais\" href=\"https:\/\/centros.uepb.edu.br\/ccea\/2018\/05\/07\/ccea-firma-parceria-com-academia-de-ginastica-e-amplia-oferta-de-atividades-de-promocao-da-saude-para-comunidade-universitaria\/\">Leia Mais&#8230;<\/a><\/p>\n","protected":false},"author":33,"featured_media":0,"comment_status":"closed","ping_status":"closed","sticky":false,"template":"","format":"standard","meta":{"jetpack_post_was_ever_published":false,"_jetpack_newsletter_access":"","_jetpack_dont_email_post_to_subs":false,"_jetpack_newsletter_tier_id":0,"_jetpack_memberships_contains_paywalled_content":false,"_jetpack_memberships_contains_paid_content":false,"footnotes":"","jetpack_publicize_message":"","jetpack_publicize_feature_enabled":true,"jetpack_social_post_already_shared":true,"jetpack_social_options":{"image_generator_settings":{"template":"highway","default_image_id":0,"font":"","enabled":false},"version":2}},"categories":[8,3],"tags":[],"class_list":["post-1010","post","type-post","status-publish","format-standard","hentry","category-ccea","category-noticias"],"jetpack_publicize_connections":[],"jetpack_featured_media_url":"","jetpack_sharing_enabled":true,"jetpack_shortlink":"https:\/\/wp.me\/p7WTGX-gi","jetpack_likes_enabled":true,"jetpack-related-posts":[{"id":836,"url":"https:\/\/centros.uepb.edu.br\/ccea\/2018\/02\/27\/dia-da-saude-sera-realizado-no-campus-vii-da-uepb-com-acoes-de-prevencao-de-doencas-e-promocao-da-saude\/","url_meta":{"origin":1010,"position":0},"title":"Dia da Sa\u00fade ser\u00e1 realizado no C\u00e2mpus VII da UEPB com a\u00e7\u00f5es de preven\u00e7\u00e3o de doen\u00e7as e promo\u00e7\u00e3o da Sa\u00fade","author":"tatiany","date":"27 de fevereiro de 2018","format":false,"excerpt":"A Universidade Estadual da Para\u00edba (UEPB), por meio do Centro de Ci\u00eancias Exatas e Sociais Aplicadas (CCEA), em parceria com a Coordenadoria de Esportes e Lazer (COEL) da Institui\u00e7\u00e3o, Prefeitura Municipal de Patos, atrav\u00e9s do N\u00facleo de Apoio a Sa\u00fade da Fam\u00edlia (NASF), e apoio de Hidelberto Duarte Personal Trainer,\u2026","rel":"","context":"Em &quot;CCEA&quot;","block_context":{"text":"CCEA","link":"https:\/\/centros.uepb.edu.br\/ccea\/category\/ccea\/"},"img":{"alt_text":"","src":"","width":0,"height":0},"classes":[]},{"id":987,"url":"https:\/\/centros.uepb.edu.br\/ccea\/2018\/04\/11\/coordenadoria-de-esporte-do-ccea-informa-novo-horario-de-funcionamento-da-academia-e-a-abertura-de-inscricoes-para-atividades-no-campus-vii\/","url_meta":{"origin":1010,"position":1},"title":"Coordenadoria de Esporte informa novo hor\u00e1rio de funcionamento da academia no C\u00e2mpus VII","author":"tatiany","date":"11 de abril de 2018","format":false,"excerpt":"A Coordenadoria de Esporte e Lazer do Centro de Ci\u00eancias Exatas e Sociais Aplicadas (CCEA), C\u00e2mpus VII da Universidade Estadual da Para\u00edba (UEPB) informa, a toda comunidade acad\u00eamica, o novo hor\u00e1rio de funcionamento da academia do CCEA e a abertura de inscri\u00e7\u00f5es para forma\u00e7\u00e3o de novas turmas para aulas de\u2026","rel":"","context":"Em &quot;CCEA&quot;","block_context":{"text":"CCEA","link":"https:\/\/centros.uepb.edu.br\/ccea\/category\/ccea\/"},"img":{"alt_text":"","src":"","width":0,"height":0},"classes":[]},{"id":868,"url":"https:\/\/centros.uepb.edu.br\/ccea\/2018\/03\/08\/dia-da-saude-uepb-e-realizado-no-campus-vii-com-atividades-voltadas-a-prevencao-de-doencas\/","url_meta":{"origin":1010,"position":2},"title":"\u201cDia da Sa\u00fade UEPB\u201d \u00e9 realizado no C\u00e2mpus VII com atividades voltadas \u00e0 preven\u00e7\u00e3o de doen\u00e7as","author":"tatiany","date":"8 de mar\u00e7o de 2018","format":false,"excerpt":"A Universidade Estadual da Para\u00edba (UEPB), por meio do Centro de Ci\u00eancias Exatas e Sociais Aplicadas (CCEA), em parceria com a Coordenadoria de Esportes e Lazer (COEL) da Institui\u00e7\u00e3o, Prefeitura Municipal de Patos, atrav\u00e9s do N\u00facleo de Apoio a Sa\u00fade da Fam\u00edlia (NASF), e apoio de Hidelberto Duarte Personal Trainer,\u2026","rel":"","context":"Em &quot;CCEA&quot;","block_context":{"text":"CCEA","link":"https:\/\/centros.uepb.edu.br\/ccea\/category\/ccea\/"},"img":{"alt_text":"","src":"https:\/\/i0.wp.com\/centros.uepb.edu.br\/ccea\/files\/2018\/03\/Dia-da-Sa%C3%BAde-7.jpg?resize=350%2C200&ssl=1","width":350,"height":200,"srcset":"https:\/\/i0.wp.com\/centros.uepb.edu.br\/ccea\/files\/2018\/03\/Dia-da-Sa%C3%BAde-7.jpg?resize=350%2C200&ssl=1 1x, https:\/\/i0.wp.com\/centros.uepb.edu.br\/ccea\/files\/2018\/03\/Dia-da-Sa%C3%BAde-7.jpg?resize=525%2C300&ssl=1 1.5x, https:\/\/i0.wp.com\/centros.uepb.edu.br\/ccea\/files\/2018\/03\/Dia-da-Sa%C3%BAde-7.jpg?resize=700%2C400&ssl=1 2x"},"classes":[]},{"id":418,"url":"https:\/\/centros.uepb.edu.br\/ccea\/2017\/02\/13\/abertas-inscricoes-para-interessados-em-participar-de-atividades-da-academia-de-ginastica-do-campus-vii\/","url_meta":{"origin":1010,"position":3},"title":"UEPB inaugura academia no C\u00e2mpus de Patos e inscreve interessados em participar das atividades de gin\u00e1stica","author":"arnaud","date":"13 de fevereiro de 2017","format":false,"excerpt":"O Centro de Ci\u00eancias Exatas e Sociais Aplicadas (CCEA), localizado no C\u00e2mpus VII da Universidade Estadual da Para\u00edba (UEPB), em Patos, est\u00e1 com inscri\u00e7\u00f5es abetas para os interessados em ter acesso aos servi\u00e7os oferecidos pela Academia de Gin\u00e1stica da Institui\u00e7\u00e3o. O espa\u00e7o foi inaugurado nesta quarta-feira (15), quando foi feita\u2026","rel":"","context":"Em &quot;CCEA&quot;","block_context":{"text":"CCEA","link":"https:\/\/centros.uepb.edu.br\/ccea\/category\/ccea\/"},"img":{"alt_text":"","src":"","width":0,"height":0},"classes":[]},{"id":939,"url":"https:\/\/centros.uepb.edu.br\/ccea\/2018\/03\/22\/ginastica-laboral-e-oferecida-aos-servidores-do-centro-de-ciencias-exatas-e-sociais-aplicadas\/","url_meta":{"origin":1010,"position":4},"title":"Gin\u00e1stica laboral \u00e9 oferecida aos servidores do Centro de Ci\u00eancias Exatas e Sociais Aplicadas","author":"tatiana","date":"22 de mar\u00e7o de 2018","format":false,"excerpt":"Preocupada com o bem-estar de professores e t\u00e9cnicos administrativos, e com a preven\u00e7\u00e3o de doen\u00e7as ocupacionais como dores e inc\u00f4modos que ocorrem devido \u00e0s atividades cotidianas de um ambiente de trabalho, a dire\u00e7\u00e3o do Centro de Ci\u00eancias Exatas e Sociais Aplicadas (CCEA), da Universidade Estadual da Para\u00edba (UEPB), por meio\u2026","rel":"","context":"Em &quot;CCEA&quot;","block_context":{"text":"CCEA","link":"https:\/\/centros.uepb.edu.br\/ccea\/category\/ccea\/"},"img":{"alt_text":"","src":"","width":0,"height":0},"classes":[]},{"id":983,"url":"https:\/\/centros.uepb.edu.br\/ccea\/2018\/04\/10\/atividades-esportivas-promovidas-pela-coel-movimentam-campus-da-universidade-estadual-da-paraiba\/","url_meta":{"origin":1010,"position":5},"title":"Atividades esportivas promovidas pela Coel movimentam c\u00e2mpus da Universidade Estadual da Para\u00edba","author":"tatiana","date":"10 de abril de 2018","format":false,"excerpt":"Dentro da proposta de descentralizar as atividades esportivas na Universidade Estadual da Para\u00edba (UEPB), a Pr\u00f3-Reitoria Estudantil (PROEST), atrav\u00e9s da Coordenadoria de Esportes e Lazer (COEL), est\u00e1 apoiando uma s\u00e9rie de atividades programadas para esse m\u00eas de abril em tr\u00eas c\u00e2mpus da Institui\u00e7\u00e3o. Inicialmente, a COEL incentivou a realiza\u00e7\u00e3o a\u2026","rel":"","context":"Em &quot;CCEA&quot;","block_context":{"text":"CCEA","link":"https:\/\/centros.uepb.edu.br\/ccea\/category\/ccea\/"},"img":{"alt_text":"","src":"","width":0,"height":0},"classes":[]}],"_links":{"self":[{"href":"https:\/\/centros.uepb.edu.br\/ccea\/wp-json\/wp\/v2\/posts\/1010","targetHints":{"allow":["GET"]}}],"collection":[{"href":"https:\/\/centros.uepb.edu.br\/ccea\/wp-json\/wp\/v2\/posts"}],"about":[{"href":"https:\/\/centros.uepb.edu.br\/ccea\/wp-json\/wp\/v2\/types\/post"}],"author":[{"embeddable":true,"href":"https:\/\/centros.uepb.edu.br\/ccea\/wp-json\/wp\/v2\/users\/33"}],"replies":[{"embeddable":true,"href":"https:\/\/centros.uepb.edu.br\/ccea\/wp-json\/wp\/v2\/comments?post=1010"}],"version-history":[{"count":0,"href":"https:\/\/centros.uepb.edu.br\/ccea\/wp-json\/wp\/v2\/posts\/1010\/revisions"}],"wp:attachment":[{"href":"https:\/\/centros.uepb.edu.br\/ccea\/wp-json\/wp\/v2\/media?parent=1010"}],"wp:term":[{"taxonomy":"category","embeddable":true,"href":"https:\/\/centros.uepb.edu.br\/ccea\/wp-json\/wp\/v2\/categories?post=1010"},{"taxonomy":"post_tag","embeddable":true,"href":"https:\/\/centros.uepb.edu.br\/ccea\/wp-json\/wp\/v2\/tags?post=1010"}],"curies":[{"name":"wp","href":"https:\/\/api.w.org\/{rel}","templated":true}]}}