{"id":1003,"date":"2018-04-23T13:39:42","date_gmt":"2018-04-23T13:39:42","guid":{"rendered":"https:\/\/centros.uepb.edu.br\/ccea\/?p=1003"},"modified":"2018-04-23T13:39:42","modified_gmt":"2018-04-23T13:39:42","slug":"cine-debate-do-mes-de-abril-promove-exibicao-do-documentario-brasileiro-o-dia-que-durou-21-anos","status":"publish","type":"post","link":"https:\/\/centros.uepb.edu.br\/ccea\/2018\/04\/23\/cine-debate-do-mes-de-abril-promove-exibicao-do-documentario-brasileiro-o-dia-que-durou-21-anos\/","title":{"rendered":"Cine debate do m\u00eas de abril promove exibi\u00e7\u00e3o do document\u00e1rio brasileiro \u201cO dia que durou 21 anos\u201d"},"content":{"rendered":"<p>O Centro de Ci\u00eancias Exatas e Sociais Aplicadas (CCEA), C\u00e2mpus VII da Universidade Estadual da Para\u00edba (UEPB), atrav\u00e9s do projeto Cine Debate, realiza na pr\u00f3xima quarta-feira (25), \u00e0s 19h, no audit\u00f3rio Celso Furtado, a segunda sess\u00e3o de cinema do projeto com exibi\u00e7\u00e3o comentada do document\u00e1rio brasileiro \u201cO dia que durou 21 anos\u201d, dirigido por Camilo Tavares.<\/p>\n<p>A produ\u00e7\u00e3o cinematogr\u00e1fica apresenta os bastidores para efetiva\u00e7\u00e3o do golpe de estado de 1964, que ocorreu no Brasil, revelando a influ\u00eancia de interesses internacionais e privados na instaura\u00e7\u00e3o de um regime ditatorial no pa\u00eds durante mais de duas d\u00e9cadas.<\/p>\n<p>Diante de um contexto de retrocessos pol\u00edticos, sociais e econ\u00f4micos, experienciados no atual momento hist\u00f3rico nacional, o document\u00e1rio possibilitar\u00e1 enxergar como a hist\u00f3ria brasileira est\u00e1 marcada por retroced\u00eancias que fragilizam a democracia que, com dificuldades, ainda se luta para construir.<\/p>\n<p>Desta forma, torna-se imprescind\u00edvel que a comunidade acad\u00eamica assista a exibi\u00e7\u00e3o do document\u00e1rio para amplitude dos conhecimentos hist\u00f3ricos sobre o per\u00edodo e constru\u00e7\u00e3o de uma an\u00e1lise cr\u00edtica acerca da atual conjuntura pol\u00edtica do pa\u00eds. O evento \u00e9 gratuito e aberto ao p\u00fablico.<\/p>\n<p>O projeto Cine Debate \u00e9 um espa\u00e7o de produ\u00e7\u00e3o de conhecimento que associa o debate hist\u00f3rico a cr\u00edtica cinematogr\u00e1fica, possibilitando a compreens\u00e3o cr\u00edtica e a discuss\u00e3o dos temas contempor\u00e2neos da realidade socioecon\u00f4mica e pol\u00edtica brasileira em perspectiva hist\u00f3rica colaborando, desta forma, com o processo de forma\u00e7\u00e3o social.<\/p>\n<p>A iniciativa \u00e9 uma organiza\u00e7\u00e3o da Soci\u00f3loga Susi Resende, professora dos Cursos de bacharelado em Administra\u00e7\u00e3o; e Jefferson Felipe, professor do curso de Ci\u00eancias da Computa\u00e7\u00e3o.<\/p>\n<p>&nbsp;<\/p>\n<p><strong>Texto<\/strong>: Tatiany Escari\u00e3o<\/p>\n","protected":false},"excerpt":{"rendered":"<p>O Centro de Ci\u00eancias Exatas e Sociais Aplicadas (CCEA), C\u00e2mpus VII da Universidade Estadual da Para\u00edba (UEPB), atrav\u00e9s do projeto Cine Debate, realiza na pr\u00f3xima quarta-feira (25), \u00e0s 19h, no audit\u00f3rio Celso Furtado, a segunda sess\u00e3o de cinema do projeto com exibi\u00e7\u00e3o comentada do document\u00e1rio brasileiro \u201cO dia que durou 21 anos\u201d, dirigido por Camilo <a class=\"leiamais\" href=\"https:\/\/centros.uepb.edu.br\/ccea\/2018\/04\/23\/cine-debate-do-mes-de-abril-promove-exibicao-do-documentario-brasileiro-o-dia-que-durou-21-anos\/\">Leia Mais&#8230;<\/a><\/p>\n","protected":false},"author":33,"featured_media":0,"comment_status":"closed","ping_status":"closed","sticky":false,"template":"","format":"standard","meta":{"jetpack_post_was_ever_published":false,"_jetpack_newsletter_access":"","_jetpack_dont_email_post_to_subs":false,"_jetpack_newsletter_tier_id":0,"_jetpack_memberships_contains_paywalled_content":false,"_jetpack_memberships_contains_paid_content":false,"footnotes":"","jetpack_publicize_message":"","jetpack_publicize_feature_enabled":true,"jetpack_social_post_already_shared":true,"jetpack_social_options":{"image_generator_settings":{"template":"highway","default_image_id":0,"font":"","enabled":false},"version":2}},"categories":[8,3],"tags":[],"class_list":["post-1003","post","type-post","status-publish","format-standard","hentry","category-ccea","category-noticias"],"jetpack_publicize_connections":[],"jetpack_featured_media_url":"","jetpack_sharing_enabled":true,"jetpack_shortlink":"https:\/\/wp.me\/p7WTGX-gb","jetpack_likes_enabled":true,"jetpack-related-posts":[{"id":871,"url":"https:\/\/centros.uepb.edu.br\/ccea\/2018\/03\/08\/1a-edicao-do-cine-debate-sera-realizado-no-campus-vii-da-universidade-estadual-em-homenagem-ao-dia-internacional-da-mulher\/","url_meta":{"origin":1003,"position":0},"title":"C\u00e2mpus VII realiza 1\u00aa edi\u00e7\u00e3o do Cine Debate em homenagem ao Dia Internacional da Mulher","author":"tatiany","date":"8 de mar\u00e7o de 2018","format":false,"excerpt":"Os cursos de Bacharelado em Administra\u00e7\u00e3o e Bacharelado em Ci\u00eancias da Computa\u00e7\u00e3o, do Centro de Ci\u00eancias Exatas e Sociais Aplicadas (CCEA), C\u00e2mpus VII da Universidade Estadual da Para\u00edba (UEPB), atrav\u00e9s da professora Susi Resende e do professor Jefferson Felipe, promovem a 1\u00aa edi\u00e7\u00e3o do Cine Debate e convida toda a\u2026","rel":"","context":"Em &quot;CCEA&quot;","block_context":{"text":"CCEA","link":"https:\/\/centros.uepb.edu.br\/ccea\/category\/ccea\/"},"img":{"alt_text":"","src":"https:\/\/i0.wp.com\/centros.uepb.edu.br\/ccea\/files\/2018\/03\/Cine-Debate-1024x647.jpg?resize=350%2C200&ssl=1","width":350,"height":200,"srcset":"https:\/\/i0.wp.com\/centros.uepb.edu.br\/ccea\/files\/2018\/03\/Cine-Debate-1024x647.jpg?resize=350%2C200&ssl=1 1x, https:\/\/i0.wp.com\/centros.uepb.edu.br\/ccea\/files\/2018\/03\/Cine-Debate-1024x647.jpg?resize=525%2C300&ssl=1 1.5x, https:\/\/i0.wp.com\/centros.uepb.edu.br\/ccea\/files\/2018\/03\/Cine-Debate-1024x647.jpg?resize=700%2C400&ssl=1 2x"},"classes":[]},{"id":1524,"url":"https:\/\/centros.uepb.edu.br\/ccea\/2019\/09\/13\/projeto-de-extensao-da-inovatec-promove-workshop-sobre-propriedade-intelectual-e-empreendedorismo-2\/","url_meta":{"origin":1003,"position":1},"title":"Projeto de extens\u00e3o da Inovatec promove workshop sobre propriedade intelectual e empreendedorismo","author":"tatiana","date":"13 de setembro de 2019","format":false,"excerpt":"O projeto de extens\u00e3o \u201cWorktec: Divulga\u00e7\u00e3o da Propriedade Intelectual e sua aplica\u00e7\u00e3o na Inova\u00e7\u00e3o Tecnol\u00f3gica\u201d, desenvolvido pela Ag\u00eancia de Inova\u00e7\u00e3o Tecnol\u00f3gica (INOVATEC) da Universidade Estadual da Para\u00edba (UEPB), ter\u00e1 o suporte do Servi\u00e7o Brasileiro de Apoio \u00e0s Micro e Pequenas Empresas (Sebrae) na realiza\u00e7\u00e3o de um workshop para debater a\u2026","rel":"","context":"Em &quot;CCEA&quot;","block_context":{"text":"CCEA","link":"https:\/\/centros.uepb.edu.br\/ccea\/category\/ccea\/"},"img":{"alt_text":"","src":"","width":0,"height":0},"classes":[]},{"id":1302,"url":"https:\/\/centros.uepb.edu.br\/ccea\/2019\/09\/13\/projeto-de-extensao-da-inovatec-promove-workshop-sobre-propriedade-intelectual-e-empreendedorismo\/","url_meta":{"origin":1003,"position":2},"title":"Projeto de extens\u00e3o da Inovatec promove workshop sobre propriedade intelectual e empreendedorismo","author":"tatiana","date":"13 de setembro de 2019","format":false,"excerpt":"O projeto de extens\u00e3o \u201cWorktec: Divulga\u00e7\u00e3o da Propriedade Intelectual e sua aplica\u00e7\u00e3o na Inova\u00e7\u00e3o Tecnol\u00f3gica\u201d, desenvolvido pela Ag\u00eancia de Inova\u00e7\u00e3o Tecnol\u00f3gica (INOVATEC) da Universidade Estadual da Para\u00edba (UEPB), ter\u00e1 o suporte do Servi\u00e7o Brasileiro de Apoio \u00e0s Micro e Pequenas Empresas (Sebrae) na realiza\u00e7\u00e3o de um workshop para debater a\u2026","rel":"","context":"Em &quot;CCEA&quot;","block_context":{"text":"CCEA","link":"https:\/\/centros.uepb.edu.br\/ccea\/category\/ccea\/"},"img":{"alt_text":"","src":"","width":0,"height":0},"classes":[]},{"id":1522,"url":"https:\/\/centros.uepb.edu.br\/ccea\/2019\/09\/27\/campus-de-patos-recebe-atividade-sobre-divulgacao-de-propriedade-intelectual-e-inovacao-tecnologica-2\/","url_meta":{"origin":1003,"position":3},"title":"C\u00e2mpus de Patos recebe atividade sobre divulga\u00e7\u00e3o de propriedade intelectual e inova\u00e7\u00e3o tecnol\u00f3gica","author":"tatiana","date":"27 de setembro de 2019","format":false,"excerpt":"Em uma a\u00e7\u00e3o que contou com o suporte do Servi\u00e7o Brasileiro de Apoio \u00e0s Micro e Pequenas Empresas (Sebrae), a Ag\u00eancia de Inova\u00e7\u00e3o Tecnol\u00f3gica (Inovatec) da Universidade Estadual da Para\u00edba (UEPB) promoveu, na noite da \u00faltima quarta-feira (25), no Centro de Ci\u00eancias Exatas e Sociais Aplicadas (CCEA), em Patos, uma\u2026","rel":"","context":"Em &quot;CCEA&quot;","block_context":{"text":"CCEA","link":"https:\/\/centros.uepb.edu.br\/ccea\/category\/ccea\/"},"img":{"alt_text":"","src":"https:\/\/i0.wp.com\/www.interno.uepb.edu.br\/wp-content\/uploads\/2019\/09\/Worktec-2.jpg?resize=350%2C200&ssl=1","width":350,"height":200,"srcset":"https:\/\/i0.wp.com\/www.interno.uepb.edu.br\/wp-content\/uploads\/2019\/09\/Worktec-2.jpg?resize=350%2C200&ssl=1 1x, https:\/\/i0.wp.com\/www.interno.uepb.edu.br\/wp-content\/uploads\/2019\/09\/Worktec-2.jpg?resize=525%2C300&ssl=1 1.5x, https:\/\/i0.wp.com\/www.interno.uepb.edu.br\/wp-content\/uploads\/2019\/09\/Worktec-2.jpg?resize=700%2C400&ssl=1 2x"},"classes":[]},{"id":1276,"url":"https:\/\/centros.uepb.edu.br\/ccea\/2019\/07\/11\/atleta-de-projeto-de-extensao-do-centro-de-ciencias-exatas-e-sociais-aplicadas-vence-competicao-de-mma\/","url_meta":{"origin":1003,"position":4},"title":"Atleta de projeto de extens\u00e3o do Centro de Ci\u00eancias Exatas e Sociais Aplicadas vence competi\u00e7\u00e3o de MMA","author":"tatiana","date":"11 de julho de 2019","format":false,"excerpt":"O projeto de extens\u00e3o \u201cUtiliza\u00e7\u00e3o do karat\u00ea como instrumento de inclus\u00e3o social\u201d, desenvolvido pelo Centro de Ci\u00eancias Exatas e Sociais Aplicadas (CCEA) da Universidade Estadual da Para\u00edba (UEPB), no C\u00e2mpus VII, em Patos, obteve mais uma importante conquista esportiva. Na sua estreia no MMA profissional, no Grand Fight Championship (GFC),\u2026","rel":"","context":"Em &quot;CCEA&quot;","block_context":{"text":"CCEA","link":"https:\/\/centros.uepb.edu.br\/ccea\/category\/ccea\/"},"img":{"alt_text":"","src":"https:\/\/i0.wp.com\/www.uepb.edu.br\/wp-content\/uploads\/2019\/07\/Atleta-campe%C3%A3-de-MMA.jpg?resize=350%2C200","width":350,"height":200},"classes":[]},{"id":1306,"url":"https:\/\/centros.uepb.edu.br\/ccea\/2019\/09\/27\/campus-de-patos-recebe-atividade-sobre-divulgacao-de-propriedade-intelectual-e-inovacao-tecnologica\/","url_meta":{"origin":1003,"position":5},"title":"C\u00e2mpus de Patos recebe atividade sobre divulga\u00e7\u00e3o de propriedade intelectual e inova\u00e7\u00e3o tecnol\u00f3gica","author":"tatiana","date":"27 de setembro de 2019","format":false,"excerpt":"Em uma a\u00e7\u00e3o que contou com o suporte do Servi\u00e7o Brasileiro de Apoio \u00e0s Micro e Pequenas Empresas (Sebrae), a Ag\u00eancia de Inova\u00e7\u00e3o Tecnol\u00f3gica (Inovatec) da Universidade Estadual da Para\u00edba (UEPB) promoveu, na noite da \u00faltima quarta-feira (25), no Centro de Ci\u00eancias Exatas e Sociais Aplicadas (CCEA), em Patos, uma\u2026","rel":"","context":"Em &quot;CCEA&quot;","block_context":{"text":"CCEA","link":"https:\/\/centros.uepb.edu.br\/ccea\/category\/ccea\/"},"img":{"alt_text":"","src":"","width":0,"height":0},"classes":[]}],"_links":{"self":[{"href":"https:\/\/centros.uepb.edu.br\/ccea\/wp-json\/wp\/v2\/posts\/1003","targetHints":{"allow":["GET"]}}],"collection":[{"href":"https:\/\/centros.uepb.edu.br\/ccea\/wp-json\/wp\/v2\/posts"}],"about":[{"href":"https:\/\/centros.uepb.edu.br\/ccea\/wp-json\/wp\/v2\/types\/post"}],"author":[{"embeddable":true,"href":"https:\/\/centros.uepb.edu.br\/ccea\/wp-json\/wp\/v2\/users\/33"}],"replies":[{"embeddable":true,"href":"https:\/\/centros.uepb.edu.br\/ccea\/wp-json\/wp\/v2\/comments?post=1003"}],"version-history":[{"count":0,"href":"https:\/\/centros.uepb.edu.br\/ccea\/wp-json\/wp\/v2\/posts\/1003\/revisions"}],"wp:attachment":[{"href":"https:\/\/centros.uepb.edu.br\/ccea\/wp-json\/wp\/v2\/media?parent=1003"}],"wp:term":[{"taxonomy":"category","embeddable":true,"href":"https:\/\/centros.uepb.edu.br\/ccea\/wp-json\/wp\/v2\/categories?post=1003"},{"taxonomy":"post_tag","embeddable":true,"href":"https:\/\/centros.uepb.edu.br\/ccea\/wp-json\/wp\/v2\/tags?post=1003"}],"curies":[{"name":"wp","href":"https:\/\/api.w.org\/{rel}","templated":true}]}}