{"id":1000,"date":"2018-04-19T20:13:15","date_gmt":"2018-04-19T20:13:15","guid":{"rendered":"https:\/\/centros.uepb.edu.br\/ccea\/?p=1000"},"modified":"2018-04-19T20:16:38","modified_gmt":"2018-04-19T20:16:38","slug":"1o-campeonato-de-xadrez-e-realizado-no-campus-vii-da-universidade-estadual-da-paraiba","status":"publish","type":"post","link":"https:\/\/centros.uepb.edu.br\/ccea\/2018\/04\/19\/1o-campeonato-de-xadrez-e-realizado-no-campus-vii-da-universidade-estadual-da-paraiba\/","title":{"rendered":"1\u00ba Campeonato de Xadrez \u00e9 realizado no C\u00e2mpus VII da Universidade Estadual da Para\u00edba"},"content":{"rendered":"<p>O Centro de Ci\u00eancias Exatas e Sociais Aplicadas (CCEA), da Universidade Estadual da Para\u00edba (UEPB), em parceria com Coordenadoria de Esportes e Lazer (COEL) da Institui\u00e7\u00e3o e o Clube de Xadrez Jos\u00e9 Amarante, realizou hoje (19), o 1\u00ba Campeonato de Xadrez da UEPB-Patos. O evento teve in\u00edcio \u00e0s 8h e foi realizado na academia do C\u00e2mpus VII da UEPB, em Patos.<\/p>\n<p>De forma a utilizar o aspecto socializador do xadrez como instrumento educacional para o desenvolvimento intelectual, moral e \u00e9tico, o objetivo do Campeonato \u00e9 promover a integra\u00e7\u00e3o entre os alunos, despertando a consci\u00eancia da pr\u00e1tica do xadrez como atividade que contribui para o processo de inclus\u00e3o educacional e conv\u00edvio social, al\u00e9m de introduzir no C\u00e2mpus VII da UEPB o xadrez competitivo como modalidade esportiva, atrav\u00e9s da cria\u00e7\u00e3o de um n\u00facleo de xadrez na Institui\u00e7\u00e3o, que oferecer\u00e1 a comunidade acad\u00eamica atividades desportivas da categoria.<\/p>\n<p>A competi\u00e7\u00e3o foi um torneio aberto a toda comunidade acad\u00eamica, regida pelas regras da Federa\u00e7\u00e3o Internacional de Xadrez, que utilizou o modelo de competi\u00e7\u00e3o \u201cblitz\u201d, em que os jogadores tem uma pequena e limitada quantidade de tempo, e podem corrigir o movimento ilegal se n\u00e3o tiverem pressionado seu rel\u00f3gio.<\/p>\n<p>Seis xadrezistas dos cursos de Administra\u00e7\u00e3o, F\u00edsica, Matem\u00e1tica e Computa\u00e7\u00e3o do CCEA participaram da competi\u00e7\u00e3o e disputaram a classifica\u00e7\u00e3o em cinco partidas, mas quem conquistou o lugar mais alto no p\u00f3dio foi David William Oliveira da silva, aluno do 3\u00ba per\u00edodo do curso de matem\u00e1tica.<\/p>\n<p>O campe\u00e3o falou sobre a iniciativa da Universidade em promover um campeonato de xadrez pra a comunidade acad\u00eamica e sobre a sua vit\u00f3ria na competi\u00e7\u00e3o. \u201cEu gostei muito da iniciativa da UEPB em realizar esse torneio, isso vai nos ajudar muito a aperfei\u00e7oar as nossas habilidades t\u00e9cnicas no jogo de xadrez e na nossa evolu\u00e7\u00e3o intelectual. Sobre a vit\u00f3ria, eu fiquei muito feliz em vencer a disputa, s\u00e3o grandes jogadores, com um n\u00edvel t\u00e9cnico muito elevado, e conquistar o primeiro lugar em uma disputa com atletas desse n\u00edvel \u00e9 muito gratificante\u201d.<\/p>\n<p>Mas essa n\u00e3o \u00e9 a primeira vit\u00f3ria do xadrezista, Devid j\u00e1 conquistou o vice-campeonato do torneio aberto de xadrez da cidade de Patos, foi vice-campe\u00e3o regional na competi\u00e7\u00e3o realizada no munic\u00edpio de Itapetim, em Pernambuco, no ano 2014, campe\u00e3o em dois torneios na Escola Oliveira Lima, em S\u00e3o Jos\u00e9 do Egito \u2013 PE.<\/p>\n<p>J\u00falio ribeiro, aluno do 4\u00ba per\u00edodo do curso de computa\u00e7\u00e3o, participante que conquistou a terceira coloca\u00e7\u00e3o na competi\u00e7\u00e3o, doou ao C\u00e2mpus VII, um jogo de xadrez, semi profissional, para que os amantes da modalidade possam praticas as suas habilidades.<\/p>\n<p>De acordo com o professor Severino, t\u00e9cnico de xadrez, os competidores demonstraram um bom n\u00edvel t\u00e9cnico para a realidade do xadrez nordestino e brasileiro, mas que ainda requer um treinamento aprimorado com mais refinamento nas habilidades t\u00e9cnicas, com estudos mais espec\u00edficos e de acordo com os temas que s\u00e3o abordados numa partida, como t\u00e1tica e estrat\u00e9gia, mas de um modo geral, para um primeiro evento, o n\u00edvel t\u00e9cnico apresentado foi excelente.<\/p>\n<p>Diglielmo Ant\u00f4nio, Coordenador de Esporte e Lazer do CCEA e organizador do evento reafirmou que pretende criar um n\u00facleo de xadrez na institui\u00e7\u00e3o, de cunho n\u00e3o somente desportivo mas, sobretudo, de car\u00e1ter educacional, onde o praticante possa se dedicar ao treino e a amplia\u00e7\u00e3o e apura\u00e7\u00e3o das habilidades mentais com o estudo t\u00e9cnico acerca da modalidade esportiva.<\/p>\n<p>Realizando o evento pelo primeiro ano, Diglielmo ressaltou ainda a expectativa de que haja cada vez mais uma maior intera\u00e7\u00e3o entre os atletas de todo o Estado da Para\u00edba para que o xadrez se fortale\u00e7a e se consolide, atrav\u00e9s desse campeonato, como base cultural de natureza recreativa ou competitiva para toda a sociedade.<\/p>\n<p>Confira abaixo a rela\u00e7\u00e3o com a Classifica\u00e7\u00e3o Final do campeonato e o Ranking UEPB Xadrez Blitz.<\/p>\n<p><strong>Classifica\u00e7\u00e3o Final<\/strong><\/p>\n<p>1\u00ba David Willian<\/p>\n<p>2\u00ba Camila Tereza<\/p>\n<p>3\u00ba J\u00falio Ribeiro<\/p>\n<p>4\u00ba Eudes Mendoza<\/p>\n<p>5\u00ba Joacil Sousa<\/p>\n<p>6\u00ba Tib\u00e9rio Tavares<\/p>\n<p>&nbsp;<\/p>\n<p><strong>Ranking UEPB Xadrez Blitz<\/strong><\/p>\n<p>1\u00ba David Willian &#8211; 1.030 &#8211; Classificado<\/p>\n<p>2\u00ba Camila Tereza \u2013 1.025 &#8211; Classificado<\/p>\n<p>3\u00ba J\u00falio Ribeiro &#8211; 1.012<\/p>\n<p>4\u00ba Eudes Mendoza \u2013 1.000<\/p>\n<p>5\u00ba Joacil Sousa &#8211; 985<\/p>\n<p>6\u00ba Tib\u00e9rio Tavares &#8211; 985<\/p>\n<p>&nbsp;<\/p>\n<p>Texto: Tatiany Escari\u00e3o<\/p>\n<p>&nbsp;<\/p>\n<p>&nbsp;<\/p>\n<p>&nbsp;<\/p>\n<p>&nbsp;<\/p>\n<p>&nbsp;<\/p>\n<p>&nbsp;<\/p>\n","protected":false},"excerpt":{"rendered":"<p>O Centro de Ci\u00eancias Exatas e Sociais Aplicadas (CCEA), da Universidade Estadual da Para\u00edba (UEPB), em parceria com Coordenadoria de Esportes e Lazer (COEL) da Institui\u00e7\u00e3o e o Clube de Xadrez Jos\u00e9 Amarante, realizou hoje (19), o 1\u00ba Campeonato de Xadrez da UEPB-Patos. O evento teve in\u00edcio \u00e0s 8h e foi realizado na academia do <a class=\"leiamais\" href=\"https:\/\/centros.uepb.edu.br\/ccea\/2018\/04\/19\/1o-campeonato-de-xadrez-e-realizado-no-campus-vii-da-universidade-estadual-da-paraiba\/\">Leia Mais&#8230;<\/a><\/p>\n","protected":false},"author":33,"featured_media":0,"comment_status":"closed","ping_status":"closed","sticky":false,"template":"","format":"standard","meta":{"jetpack_post_was_ever_published":false,"_jetpack_newsletter_access":"","_jetpack_dont_email_post_to_subs":false,"_jetpack_newsletter_tier_id":0,"_jetpack_memberships_contains_paywalled_content":false,"_jetpack_memberships_contains_paid_content":false,"footnotes":"","jetpack_publicize_message":"","jetpack_publicize_feature_enabled":true,"jetpack_social_post_already_shared":true,"jetpack_social_options":{"image_generator_settings":{"template":"highway","default_image_id":0,"font":"","enabled":false},"version":2}},"categories":[8,3],"tags":[],"class_list":["post-1000","post","type-post","status-publish","format-standard","hentry","category-ccea","category-noticias"],"jetpack_publicize_connections":[],"jetpack_featured_media_url":"","jetpack_sharing_enabled":true,"jetpack_shortlink":"https:\/\/wp.me\/p7WTGX-g8","jetpack_likes_enabled":true,"jetpack-related-posts":[{"id":962,"url":"https:\/\/centros.uepb.edu.br\/ccea\/2018\/04\/05\/campeonato-de-xadrez-sera-realizado-no-campus-vii-da-universidade-estadual-no-proximo-dia-19\/","url_meta":{"origin":1000,"position":0},"title":"Campeonato de Xadrez ser\u00e1 realizado no C\u00e2mpus VII da Universidade Estadual no pr\u00f3ximo dia 19","author":"tatiany","date":"5 de abril de 2018","format":false,"excerpt":"O Centro de Ci\u00eancias Exatas e Sociais Aplicadas (CCEA), da Universidade Estadual da Para\u00edba (UEPB), em parceria com Coordenadoria de Esportes e Lazer (COEL) da Institui\u00e7\u00e3o e o Clube de Xadrez Jos\u00e9 Amarante, realizar\u00e1 no pr\u00f3ximo dia 19, o Campeonato de Xadrez da UEPB-Patos. O evento acontecer\u00e1 no audit\u00f3rio Celso\u2026","rel":"","context":"Em &quot;CCEA&quot;","block_context":{"text":"CCEA","link":"https:\/\/centros.uepb.edu.br\/ccea\/category\/ccea\/"},"img":{"alt_text":"","src":"","width":0,"height":0},"classes":[]},{"id":983,"url":"https:\/\/centros.uepb.edu.br\/ccea\/2018\/04\/10\/atividades-esportivas-promovidas-pela-coel-movimentam-campus-da-universidade-estadual-da-paraiba\/","url_meta":{"origin":1000,"position":1},"title":"Atividades esportivas promovidas pela Coel movimentam c\u00e2mpus da Universidade Estadual da Para\u00edba","author":"tatiana","date":"10 de abril de 2018","format":false,"excerpt":"Dentro da proposta de descentralizar as atividades esportivas na Universidade Estadual da Para\u00edba (UEPB), a Pr\u00f3-Reitoria Estudantil (PROEST), atrav\u00e9s da Coordenadoria de Esportes e Lazer (COEL), est\u00e1 apoiando uma s\u00e9rie de atividades programadas para esse m\u00eas de abril em tr\u00eas c\u00e2mpus da Institui\u00e7\u00e3o. Inicialmente, a COEL incentivou a realiza\u00e7\u00e3o a\u2026","rel":"","context":"Em &quot;CCEA&quot;","block_context":{"text":"CCEA","link":"https:\/\/centros.uepb.edu.br\/ccea\/category\/ccea\/"},"img":{"alt_text":"","src":"","width":0,"height":0},"classes":[]},{"id":947,"url":"https:\/\/centros.uepb.edu.br\/ccea\/2018\/03\/28\/robotica-educacional-e-tema-de-minicurso-realizado-no-campus-vii-da-universidade-estadual-em-patos\/","url_meta":{"origin":1000,"position":2},"title":"Rob\u00f3tica Educacional \u00e9 tema de minicurso realizado no C\u00e2mpus VII da Universidade Estadual em Patos","author":"tatiany","date":"28 de mar\u00e7o de 2018","format":false,"excerpt":"O Centro de Ci\u00eancias Exatas e Sociais Aplicadas (CCEA), da Universidade Estadual da Para\u00edba (UEPB), atrav\u00e9s do curso de Licenciatura em F\u00edsica da Institui\u00e7\u00e3o, e parceria com a Secretaria de Estado da Educa\u00e7\u00e3o, realizou na noite desta ter\u00e7a-feira (27), a aula inaugural da 2\u00aa edi\u00e7\u00e3o do minicurso intitulado Rob\u00f3tica Educacional,\u2026","rel":"","context":"Em &quot;CCEA&quot;","block_context":{"text":"CCEA","link":"https:\/\/centros.uepb.edu.br\/ccea\/category\/ccea\/"},"img":{"alt_text":"","src":"","width":0,"height":0},"classes":[]},{"id":552,"url":"https:\/\/centros.uepb.edu.br\/ccea\/2017\/09\/21\/campus-vii-da-universidade-estadual-da-paraiba-promovera-2a-copa-de-karate-askaki\/","url_meta":{"origin":1000,"position":3},"title":"C\u00e2mpus VII da Universidade Estadual da Para\u00edba promover\u00e1 2\u00aa Copa de Karat\u00ea ASKAKI","author":"tatiana","date":"21 de setembro de 2017","format":false,"excerpt":"Com o intuito de promover a integra\u00e7\u00e3o entre institui\u00e7\u00f5es de ensino, clubes e associa\u00e7\u00f5es, al\u00e9m de fomentar o aprimoramento das habilidades t\u00e9cnicas combativas, a Associa\u00e7\u00e3o de Karate Kiai e a Universidade Estadual da Para\u00edba (UEPB) promovem, nos dias 30 de setembro e 1\u00ba de outubro, a 2\u00aa copa ASKAKI UEPB\u2026","rel":"","context":"Em &quot;CCEA&quot;","block_context":{"text":"CCEA","link":"https:\/\/centros.uepb.edu.br\/ccea\/category\/ccea\/"},"img":{"alt_text":"","src":"https:\/\/i0.wp.com\/www.uepb.edu.br\/wp-content\/uploads\/2017\/09\/COPA-ASKAKI-CARTAZ.jpg?resize=350%2C200","width":350,"height":200,"srcset":"https:\/\/i0.wp.com\/www.uepb.edu.br\/wp-content\/uploads\/2017\/09\/COPA-ASKAKI-CARTAZ.jpg?resize=350%2C200 1x, https:\/\/i0.wp.com\/www.uepb.edu.br\/wp-content\/uploads\/2017\/09\/COPA-ASKAKI-CARTAZ.jpg?resize=525%2C300 1.5x, https:\/\/i0.wp.com\/www.uepb.edu.br\/wp-content\/uploads\/2017\/09\/COPA-ASKAKI-CARTAZ.jpg?resize=700%2C400 2x"},"classes":[]},{"id":647,"url":"https:\/\/centros.uepb.edu.br\/ccea\/2017\/10\/19\/universidade-estadual-da-paraiba-lamenta-falecimento-de-aluno-do-curso-de-computacao-do-campus-vii\/","url_meta":{"origin":1000,"position":4},"title":"Universidade Estadual da Para\u00edba lamenta falecimento de aluno do curso de Computa\u00e7\u00e3o do C\u00e2mpus VII","author":"tatiana","date":"19 de outubro de 2017","format":false,"excerpt":"A Administra\u00e7\u00e3o Central da Universidade Estadual da Para\u00edba (UEPB), juntamente com a Dire\u00e7\u00e3o do Centro de Ci\u00eancias Exatas e Sociais Aplicadas (CCEA) e com a Coordena\u00e7\u00e3o do Curso de Bacharelado em Ci\u00eancias da Computa\u00e7\u00e3o, do C\u00e2mpus VII, em Patos, lamenta com profundo pesar, em nome de toda a comunidade acad\u00eamica,\u2026","rel":"","context":"Em &quot;CCEA&quot;","block_context":{"text":"CCEA","link":"https:\/\/centros.uepb.edu.br\/ccea\/category\/ccea\/"},"img":{"alt_text":"","src":"https:\/\/i0.wp.com\/www.uepb.edu.br\/wp-content\/uploads\/2017\/10\/Geovane-CCEA-252x300.jpg?resize=350%2C200","width":350,"height":200},"classes":[]},{"id":330,"url":"https:\/\/centros.uepb.edu.br\/ccea\/2016\/06\/22\/integrantes-de-projeto-de-extensao-do-campus-de-patos-conquistam-medalhas-em-campeonato-paraibano-de-karate\/","url_meta":{"origin":1000,"position":5},"title":"Integrantes de projeto de extens\u00e3o do C\u00e2mpus de Patos conquistam medalhas em Campeonato Paraibano de Karat\u00ea","author":"arnaud","date":"22 de junho de 2016","format":false,"excerpt":"Oito integrantes do projeto de extens\u00e3o \u201cUtiliza\u00e7\u00e3o do Karat\u00ea como Instrumento de Inclus\u00e3o Social da Universidade Estadual da Para\u00edba\u201d, desenvolvido no C\u00e2mpus VII da Institui\u00e7\u00e3o, em Patos, conquistaram 10 medalhas no 34\u00ba Campeonato Paraibano de Karat\u00ea, realizado no \u00faltimo dia 19 de junho, na cidade de Patos. Eles competiram nas\u2026","rel":"","context":"Em &quot;CCEA&quot;","block_context":{"text":"CCEA","link":"https:\/\/centros.uepb.edu.br\/ccea\/category\/ccea\/"},"img":{"alt_text":"trofeu1","src":"https:\/\/i0.wp.com\/www.uepb.edu.br\/wp-content\/uploads\/2016\/06\/trofeu1.jpg?resize=350%2C200","width":350,"height":200,"srcset":"https:\/\/i0.wp.com\/www.uepb.edu.br\/wp-content\/uploads\/2016\/06\/trofeu1.jpg?resize=350%2C200 1x, https:\/\/i0.wp.com\/www.uepb.edu.br\/wp-content\/uploads\/2016\/06\/trofeu1.jpg?resize=525%2C300 1.5x, https:\/\/i0.wp.com\/www.uepb.edu.br\/wp-content\/uploads\/2016\/06\/trofeu1.jpg?resize=700%2C400 2x"},"classes":[]}],"_links":{"self":[{"href":"https:\/\/centros.uepb.edu.br\/ccea\/wp-json\/wp\/v2\/posts\/1000","targetHints":{"allow":["GET"]}}],"collection":[{"href":"https:\/\/centros.uepb.edu.br\/ccea\/wp-json\/wp\/v2\/posts"}],"about":[{"href":"https:\/\/centros.uepb.edu.br\/ccea\/wp-json\/wp\/v2\/types\/post"}],"author":[{"embeddable":true,"href":"https:\/\/centros.uepb.edu.br\/ccea\/wp-json\/wp\/v2\/users\/33"}],"replies":[{"embeddable":true,"href":"https:\/\/centros.uepb.edu.br\/ccea\/wp-json\/wp\/v2\/comments?post=1000"}],"version-history":[{"count":0,"href":"https:\/\/centros.uepb.edu.br\/ccea\/wp-json\/wp\/v2\/posts\/1000\/revisions"}],"wp:attachment":[{"href":"https:\/\/centros.uepb.edu.br\/ccea\/wp-json\/wp\/v2\/media?parent=1000"}],"wp:term":[{"taxonomy":"category","embeddable":true,"href":"https:\/\/centros.uepb.edu.br\/ccea\/wp-json\/wp\/v2\/categories?post=1000"},{"taxonomy":"post_tag","embeddable":true,"href":"https:\/\/centros.uepb.edu.br\/ccea\/wp-json\/wp\/v2\/tags?post=1000"}],"curies":[{"name":"wp","href":"https:\/\/api.w.org\/{rel}","templated":true}]}}