{"id":9981,"date":"2023-06-16T16:02:02","date_gmt":"2023-06-16T16:02:02","guid":{"rendered":"https:\/\/centros.uepb.edu.br\/ccbsa\/?p=9981"},"modified":"2023-06-16T16:02:45","modified_gmt":"2023-06-16T16:02:45","slug":"estudante-de-relacoes-internacionais-participa-de-curso-na-romenia-voltado-a-formacao-de-novos-lideres-para-a-gestao-publica","status":"publish","type":"post","link":"https:\/\/centros.uepb.edu.br\/ccbsa\/estudante-de-relacoes-internacionais-participa-de-curso-na-romenia-voltado-a-formacao-de-novos-lideres-para-a-gestao-publica\/","title":{"rendered":"Estudante de Rela\u00e7\u00f5es Internacionais participa de curso na Rom\u00eania voltado \u00e0 forma\u00e7\u00e3o de novos l\u00edderes para a gest\u00e3o p\u00fablica"},"content":{"rendered":"\n\t\t<style type=\"text\/css\">\n\t\t\t#gallery-1 {\n\t\t\t\tmargin: auto;\n\t\t\t}\n\t\t\t#gallery-1 .gallery-item {\n\t\t\t\tfloat: left;\n\t\t\t\tmargin-top: 10px;\n\t\t\t\ttext-align: center;\n\t\t\t\twidth: 33%;\n\t\t\t}\n\t\t\t#gallery-1 img {\n\t\t\t\tborder: 2px solid #cfcfcf;\n\t\t\t}\n\t\t\t#gallery-1 .gallery-caption {\n\t\t\t\tmargin-left: 0;\n\t\t\t}\n\t\t\t\/* see gallery_shortcode() in wp-includes\/media.php *\/\n\t\t<\/style>\n\t\t<div id='gallery-1' class='gallery galleryid-9981 gallery-columns-3 gallery-size-full'><dl class='gallery-item'>\n\t\t\t<dt class='gallery-icon landscape'>\n\t\t\t\t<a href='https:\/\/centros.uepb.edu.br\/ccbsa\/files\/2023\/06\/ANA-PAULA-1.jpg'><img loading=\"lazy\" decoding=\"async\" width=\"1200\" height=\"680\" src=\"https:\/\/centros.uepb.edu.br\/ccbsa\/files\/2023\/06\/ANA-PAULA-1.jpg\" class=\"attachment-full size-full\" alt=\"\" srcset=\"https:\/\/centros.uepb.edu.br\/ccbsa\/files\/2023\/06\/ANA-PAULA-1.jpg 1200w, https:\/\/centros.uepb.edu.br\/ccbsa\/files\/2023\/06\/ANA-PAULA-1-300x170.jpg 300w, https:\/\/centros.uepb.edu.br\/ccbsa\/files\/2023\/06\/ANA-PAULA-1-1120x635.jpg 1120w\" sizes=\"auto, (max-width: 1200px) 100vw, 1200px\" \/><\/a>\n\t\t\t<\/dt><\/dl><dl class='gallery-item'>\n\t\t\t<dt class='gallery-icon landscape'>\n\t\t\t\t<a href='https:\/\/centros.uepb.edu.br\/ccbsa\/files\/2023\/06\/WhatsApp-Image-2023-06-15-at-16.58.35.jpg'><img loading=\"lazy\" decoding=\"async\" width=\"867\" height=\"501\" src=\"https:\/\/centros.uepb.edu.br\/ccbsa\/files\/2023\/06\/WhatsApp-Image-2023-06-15-at-16.58.35.jpg\" class=\"attachment-full size-full\" alt=\"\" srcset=\"https:\/\/centros.uepb.edu.br\/ccbsa\/files\/2023\/06\/WhatsApp-Image-2023-06-15-at-16.58.35.jpg 867w, https:\/\/centros.uepb.edu.br\/ccbsa\/files\/2023\/06\/WhatsApp-Image-2023-06-15-at-16.58.35-300x173.jpg 300w\" sizes=\"auto, (max-width: 867px) 100vw, 867px\" \/><\/a>\n\t\t\t<\/dt><\/dl><dl class='gallery-item'>\n\t\t\t<dt class='gallery-icon portrait'>\n\t\t\t\t<a href='https:\/\/centros.uepb.edu.br\/ccbsa\/files\/2023\/06\/WhatsApp-Image-2023-06-15-at-16.58.39.jpeg'><img loading=\"lazy\" decoding=\"async\" width=\"1200\" height=\"1600\" src=\"https:\/\/centros.uepb.edu.br\/ccbsa\/files\/2023\/06\/WhatsApp-Image-2023-06-15-at-16.58.39.jpeg\" class=\"attachment-full size-full\" alt=\"\" srcset=\"https:\/\/centros.uepb.edu.br\/ccbsa\/files\/2023\/06\/WhatsApp-Image-2023-06-15-at-16.58.39.jpeg 1200w, https:\/\/centros.uepb.edu.br\/ccbsa\/files\/2023\/06\/WhatsApp-Image-2023-06-15-at-16.58.39-225x300.jpeg 225w, https:\/\/centros.uepb.edu.br\/ccbsa\/files\/2023\/06\/WhatsApp-Image-2023-06-15-at-16.58.39-1152x1536.jpeg 1152w, https:\/\/centros.uepb.edu.br\/ccbsa\/files\/2023\/06\/WhatsApp-Image-2023-06-15-at-16.58.39-597x796.jpeg 597w\" sizes=\"auto, (max-width: 1200px) 100vw, 1200px\" \/><\/a>\n\t\t\t<\/dt><\/dl><br style=\"clear: both\" \/><dl class='gallery-item'>\n\t\t\t<dt class='gallery-icon landscape'>\n\t\t\t\t<a href='https:\/\/centros.uepb.edu.br\/ccbsa\/files\/2023\/06\/WhatsApp-Image-2023-06-15-at-16.58.38.jpeg'><img loading=\"lazy\" decoding=\"async\" width=\"1600\" height=\"1144\" src=\"https:\/\/centros.uepb.edu.br\/ccbsa\/files\/2023\/06\/WhatsApp-Image-2023-06-15-at-16.58.38.jpeg\" class=\"attachment-full size-full\" alt=\"\" srcset=\"https:\/\/centros.uepb.edu.br\/ccbsa\/files\/2023\/06\/WhatsApp-Image-2023-06-15-at-16.58.38.jpeg 1600w, https:\/\/centros.uepb.edu.br\/ccbsa\/files\/2023\/06\/WhatsApp-Image-2023-06-15-at-16.58.38-300x215.jpeg 300w, https:\/\/centros.uepb.edu.br\/ccbsa\/files\/2023\/06\/WhatsApp-Image-2023-06-15-at-16.58.38-1536x1098.jpeg 1536w, https:\/\/centros.uepb.edu.br\/ccbsa\/files\/2023\/06\/WhatsApp-Image-2023-06-15-at-16.58.38-1113x796.jpeg 1113w\" sizes=\"auto, (max-width: 1600px) 100vw, 1600px\" \/><\/a>\n\t\t\t<\/dt><\/dl>\n\t\t\t<br style='clear: both' \/>\n\t\t<\/div>\n\n<p>Com o objetivo de oferecer aos estudantes uma forma\u00e7\u00e3o em conson\u00e2ncia com as demandas globais, o curso de Rela\u00e7\u00f5es Internacionais da Universidade Estadual da Para\u00edba (UEPB) tem empreendido parcerias com institui\u00e7\u00f5es em todo o mundo que permitem a participa\u00e7\u00e3o em eventos, apresenta\u00e7\u00f5es de trabalhos e o interc\u00e2mbio de saberes. Nesse sentido, entre os dias 5 a 9 de junho, a estudante do 8\u00ba per\u00edodo Ana Paula Amorim participou da \u201cEscola de Ver\u00e3o &#8211; Governan\u00e7a e Pol\u00edticas P\u00fablicas: Novos L\u00edderes para o S\u00e9culo XXI\u201d, realizada pela Universidade Nacional de Estudos Pol\u00edticos e Administra\u00e7\u00e3o P\u00fablica (SNSPA), da Rom\u00eania.<\/p>\n<p>De acordo com o coordenador adjunto do curso de Rela\u00e7\u00f5es Internacionais, professor Filipe Reis, que participou da solenidade de abertura representando a reitora da UEPB, professora C\u00e9lia Regina, o evento contou com a participa\u00e7\u00e3o de v\u00e1rias universidades latino-americanas e a participa\u00e7\u00e3o da discente de Rela\u00e7\u00f5es Internacionais \u00e9 fruto de um conv\u00eanio firmado entre UEPB e SNSPA que tem funcionado h\u00e1 5 anos com o envio de estudantes e docentes do curso de Rela\u00e7\u00f5es Internacionais para eventos e atividades conjuntas.<\/p>\n<p>Para a estudante Ana Paula Amorim, durante o evento foram realizados di\u00e1logos sobre participa\u00e7\u00e3o p\u00fablica, atua\u00e7\u00e3o global da Uni\u00e3o Europeia, desenvolvimento sustent\u00e1vel, coopera\u00e7\u00e3o, negocia\u00e7\u00e3o e diplomacia, cyberattacks e Intelig\u00eancia Artificial, a situa\u00e7\u00e3o entre R\u00fassia e Ucr\u00e2nia, entre outros. A discente tamb\u00e9m lembra que foram realizados estudos de caso, an\u00e1lises de conflitos e exerc\u00edcios pr\u00e1ticos, que demonstraram que a busca por solu\u00e7\u00f5es pac\u00edficas e a constru\u00e7\u00e3o de pontes s\u00e3o fundamentais para a resolu\u00e7\u00e3o de disputas internacionais. Al\u00e9m disso, foi promovida uma Simula\u00e7\u00e3o de Negocia\u00e7\u00e3o Internacional sobre o problema global do merc\u00fario.<\/p>\n<p>\u201cDurante essa semana tive o privil\u00e9gio de participar de um curso intenso e enriquecedor, focado em diversos temas de pol\u00edticas p\u00fablicas. Foi uma experi\u00eancia transformadora para mim. A cada dia fui introduzida a novos conceitos e desafios que moldam o cen\u00e1rio das pol\u00edticas p\u00fablicas. Aprendi a import\u00e2ncia vital da participa\u00e7\u00e3o p\u00fablica no processo de tomada de decis\u00f5es, reconhecendo que o envolvimento ativo dos cidad\u00e3os \u00e9 fundamental para uma governan\u00e7a eficaz. Al\u00e9m disso, abordamos o tema do desenvolvimento sustent\u00e1vel, que se torna cada vez mais urgente diante dos desafios ambientais que enfrentamos. Compreendi como a busca pelo crescimento econ\u00f4mico deve caminhar lado a lado com a conserva\u00e7\u00e3o dos recursos naturais e a prote\u00e7\u00e3o do nosso planeta para as gera\u00e7\u00f5es futuras\u201d, avalia Ana Paula.<\/p>\n<p>Para Ana Paula, al\u00e9m do conte\u00fado te\u00f3rico e pr\u00e1tico das aulas, a participa\u00e7\u00e3o neste evento foi uma oportunidade de assimilar a cultura e conhecer e realizar visitas em lugares importantes de Bucareste, como o Pal\u00e1cio do Parlamento e o Centro Hist\u00f3rico, onde encontra-se o Museu de Arte Romena, o Museu de Hist\u00f3ria da Rom\u00eania, o Banco Nacional e outros importantes pr\u00e9dios da cidade. \u201cAo refletir sobre essa semana intensa, sinto-me profundamente grata por ter tido a oportunidade de mergulhar nesses temas vitais e na cultura romena. O curso expandiu meus horizontes e me inspirou a assumir um papel mais ativo na promo\u00e7\u00e3o de pol\u00edticas p\u00fablicas que promovam o bem comum\u201d, avalia.<\/p>\n<p>Al\u00e9m da representante da UEPB participaram do curso estudantes do M\u00e9xico (Universidad Aut\u00f3noma Metropolitana e Universidad Nacional Aut\u00f3noma de M\u00e9xico); Chile (Universidad del Alba) e Argentina (Universidad Nacional de Hurlingham).<\/p>\n<p>Texto: Juliana Marques<\/p>\n","protected":false},"excerpt":{"rendered":"<p>Com o objetivo de oferecer aos estudantes uma forma\u00e7\u00e3o em conson\u00e2ncia com as demandas globais, o curso de Rela\u00e7\u00f5es Internacionais da Universidade Estadual da Para\u00edba (UEPB) tem empreendido parcerias com institui\u00e7\u00f5es em todo o mundo que permitem a participa\u00e7\u00e3o em eventos, apresenta\u00e7\u00f5es de trabalhos e o interc\u00e2mbio de saberes. Nesse sentido, entre os dias 5 <a class=\"leiamais\" href=\"https:\/\/centros.uepb.edu.br\/ccbsa\/estudante-de-relacoes-internacionais-participa-de-curso-na-romenia-voltado-a-formacao-de-novos-lideres-para-a-gestao-publica\/\">Leia Mais&#8230;<\/a><\/p>\n","protected":false},"author":8,"featured_media":9982,"comment_status":"closed","ping_status":"closed","sticky":false,"template":"","format":"standard","meta":{"footnotes":""},"categories":[3,11],"tags":[],"class_list":["post-9981","post","type-post","status-publish","format-standard","has-post-thumbnail","hentry","category-noticias","category-noticias-destaque-img"],"jetpack_featured_media_url":"https:\/\/centros.uepb.edu.br\/ccbsa\/files\/2023\/06\/ANA-PAULA-1.jpg","_links":{"self":[{"href":"https:\/\/centros.uepb.edu.br\/ccbsa\/wp-json\/wp\/v2\/posts\/9981","targetHints":{"allow":["GET"]}}],"collection":[{"href":"https:\/\/centros.uepb.edu.br\/ccbsa\/wp-json\/wp\/v2\/posts"}],"about":[{"href":"https:\/\/centros.uepb.edu.br\/ccbsa\/wp-json\/wp\/v2\/types\/post"}],"author":[{"embeddable":true,"href":"https:\/\/centros.uepb.edu.br\/ccbsa\/wp-json\/wp\/v2\/users\/8"}],"replies":[{"embeddable":true,"href":"https:\/\/centros.uepb.edu.br\/ccbsa\/wp-json\/wp\/v2\/comments?post=9981"}],"version-history":[{"count":0,"href":"https:\/\/centros.uepb.edu.br\/ccbsa\/wp-json\/wp\/v2\/posts\/9981\/revisions"}],"wp:featuredmedia":[{"embeddable":true,"href":"https:\/\/centros.uepb.edu.br\/ccbsa\/wp-json\/wp\/v2\/media\/9982"}],"wp:attachment":[{"href":"https:\/\/centros.uepb.edu.br\/ccbsa\/wp-json\/wp\/v2\/media?parent=9981"}],"wp:term":[{"taxonomy":"category","embeddable":true,"href":"https:\/\/centros.uepb.edu.br\/ccbsa\/wp-json\/wp\/v2\/categories?post=9981"},{"taxonomy":"post_tag","embeddable":true,"href":"https:\/\/centros.uepb.edu.br\/ccbsa\/wp-json\/wp\/v2\/tags?post=9981"}],"curies":[{"name":"wp","href":"https:\/\/api.w.org\/{rel}","templated":true}]}}