{"id":9975,"date":"2023-06-16T14:11:54","date_gmt":"2023-06-16T14:11:54","guid":{"rendered":"https:\/\/centros.uepb.edu.br\/ccbsa\/?p=9975"},"modified":"2023-07-14T13:14:09","modified_gmt":"2023-07-14T13:14:09","slug":"direcao-de-centro-divulga-informacoes-sobre-a-colacao-de-grau-e-inscreve-orador-do-periodo-letivo-2023-1","status":"publish","type":"post","link":"https:\/\/centros.uepb.edu.br\/ccbsa\/direcao-de-centro-divulga-informacoes-sobre-a-colacao-de-grau-e-inscreve-orador-do-periodo-letivo-2023-1\/","title":{"rendered":"Dire\u00e7\u00e3o de centro prorroga as inscri\u00e7\u00f5es para orador da cola\u00e7\u00e3o de grau do per\u00edodo letivo 2023.1"},"content":{"rendered":"<p><a href=\"https:\/\/centros.uepb.edu.br\/ccbsa\/files\/2022\/11\/Arte-Colacao-de-Grau-1.png\"><img loading=\"lazy\" decoding=\"async\" class=\"aligncenter size-full wp-image-9429 img-responsive\" src=\"https:\/\/centros.uepb.edu.br\/ccbsa\/files\/2022\/11\/Arte-Colacao-de-Grau-1.png\" alt=\"\" width=\"1200\" height=\"680\" srcset=\"https:\/\/centros.uepb.edu.br\/ccbsa\/files\/2022\/11\/Arte-Colacao-de-Grau-1.png 1200w, https:\/\/centros.uepb.edu.br\/ccbsa\/files\/2022\/11\/Arte-Colacao-de-Grau-1-300x170.png 300w, https:\/\/centros.uepb.edu.br\/ccbsa\/files\/2022\/11\/Arte-Colacao-de-Grau-1-1120x635.png 1120w\" sizes=\"auto, (max-width: 1200px) 100vw, 1200px\" \/><\/a><\/p>\n<p>A dire\u00e7\u00e3o do Centro de Ci\u00eancias Biol\u00f3gicas e Sociais Aplicadas (CCBSA) da Universidade Estadual da Para\u00edba (UEPB) informa que foram prorrogadas, at\u00e9 o dia 19 de julho, a inscri\u00e7\u00e3o para orador oficial das turmas na Cola\u00e7\u00e3o de Grau 2023\/1 dos cursos do C\u00e2mpus V.<\/p>\n<p>A inscri\u00e7\u00e3o ser\u00e1 on-line e s\u00f3 poder\u00e1 ser realizada por interm\u00e9dio do e-mail institucional com o envio para o endere\u00e7o eletr\u00f4nico da secretaria de centro (secretaria.ccbsa@setor.uepb.edu.br) de um c\u00f3pia do discurso e uma declara\u00e7\u00e3o de prov\u00e1vel concluinte no per\u00edodo letivo 2023\/1. O discurso deve contemplar os cursos de gradua\u00e7\u00e3o em Arquivologia, Ci\u00eancias Biol\u00f3gicas e Rela\u00e7\u00f5es Internacionais do CCBSA e conter no m\u00e1ximo 13 mil caracteres, devendo a leitura n\u00e3o ultrapassar o tempo de 12 minutos. O resultado da sele\u00e7\u00e3o ser\u00e1 divulgado no dia 17 de julho. Mais informa\u00e7\u00f5es constam na portaria dispon\u00edvel <a href=\"https:\/\/centros.uepb.edu.br\/ccbsa\/download\/portaria-prograd-regras-orador\/\">aqui<\/a>.<\/p>\n<p>O cerimonial lembra que a retirada de becas, que s\u00e3o a vestimenta obrigat\u00f3ria da celebra\u00e7\u00e3o, ocorrer\u00e1 na secretaria de centro, entre os dias 10 e 24 de julho, das 8 \u00e0s 12h e das 15 \u00e0s 19h. Para realizar a retirada \u00e9 necess\u00e1rio que o aluno tenha cumprido os pr\u00e9-requisitos de conclus\u00e3o do curso (integraliza\u00e7\u00e3o dos cr\u00e9ditos e defesa do TCC) e realize a assinatura de um termo de compromisso em que o formando e responsabiliza pela devolu\u00e7\u00e3o da vestimenta.<\/p>\n<p>Durante a reuni\u00e3o com os concluintes, realizada no dia 13 de junho, foram escolhidas as formandas Ana Carolina Soares Santos (Arquivologia), Roberta Gon\u00e7alves Rolim de Morais (Ci\u00eancias Biol\u00f3gicas) e a concluinte Maria Carlyani Pereira de Oliveira (Rela\u00e7\u00f5es Internacionais), para colar grau representando os demais concluintes. A formanda Ana Clara Martins Diniz do curso de Rela\u00e7\u00f5es Internacionais, ser\u00e1 a juramentista. E a paraninfa das turmas concluintes ser\u00e1 a professora do curso de Rela\u00e7\u00f5es Internacionais Anna Beatriz Leite Henriques de Lucena.<\/p>\n<p>A solenidade de Cola\u00e7\u00e3o de Grau do semestre 2023\/1 do C\u00e2mpus V ser\u00e1 realizada no dia 25 de julho, \u00e0s 10h no audit\u00f3rio da reitoria da UFPB.<\/p>\n","protected":false},"excerpt":{"rendered":"<p>A dire\u00e7\u00e3o do Centro de Ci\u00eancias Biol\u00f3gicas e Sociais Aplicadas (CCBSA) da Universidade Estadual da Para\u00edba (UEPB) informa que foram prorrogadas, at\u00e9 o dia 19 de julho, a inscri\u00e7\u00e3o para orador oficial das turmas na Cola\u00e7\u00e3o de Grau 2023\/1 dos cursos do C\u00e2mpus V. A inscri\u00e7\u00e3o ser\u00e1 on-line e s\u00f3 poder\u00e1 ser realizada por interm\u00e9dio <a class=\"leiamais\" href=\"https:\/\/centros.uepb.edu.br\/ccbsa\/direcao-de-centro-divulga-informacoes-sobre-a-colacao-de-grau-e-inscreve-orador-do-periodo-letivo-2023-1\/\">Leia Mais&#8230;<\/a><\/p>\n","protected":false},"author":8,"featured_media":9429,"comment_status":"closed","ping_status":"closed","sticky":false,"template":"","format":"standard","meta":{"footnotes":""},"categories":[3,11],"tags":[],"class_list":["post-9975","post","type-post","status-publish","format-standard","has-post-thumbnail","hentry","category-noticias","category-noticias-destaque-img"],"jetpack_featured_media_url":"https:\/\/centros.uepb.edu.br\/ccbsa\/files\/2022\/11\/Arte-Colacao-de-Grau-1.png","_links":{"self":[{"href":"https:\/\/centros.uepb.edu.br\/ccbsa\/wp-json\/wp\/v2\/posts\/9975","targetHints":{"allow":["GET"]}}],"collection":[{"href":"https:\/\/centros.uepb.edu.br\/ccbsa\/wp-json\/wp\/v2\/posts"}],"about":[{"href":"https:\/\/centros.uepb.edu.br\/ccbsa\/wp-json\/wp\/v2\/types\/post"}],"author":[{"embeddable":true,"href":"https:\/\/centros.uepb.edu.br\/ccbsa\/wp-json\/wp\/v2\/users\/8"}],"replies":[{"embeddable":true,"href":"https:\/\/centros.uepb.edu.br\/ccbsa\/wp-json\/wp\/v2\/comments?post=9975"}],"version-history":[{"count":0,"href":"https:\/\/centros.uepb.edu.br\/ccbsa\/wp-json\/wp\/v2\/posts\/9975\/revisions"}],"wp:featuredmedia":[{"embeddable":true,"href":"https:\/\/centros.uepb.edu.br\/ccbsa\/wp-json\/wp\/v2\/media\/9429"}],"wp:attachment":[{"href":"https:\/\/centros.uepb.edu.br\/ccbsa\/wp-json\/wp\/v2\/media?parent=9975"}],"wp:term":[{"taxonomy":"category","embeddable":true,"href":"https:\/\/centros.uepb.edu.br\/ccbsa\/wp-json\/wp\/v2\/categories?post=9975"},{"taxonomy":"post_tag","embeddable":true,"href":"https:\/\/centros.uepb.edu.br\/ccbsa\/wp-json\/wp\/v2\/tags?post=9975"}],"curies":[{"name":"wp","href":"https:\/\/api.w.org\/{rel}","templated":true}]}}