{"id":9942,"date":"2023-06-12T11:15:32","date_gmt":"2023-06-12T11:15:32","guid":{"rendered":"https:\/\/centros.uepb.edu.br\/ccbsa\/?p=9942"},"modified":"2023-06-12T11:15:32","modified_gmt":"2023-06-12T11:15:32","slug":"semana-do-meio-ambiente-e-celebrada-no-campus-v-com-atividades-integradas-a-2a-mostra-ambiental","status":"publish","type":"post","link":"https:\/\/centros.uepb.edu.br\/ccbsa\/semana-do-meio-ambiente-e-celebrada-no-campus-v-com-atividades-integradas-a-2a-mostra-ambiental\/","title":{"rendered":"Semana do meio ambiente \u00e9 celebrada no C\u00e2mpus V com atividades integradas \u00e0 2\u00aa Mostra Ambiental"},"content":{"rendered":"<p>&nbsp;<\/p>\n\n\t\t<style type=\"text\/css\">\n\t\t\t#gallery-1 {\n\t\t\t\tmargin: auto;\n\t\t\t}\n\t\t\t#gallery-1 .gallery-item {\n\t\t\t\tfloat: left;\n\t\t\t\tmargin-top: 10px;\n\t\t\t\ttext-align: center;\n\t\t\t\twidth: 33%;\n\t\t\t}\n\t\t\t#gallery-1 img {\n\t\t\t\tborder: 2px solid #cfcfcf;\n\t\t\t}\n\t\t\t#gallery-1 .gallery-caption {\n\t\t\t\tmargin-left: 0;\n\t\t\t}\n\t\t\t\/* see gallery_shortcode() in wp-includes\/media.php *\/\n\t\t<\/style>\n\t\t<div id='gallery-1' class='gallery galleryid-9942 gallery-columns-3 gallery-size-full'><dl class='gallery-item'>\n\t\t\t<dt class='gallery-icon landscape'>\n\t\t\t\t<a href='https:\/\/centros.uepb.edu.br\/ccbsa\/files\/2023\/06\/VANCARDER.jpg'><img loading=\"lazy\" decoding=\"async\" width=\"1200\" height=\"764\" src=\"https:\/\/centros.uepb.edu.br\/ccbsa\/files\/2023\/06\/VANCARDER.jpg\" class=\"attachment-full size-full\" alt=\"\" srcset=\"https:\/\/centros.uepb.edu.br\/ccbsa\/files\/2023\/06\/VANCARDER.jpg 1200w, https:\/\/centros.uepb.edu.br\/ccbsa\/files\/2023\/06\/VANCARDER-300x191.jpg 300w, https:\/\/centros.uepb.edu.br\/ccbsa\/files\/2023\/06\/VANCARDER-1120x713.jpg 1120w\" sizes=\"auto, (max-width: 1200px) 100vw, 1200px\" \/><\/a>\n\t\t\t<\/dt><\/dl><dl class='gallery-item'>\n\t\t\t<dt class='gallery-icon landscape'>\n\t\t\t\t<a href='https:\/\/centros.uepb.edu.br\/ccbsa\/files\/2023\/06\/IMG_8382.jpg'><img loading=\"lazy\" decoding=\"async\" width=\"1200\" height=\"800\" src=\"https:\/\/centros.uepb.edu.br\/ccbsa\/files\/2023\/06\/IMG_8382.jpg\" class=\"attachment-full size-full\" alt=\"\" srcset=\"https:\/\/centros.uepb.edu.br\/ccbsa\/files\/2023\/06\/IMG_8382.jpg 1200w, https:\/\/centros.uepb.edu.br\/ccbsa\/files\/2023\/06\/IMG_8382-300x200.jpg 300w, https:\/\/centros.uepb.edu.br\/ccbsa\/files\/2023\/06\/IMG_8382-1120x747.jpg 1120w\" sizes=\"auto, (max-width: 1200px) 100vw, 1200px\" \/><\/a>\n\t\t\t<\/dt><\/dl><dl class='gallery-item'>\n\t\t\t<dt class='gallery-icon landscape'>\n\t\t\t\t<a href='https:\/\/centros.uepb.edu.br\/ccbsa\/files\/2023\/06\/IMG_8361.jpg'><img loading=\"lazy\" decoding=\"async\" width=\"1200\" height=\"800\" src=\"https:\/\/centros.uepb.edu.br\/ccbsa\/files\/2023\/06\/IMG_8361.jpg\" class=\"attachment-full size-full\" alt=\"\" srcset=\"https:\/\/centros.uepb.edu.br\/ccbsa\/files\/2023\/06\/IMG_8361.jpg 1200w, https:\/\/centros.uepb.edu.br\/ccbsa\/files\/2023\/06\/IMG_8361-300x200.jpg 300w, https:\/\/centros.uepb.edu.br\/ccbsa\/files\/2023\/06\/IMG_8361-1120x747.jpg 1120w\" sizes=\"auto, (max-width: 1200px) 100vw, 1200px\" \/><\/a>\n\t\t\t<\/dt><\/dl><br style=\"clear: both\" \/><dl class='gallery-item'>\n\t\t\t<dt class='gallery-icon landscape'>\n\t\t\t\t<a href='https:\/\/centros.uepb.edu.br\/ccbsa\/files\/2023\/06\/IMG_8357.jpg'><img loading=\"lazy\" decoding=\"async\" width=\"1200\" height=\"833\" src=\"https:\/\/centros.uepb.edu.br\/ccbsa\/files\/2023\/06\/IMG_8357.jpg\" class=\"attachment-full size-full\" alt=\"\" srcset=\"https:\/\/centros.uepb.edu.br\/ccbsa\/files\/2023\/06\/IMG_8357.jpg 1200w, https:\/\/centros.uepb.edu.br\/ccbsa\/files\/2023\/06\/IMG_8357-300x208.jpg 300w, https:\/\/centros.uepb.edu.br\/ccbsa\/files\/2023\/06\/IMG_8357-1120x777.jpg 1120w\" sizes=\"auto, (max-width: 1200px) 100vw, 1200px\" \/><\/a>\n\t\t\t<\/dt><\/dl><dl class='gallery-item'>\n\t\t\t<dt class='gallery-icon landscape'>\n\t\t\t\t<a href='https:\/\/centros.uepb.edu.br\/ccbsa\/files\/2023\/06\/IMG_8339.jpg'><img loading=\"lazy\" decoding=\"async\" width=\"1200\" height=\"870\" src=\"https:\/\/centros.uepb.edu.br\/ccbsa\/files\/2023\/06\/IMG_8339.jpg\" class=\"attachment-full size-full\" alt=\"\" srcset=\"https:\/\/centros.uepb.edu.br\/ccbsa\/files\/2023\/06\/IMG_8339.jpg 1200w, https:\/\/centros.uepb.edu.br\/ccbsa\/files\/2023\/06\/IMG_8339-300x218.jpg 300w, https:\/\/centros.uepb.edu.br\/ccbsa\/files\/2023\/06\/IMG_8339-1098x796.jpg 1098w\" sizes=\"auto, (max-width: 1200px) 100vw, 1200px\" \/><\/a>\n\t\t\t<\/dt><\/dl><dl class='gallery-item'>\n\t\t\t<dt class='gallery-icon landscape'>\n\t\t\t\t<a href='https:\/\/centros.uepb.edu.br\/ccbsa\/files\/2023\/06\/IMG_8324.jpg'><img loading=\"lazy\" decoding=\"async\" width=\"1200\" height=\"677\" src=\"https:\/\/centros.uepb.edu.br\/ccbsa\/files\/2023\/06\/IMG_8324.jpg\" class=\"attachment-full size-full\" alt=\"\" srcset=\"https:\/\/centros.uepb.edu.br\/ccbsa\/files\/2023\/06\/IMG_8324.jpg 1200w, https:\/\/centros.uepb.edu.br\/ccbsa\/files\/2023\/06\/IMG_8324-300x169.jpg 300w, https:\/\/centros.uepb.edu.br\/ccbsa\/files\/2023\/06\/IMG_8324-1120x632.jpg 1120w\" sizes=\"auto, (max-width: 1200px) 100vw, 1200px\" \/><\/a>\n\t\t\t<\/dt><\/dl><br style=\"clear: both\" \/><dl class='gallery-item'>\n\t\t\t<dt class='gallery-icon landscape'>\n\t\t\t\t<a href='https:\/\/centros.uepb.edu.br\/ccbsa\/files\/2023\/06\/IMG_8310.jpg'><img loading=\"lazy\" decoding=\"async\" width=\"1200\" height=\"910\" src=\"https:\/\/centros.uepb.edu.br\/ccbsa\/files\/2023\/06\/IMG_8310.jpg\" class=\"attachment-full size-full\" alt=\"\" srcset=\"https:\/\/centros.uepb.edu.br\/ccbsa\/files\/2023\/06\/IMG_8310.jpg 1200w, https:\/\/centros.uepb.edu.br\/ccbsa\/files\/2023\/06\/IMG_8310-300x228.jpg 300w, https:\/\/centros.uepb.edu.br\/ccbsa\/files\/2023\/06\/IMG_8310-1050x796.jpg 1050w\" sizes=\"auto, (max-width: 1200px) 100vw, 1200px\" \/><\/a>\n\t\t\t<\/dt><\/dl><dl class='gallery-item'>\n\t\t\t<dt class='gallery-icon landscape'>\n\t\t\t\t<a href='https:\/\/centros.uepb.edu.br\/ccbsa\/files\/2023\/06\/IMG_8309.jpg'><img loading=\"lazy\" decoding=\"async\" width=\"1200\" height=\"680\" src=\"https:\/\/centros.uepb.edu.br\/ccbsa\/files\/2023\/06\/IMG_8309.jpg\" class=\"attachment-full size-full\" alt=\"\" srcset=\"https:\/\/centros.uepb.edu.br\/ccbsa\/files\/2023\/06\/IMG_8309.jpg 1200w, https:\/\/centros.uepb.edu.br\/ccbsa\/files\/2023\/06\/IMG_8309-300x170.jpg 300w, https:\/\/centros.uepb.edu.br\/ccbsa\/files\/2023\/06\/IMG_8309-1120x635.jpg 1120w\" sizes=\"auto, (max-width: 1200px) 100vw, 1200px\" \/><\/a>\n\t\t\t<\/dt><\/dl><dl class='gallery-item'>\n\t\t\t<dt class='gallery-icon landscape'>\n\t\t\t\t<a href='https:\/\/centros.uepb.edu.br\/ccbsa\/files\/2023\/06\/IMG_8306.jpg'><img loading=\"lazy\" decoding=\"async\" width=\"1200\" height=\"746\" src=\"https:\/\/centros.uepb.edu.br\/ccbsa\/files\/2023\/06\/IMG_8306.jpg\" class=\"attachment-full size-full\" alt=\"\" srcset=\"https:\/\/centros.uepb.edu.br\/ccbsa\/files\/2023\/06\/IMG_8306.jpg 1200w, https:\/\/centros.uepb.edu.br\/ccbsa\/files\/2023\/06\/IMG_8306-300x187.jpg 300w, https:\/\/centros.uepb.edu.br\/ccbsa\/files\/2023\/06\/IMG_8306-1120x696.jpg 1120w\" sizes=\"auto, (max-width: 1200px) 100vw, 1200px\" \/><\/a>\n\t\t\t<\/dt><\/dl><br style=\"clear: both\" \/><dl class='gallery-item'>\n\t\t\t<dt class='gallery-icon landscape'>\n\t\t\t\t<a href='https:\/\/centros.uepb.edu.br\/ccbsa\/files\/2023\/06\/IMG_8299.jpg'><img loading=\"lazy\" decoding=\"async\" width=\"1200\" height=\"800\" src=\"https:\/\/centros.uepb.edu.br\/ccbsa\/files\/2023\/06\/IMG_8299.jpg\" class=\"attachment-full size-full\" alt=\"\" srcset=\"https:\/\/centros.uepb.edu.br\/ccbsa\/files\/2023\/06\/IMG_8299.jpg 1200w, https:\/\/centros.uepb.edu.br\/ccbsa\/files\/2023\/06\/IMG_8299-300x200.jpg 300w, https:\/\/centros.uepb.edu.br\/ccbsa\/files\/2023\/06\/IMG_8299-1120x747.jpg 1120w\" sizes=\"auto, (max-width: 1200px) 100vw, 1200px\" \/><\/a>\n\t\t\t<\/dt><\/dl>\n\t\t\t<br style='clear: both' \/>\n\t\t<\/div>\n\n<p>Palestras, mesas de di\u00e1logo, debates, oficinas e visitas t\u00e9cnicas compuseram a programa\u00e7\u00e3o da 2\u00aa Mostra Ambiental do C\u00e2mpus V da Universidade Estadual da Para\u00edba (UEPB) realizada nos dias 5 e 6 de junho no Centro de Ci\u00eancias Biol\u00f3gicas e Sociais Aplicadas (CCBSA) da UEPB com participa\u00e7\u00e3o expressiva dos movimentos sociais, de estudantes da Escola Estadual de Ensino M\u00e9dio Orlando Cavalcanti Gomes e da comunidade acad\u00eamica do CCBSA. O evento foi idealizado para integrar as a\u00e7\u00f5es alusivas \u00e0 Semana do Ambiente, criada no Brasil em 1981 na primeira semana de junho, quando \u00e9 celebrado o Dia Mundial do Meio Ambiente.<\/p>\n<p>Promovida pelo projeto de extens\u00e3o \u201cMobiliza\u00e7\u00e3o, inclus\u00e3o e forma\u00e7\u00e3o de catadores(as) de materiais recicl\u00e1veis da cidade de Jo\u00e3o Pessoa: uma experi\u00eancia necess\u00e1ria\u201d, a Mostra contou com o apoio do Governo Federal, atrav\u00e9s da Secretaria de Economia Solidaria, da Secretaria Estadual do Meio Ambiente, Minist\u00e9rio P\u00fablico Federal na Para\u00edba, Instituto Voz Popular, Pr\u00f3-Reitoria de Extens\u00e3o da UEPB e Centro de Estudos Avan\u00e7ados em Pol\u00edticas P\u00fablicas e Governan\u00e7a \u2013 UEPB.<\/p>\n<p>A abertura do evento contou com a presen\u00e7a do diretor do CCBSA, professor Cleber Salimon; da coordenadora do Projeto de Extens\u00e3o respons\u00e1vel pela realiza\u00e7\u00e3o do evento, professora F\u00e1tima Ara\u00fajo; do coordenador geral da Mostra, professor Vancarder Brito e da colaboradora do projeto, professora Martha Simone Amorim. Em seguida, foi realizada a mesa \u201cO direito a cidade e o papel dos movimentos sociais\u201d, com a participa\u00e7\u00e3o do procurador da rep\u00fablica Jos\u00e9 Godoy; da presidente da Associa\u00e7\u00e3o dos ambulantes e trabalhadores em geral da Para\u00edba, M\u00e1rcia Medeiros; do representante do Movimento Nacional dos Catadores, Kelson Galdino; da integrante do F\u00f3rum de reforma Urbana, Ana Paula Cavalcanti e media\u00e7\u00e3o da professora da UEPB Martha Simone Amorim.<\/p>\n<p>De acordo com o professor Vancarder Brito, o entendimento inicial deste Evento \u00e9 que \u201ca UEPB t\u00eam a responsabilidade em difundir junto \u00e0 sociedade a discuss\u00e3o das tem\u00e1ticas de Direito \u00e0 Cidade e ao meio ambiente urbano social e ecologicamente equilibrado visando uma sociedade mais justa e preparada para os desafios das mudan\u00e7as clim\u00e1ticas e apta a buscar solu\u00e7\u00f5es para a crise ambiental e social relacionadas ao modelo econ\u00f4mico, pol\u00edtico e institucional vigente que impacta de forma mais expressiva os segmentos sociais economicamente vulner\u00e1veis\u201d, avalia.<\/p>\n<p>Durante o evento foram debatidas quest\u00f5es como a an\u00e1lise t\u00e9cnica e interdisciplinar dos projetos \u201cJo\u00e3o Pessoa Sustent\u00e1vel\u201d e de \u201cAlargamento da Orla\u201d, e o di\u00e1logo sobre o projeto de ocupa\u00e7\u00e3o imobili\u00e1ria e tur\u00edstica do litoral Sul da cidade comprometendo \u00e1reas de grande valor ambiental. Tamb\u00e9m foi tratada a quest\u00e3o da produ\u00e7\u00e3o e destina\u00e7\u00e3o dos res\u00edduos s\u00f3lidos e a resist\u00eancia do poder p\u00fablico e da iniciativa privada em atenderem \u00e0s legisla\u00e7\u00f5es que definem os direitos dos catadores de res\u00edduos s\u00f3lidos e garantem a estes a prerrogativa sobre os materiais recicl\u00e1veis para comercializa\u00e7\u00e3o.<\/p>\n<p>Segundo o professor Vancarder a expectativa \u00e9 que a Mostra Ambiental do C\u00e2mpus V seja integrada ao calend\u00e1rio fixo do CCBSA a partir de 2024, aumentando a participa\u00e7\u00e3o da sociedade, de parceiros internos externos \u00e0 Institui\u00e7\u00e3o em sintonia com a curriculariza\u00e7\u00e3o da Extens\u00e3o em curso na UEPB e em sintonia com as tem\u00e1ticas mais relevantes sobre as quest\u00f5es socioambientais da nossa cidade.<\/p>\n<p>Texto e fotos: Juliana Marques<\/p>\n","protected":false},"excerpt":{"rendered":"<p>&nbsp; Palestras, mesas de di\u00e1logo, debates, oficinas e visitas t\u00e9cnicas compuseram a programa\u00e7\u00e3o da 2\u00aa Mostra Ambiental do C\u00e2mpus V da Universidade Estadual da Para\u00edba (UEPB) realizada nos dias 5 e 6 de junho no Centro de Ci\u00eancias Biol\u00f3gicas e Sociais Aplicadas (CCBSA) da UEPB com participa\u00e7\u00e3o expressiva dos movimentos sociais, de estudantes da Escola <a class=\"leiamais\" href=\"https:\/\/centros.uepb.edu.br\/ccbsa\/semana-do-meio-ambiente-e-celebrada-no-campus-v-com-atividades-integradas-a-2a-mostra-ambiental\/\">Leia Mais&#8230;<\/a><\/p>\n","protected":false},"author":8,"featured_media":9945,"comment_status":"closed","ping_status":"closed","sticky":false,"template":"","format":"standard","meta":{"footnotes":""},"categories":[3,11],"tags":[],"class_list":["post-9942","post","type-post","status-publish","format-standard","has-post-thumbnail","hentry","category-noticias","category-noticias-destaque-img"],"jetpack_featured_media_url":"https:\/\/centros.uepb.edu.br\/ccbsa\/files\/2023\/06\/IMG_8309.jpg","_links":{"self":[{"href":"https:\/\/centros.uepb.edu.br\/ccbsa\/wp-json\/wp\/v2\/posts\/9942","targetHints":{"allow":["GET"]}}],"collection":[{"href":"https:\/\/centros.uepb.edu.br\/ccbsa\/wp-json\/wp\/v2\/posts"}],"about":[{"href":"https:\/\/centros.uepb.edu.br\/ccbsa\/wp-json\/wp\/v2\/types\/post"}],"author":[{"embeddable":true,"href":"https:\/\/centros.uepb.edu.br\/ccbsa\/wp-json\/wp\/v2\/users\/8"}],"replies":[{"embeddable":true,"href":"https:\/\/centros.uepb.edu.br\/ccbsa\/wp-json\/wp\/v2\/comments?post=9942"}],"version-history":[{"count":0,"href":"https:\/\/centros.uepb.edu.br\/ccbsa\/wp-json\/wp\/v2\/posts\/9942\/revisions"}],"wp:featuredmedia":[{"embeddable":true,"href":"https:\/\/centros.uepb.edu.br\/ccbsa\/wp-json\/wp\/v2\/media\/9945"}],"wp:attachment":[{"href":"https:\/\/centros.uepb.edu.br\/ccbsa\/wp-json\/wp\/v2\/media?parent=9942"}],"wp:term":[{"taxonomy":"category","embeddable":true,"href":"https:\/\/centros.uepb.edu.br\/ccbsa\/wp-json\/wp\/v2\/categories?post=9942"},{"taxonomy":"post_tag","embeddable":true,"href":"https:\/\/centros.uepb.edu.br\/ccbsa\/wp-json\/wp\/v2\/tags?post=9942"}],"curies":[{"name":"wp","href":"https:\/\/api.w.org\/{rel}","templated":true}]}}