{"id":9938,"date":"2023-06-12T11:11:50","date_gmt":"2023-06-12T11:11:50","guid":{"rendered":"https:\/\/centros.uepb.edu.br\/ccbsa\/?p=9938"},"modified":"2023-06-12T11:11:50","modified_gmt":"2023-06-12T11:11:50","slug":"7a-semana-nacional-de-arquivos-reune-diversas-acoes-realizadas-pelo-curso-de-arquivologia-da-uepb","status":"publish","type":"post","link":"https:\/\/centros.uepb.edu.br\/ccbsa\/7a-semana-nacional-de-arquivos-reune-diversas-acoes-realizadas-pelo-curso-de-arquivologia-da-uepb\/","title":{"rendered":"7\u00aa Semana Nacional de Arquivos re\u00fane diversas a\u00e7\u00f5es realizadas pelo curso de Arquivologia da UEPB"},"content":{"rendered":"\n\t\t<style type=\"text\/css\">\n\t\t\t#gallery-1 {\n\t\t\t\tmargin: auto;\n\t\t\t}\n\t\t\t#gallery-1 .gallery-item {\n\t\t\t\tfloat: left;\n\t\t\t\tmargin-top: 10px;\n\t\t\t\ttext-align: center;\n\t\t\t\twidth: 33%;\n\t\t\t}\n\t\t\t#gallery-1 img {\n\t\t\t\tborder: 2px solid #cfcfcf;\n\t\t\t}\n\t\t\t#gallery-1 .gallery-caption {\n\t\t\t\tmargin-left: 0;\n\t\t\t}\n\t\t\t\/* see gallery_shortcode() in wp-includes\/media.php *\/\n\t\t<\/style>\n\t\t<div id='gallery-1' class='gallery galleryid-9938 gallery-columns-3 gallery-size-full'><dl class='gallery-item'>\n\t\t\t<dt class='gallery-icon landscape'>\n\t\t\t\t<a href='https:\/\/centros.uepb.edu.br\/ccbsa\/files\/2023\/06\/MESA-SNA.jpg'><img loading=\"lazy\" decoding=\"async\" width=\"1200\" height=\"680\" src=\"https:\/\/centros.uepb.edu.br\/ccbsa\/files\/2023\/06\/MESA-SNA.jpg\" class=\"attachment-full size-full\" alt=\"\" srcset=\"https:\/\/centros.uepb.edu.br\/ccbsa\/files\/2023\/06\/MESA-SNA.jpg 1200w, https:\/\/centros.uepb.edu.br\/ccbsa\/files\/2023\/06\/MESA-SNA-300x170.jpg 300w, https:\/\/centros.uepb.edu.br\/ccbsa\/files\/2023\/06\/MESA-SNA-1120x635.jpg 1120w\" sizes=\"auto, (max-width: 1200px) 100vw, 1200px\" \/><\/a>\n\t\t\t<\/dt><\/dl><dl class='gallery-item'>\n\t\t\t<dt class='gallery-icon landscape'>\n\t\t\t\t<a href='https:\/\/centros.uepb.edu.br\/ccbsa\/files\/2023\/06\/MESA-SNA2.jpg'><img loading=\"lazy\" decoding=\"async\" width=\"1200\" height=\"680\" src=\"https:\/\/centros.uepb.edu.br\/ccbsa\/files\/2023\/06\/MESA-SNA2.jpg\" class=\"attachment-full size-full\" alt=\"\" srcset=\"https:\/\/centros.uepb.edu.br\/ccbsa\/files\/2023\/06\/MESA-SNA2.jpg 1200w, https:\/\/centros.uepb.edu.br\/ccbsa\/files\/2023\/06\/MESA-SNA2-300x170.jpg 300w, https:\/\/centros.uepb.edu.br\/ccbsa\/files\/2023\/06\/MESA-SNA2-1120x635.jpg 1120w\" sizes=\"auto, (max-width: 1200px) 100vw, 1200px\" \/><\/a>\n\t\t\t<\/dt><\/dl>\n\t\t\t<br style='clear: both' \/>\n\t\t<\/div>\n\n<p align=\"justify\">Com atividades articuladas \u00e0 programa\u00e7\u00e3o desenvolvida nacionalmente no \u00e2mbito da 7\u00aa Semana Nacional de Arquivos (SNA), o bacharelado em Arquivologia da Universidade Estadual da Para\u00edba (UEPB) realizou, nos dias 6 e 7 de junho, nos turnos da manh\u00e3 e noite, palestras que reuniram pesquisadores e estudantes para debater quest\u00f5es relacionadas \u00e0 tem\u00e1tica \u201cArquivos \u2013 Territ\u00f3rios de vidas\u201d.<\/p>\n<p align=\"justify\">A programa\u00e7\u00e3o na UEPB foi iniciada na ter\u00e7a-feira (6), nos turnos da manh\u00e3 e noite, com a palestra \u201cDecoloniza\u00e7\u00e3o nas ci\u00eancias, migra\u00e7\u00e3o e territ\u00f3rios de vidas: o que a Arquivologia tem a ver com isso?\u201d, ministrada pelo professor da UFPB, Afonso Celso Scocuglia e pela docente do curso de Arquivologia da UEPB, professora Eliete Correia dos Santos.<\/p>\n<p align=\"justify\">Na oportunidade, foi debatido o lugar da ci\u00eancia como monocultura do saber da modernidade; o que significa o movimento decolonial enquanto cr\u00edtica ao papel da ci\u00eancia no \u00e2mbito de quest\u00f5es como o patriarcalismo, colonialismo e capitalismo; a fun\u00e7\u00e3o dos arquivos como <span lang=\"en-US\">institui\u00e7\u00f5es respons\u00e1veis pela preserva\u00e7\u00e3o, guarda, acesso e difus\u00e3o de registros de vidas de diferentes \u00e9pocas. <\/span><\/p>\n<p align=\"justify\">Na quarta-feira (7), nos turnos da manh\u00e3 e noite, foi realizada a palestra \u201cGoverno eletr\u00f4nico: Territ\u00f3rio a se debater\u201d, tendo como ministrante o professor do curso de Arquivologia, Josemar Henrique de Melo. Na oportunidade, o docente dialogou sobre o governo eletr\u00f4nico, a transforma\u00e7\u00e3o digital e as mudan\u00e7as ocorridas nos processos internos e externos dos governos, a governan\u00e7a de Tecnologia da Informa\u00e7\u00e3o e suas ramifica\u00e7\u00f5es para o Governo Eletr\u00f4nico e as principais ideias da estrutura\u00e7\u00e3o do Governo Eletr\u00f4nico.<\/p>\n<p align=\"justify\">De acordo com a coordenadora do curso de Arquivologia, professora Eliete Correia dos Santos, no evento foram apresentadas tem\u00e1ticas que comumente n\u00e3o s\u00e3o apresentadas na perspectiva da Arquivologia. \u201cApresentamos quest\u00f5es como a decolonialidade e a governan\u00e7a, que exigem uma ecologia de saberes que n\u00e3o s\u00e3o pautados em uma \u00fanica \u00e1rea, mas, exige uma rede de coopera\u00e7\u00e3o para que se tenha uma efic\u00e1cia maior\u201d, avalia.<\/p>\n<p align=\"justify\">A 7\u00aa SNA busca celebrar as pessoas e institui\u00e7\u00f5es que guardam, preservam e d\u00e3o acesso aos registros de vidas de diferentes \u00e9pocas, e que precisam ser reconhecidos e valorizados como express\u00f5es da diversidade e pluralidade da nossa sociedade. A edi\u00e7\u00e3o tamb\u00e9m celebra os 75 anos do Conselho Internacional de Arquivos (ICA) e os 50 anos da Associa\u00e7\u00e3o Latino-americana de Arquivos (ALA).<\/p>\n<p align=\"justify\">A Iniciativa reuniu 525 eventos organizados por 220 institui\u00e7\u00f5es espalhadas por 91 munic\u00edpios brasileiros. Na Para\u00edba, al\u00e9m da UEPB, v\u00e1rias institui\u00e7\u00f5es participaram com programa\u00e7\u00e3o pr\u00f3pria, tais como a Funda\u00e7\u00e3o Casa de Jos\u00e9 Am\u00e9rico (FCJA), o Grupo de Estudos Arquiv\u00edsticos (GeArq), Universidade Federal da Para\u00edba e Arquivo P\u00fablico Estadual da Para\u00edba (APEPB).<\/p>\n<p align=\"justify\">Texto: Juliana Marques<\/p>\n<p>&nbsp;<\/p>\n","protected":false},"excerpt":{"rendered":"<p>Com atividades articuladas \u00e0 programa\u00e7\u00e3o desenvolvida nacionalmente no \u00e2mbito da 7\u00aa Semana Nacional de Arquivos (SNA), o bacharelado em Arquivologia da Universidade Estadual da Para\u00edba (UEPB) realizou, nos dias 6 e 7 de junho, nos turnos da manh\u00e3 e noite, palestras que reuniram pesquisadores e estudantes para debater quest\u00f5es relacionadas \u00e0 tem\u00e1tica \u201cArquivos \u2013 Territ\u00f3rios <a class=\"leiamais\" href=\"https:\/\/centros.uepb.edu.br\/ccbsa\/7a-semana-nacional-de-arquivos-reune-diversas-acoes-realizadas-pelo-curso-de-arquivologia-da-uepb\/\">Leia Mais&#8230;<\/a><\/p>\n","protected":false},"author":8,"featured_media":9939,"comment_status":"closed","ping_status":"closed","sticky":false,"template":"","format":"standard","meta":{"footnotes":""},"categories":[3,11],"tags":[],"class_list":["post-9938","post","type-post","status-publish","format-standard","has-post-thumbnail","hentry","category-noticias","category-noticias-destaque-img"],"jetpack_featured_media_url":"https:\/\/centros.uepb.edu.br\/ccbsa\/files\/2023\/06\/MESA-SNA.jpg","_links":{"self":[{"href":"https:\/\/centros.uepb.edu.br\/ccbsa\/wp-json\/wp\/v2\/posts\/9938","targetHints":{"allow":["GET"]}}],"collection":[{"href":"https:\/\/centros.uepb.edu.br\/ccbsa\/wp-json\/wp\/v2\/posts"}],"about":[{"href":"https:\/\/centros.uepb.edu.br\/ccbsa\/wp-json\/wp\/v2\/types\/post"}],"author":[{"embeddable":true,"href":"https:\/\/centros.uepb.edu.br\/ccbsa\/wp-json\/wp\/v2\/users\/8"}],"replies":[{"embeddable":true,"href":"https:\/\/centros.uepb.edu.br\/ccbsa\/wp-json\/wp\/v2\/comments?post=9938"}],"version-history":[{"count":0,"href":"https:\/\/centros.uepb.edu.br\/ccbsa\/wp-json\/wp\/v2\/posts\/9938\/revisions"}],"wp:featuredmedia":[{"embeddable":true,"href":"https:\/\/centros.uepb.edu.br\/ccbsa\/wp-json\/wp\/v2\/media\/9939"}],"wp:attachment":[{"href":"https:\/\/centros.uepb.edu.br\/ccbsa\/wp-json\/wp\/v2\/media?parent=9938"}],"wp:term":[{"taxonomy":"category","embeddable":true,"href":"https:\/\/centros.uepb.edu.br\/ccbsa\/wp-json\/wp\/v2\/categories?post=9938"},{"taxonomy":"post_tag","embeddable":true,"href":"https:\/\/centros.uepb.edu.br\/ccbsa\/wp-json\/wp\/v2\/tags?post=9938"}],"curies":[{"name":"wp","href":"https:\/\/api.w.org\/{rel}","templated":true}]}}