{"id":9859,"date":"2023-05-31T15:44:08","date_gmt":"2023-05-31T15:44:08","guid":{"rendered":"https:\/\/centros.uepb.edu.br\/ccbsa\/?p=9859"},"modified":"2023-05-31T15:48:51","modified_gmt":"2023-05-31T15:48:51","slug":"2a-mostra-ambiental-sera-realizada-no-campus-v-da-uepb-com-uma-vasta-programacao-destinada-a-comunidade-pessoense","status":"publish","type":"post","link":"https:\/\/centros.uepb.edu.br\/ccbsa\/2a-mostra-ambiental-sera-realizada-no-campus-v-da-uepb-com-uma-vasta-programacao-destinada-a-comunidade-pessoense\/","title":{"rendered":"2\u00aa Mostra Ambiental ser\u00e1 realizada no C\u00e2mpus V da UEPB com uma vasta programa\u00e7\u00e3o destinada \u00e0 comunidade pessoense"},"content":{"rendered":"\n\t\t<style type=\"text\/css\">\n\t\t\t#gallery-1 {\n\t\t\t\tmargin: auto;\n\t\t\t}\n\t\t\t#gallery-1 .gallery-item {\n\t\t\t\tfloat: left;\n\t\t\t\tmargin-top: 10px;\n\t\t\t\ttext-align: center;\n\t\t\t\twidth: 33%;\n\t\t\t}\n\t\t\t#gallery-1 img {\n\t\t\t\tborder: 2px solid #cfcfcf;\n\t\t\t}\n\t\t\t#gallery-1 .gallery-caption {\n\t\t\t\tmargin-left: 0;\n\t\t\t}\n\t\t\t\/* see gallery_shortcode() in wp-includes\/media.php *\/\n\t\t<\/style>\n\t\t<div id='gallery-1' class='gallery galleryid-9859 gallery-columns-3 gallery-size-full'><dl class='gallery-item'>\n\t\t\t<dt class='gallery-icon landscape'>\n\t\t\t\t<a href='https:\/\/centros.uepb.edu.br\/ccbsa\/files\/2023\/05\/WhatsApp-Image-2023-05-25-at-14.18.13.jpeg'><img loading=\"lazy\" decoding=\"async\" width=\"1080\" height=\"1080\" src=\"https:\/\/centros.uepb.edu.br\/ccbsa\/files\/2023\/05\/WhatsApp-Image-2023-05-25-at-14.18.13.jpeg\" class=\"attachment-full size-full\" alt=\"\" srcset=\"https:\/\/centros.uepb.edu.br\/ccbsa\/files\/2023\/05\/WhatsApp-Image-2023-05-25-at-14.18.13.jpeg 1080w, https:\/\/centros.uepb.edu.br\/ccbsa\/files\/2023\/05\/WhatsApp-Image-2023-05-25-at-14.18.13-300x300.jpeg 300w, https:\/\/centros.uepb.edu.br\/ccbsa\/files\/2023\/05\/WhatsApp-Image-2023-05-25-at-14.18.13-796x796.jpeg 796w\" sizes=\"auto, (max-width: 1080px) 100vw, 1080px\" \/><\/a>\n\t\t\t<\/dt><\/dl><dl class='gallery-item'>\n\t\t\t<dt class='gallery-icon landscape'>\n\t\t\t\t<a href='https:\/\/centros.uepb.edu.br\/ccbsa\/files\/2023\/05\/WhatsApp-Image-2023-05-25-at-14.18.13-1.jpeg'><img loading=\"lazy\" decoding=\"async\" width=\"1080\" height=\"1080\" src=\"https:\/\/centros.uepb.edu.br\/ccbsa\/files\/2023\/05\/WhatsApp-Image-2023-05-25-at-14.18.13-1.jpeg\" class=\"attachment-full size-full\" alt=\"\" srcset=\"https:\/\/centros.uepb.edu.br\/ccbsa\/files\/2023\/05\/WhatsApp-Image-2023-05-25-at-14.18.13-1.jpeg 1080w, https:\/\/centros.uepb.edu.br\/ccbsa\/files\/2023\/05\/WhatsApp-Image-2023-05-25-at-14.18.13-1-300x300.jpeg 300w, https:\/\/centros.uepb.edu.br\/ccbsa\/files\/2023\/05\/WhatsApp-Image-2023-05-25-at-14.18.13-1-796x796.jpeg 796w\" sizes=\"auto, (max-width: 1080px) 100vw, 1080px\" \/><\/a>\n\t\t\t<\/dt><\/dl><dl class='gallery-item'>\n\t\t\t<dt class='gallery-icon landscape'>\n\t\t\t\t<a href='https:\/\/centros.uepb.edu.br\/ccbsa\/files\/2023\/05\/WhatsApp-Image-2023-05-25-at-14.18.14.jpeg'><img loading=\"lazy\" decoding=\"async\" width=\"1080\" height=\"1080\" src=\"https:\/\/centros.uepb.edu.br\/ccbsa\/files\/2023\/05\/WhatsApp-Image-2023-05-25-at-14.18.14.jpeg\" class=\"attachment-full size-full\" alt=\"\" srcset=\"https:\/\/centros.uepb.edu.br\/ccbsa\/files\/2023\/05\/WhatsApp-Image-2023-05-25-at-14.18.14.jpeg 1080w, https:\/\/centros.uepb.edu.br\/ccbsa\/files\/2023\/05\/WhatsApp-Image-2023-05-25-at-14.18.14-300x300.jpeg 300w, https:\/\/centros.uepb.edu.br\/ccbsa\/files\/2023\/05\/WhatsApp-Image-2023-05-25-at-14.18.14-796x796.jpeg 796w\" sizes=\"auto, (max-width: 1080px) 100vw, 1080px\" \/><\/a>\n\t\t\t<\/dt><\/dl><br style=\"clear: both\" \/><dl class='gallery-item'>\n\t\t\t<dt class='gallery-icon landscape'>\n\t\t\t\t<a href='https:\/\/centros.uepb.edu.br\/ccbsa\/files\/2023\/05\/WhatsApp-Image-2023-05-25-at-14.18.15.jpeg'><img loading=\"lazy\" decoding=\"async\" width=\"1080\" height=\"1080\" src=\"https:\/\/centros.uepb.edu.br\/ccbsa\/files\/2023\/05\/WhatsApp-Image-2023-05-25-at-14.18.15.jpeg\" class=\"attachment-full size-full\" alt=\"\" srcset=\"https:\/\/centros.uepb.edu.br\/ccbsa\/files\/2023\/05\/WhatsApp-Image-2023-05-25-at-14.18.15.jpeg 1080w, https:\/\/centros.uepb.edu.br\/ccbsa\/files\/2023\/05\/WhatsApp-Image-2023-05-25-at-14.18.15-300x300.jpeg 300w, https:\/\/centros.uepb.edu.br\/ccbsa\/files\/2023\/05\/WhatsApp-Image-2023-05-25-at-14.18.15-796x796.jpeg 796w\" sizes=\"auto, (max-width: 1080px) 100vw, 1080px\" \/><\/a>\n\t\t\t<\/dt><\/dl><dl class='gallery-item'>\n\t\t\t<dt class='gallery-icon landscape'>\n\t\t\t\t<a href='https:\/\/centros.uepb.edu.br\/ccbsa\/files\/2023\/05\/WhatsApp-Image-2023-05-25-at-14.18.15-1.jpeg'><img loading=\"lazy\" decoding=\"async\" width=\"1080\" height=\"1080\" src=\"https:\/\/centros.uepb.edu.br\/ccbsa\/files\/2023\/05\/WhatsApp-Image-2023-05-25-at-14.18.15-1.jpeg\" class=\"attachment-full size-full\" alt=\"\" srcset=\"https:\/\/centros.uepb.edu.br\/ccbsa\/files\/2023\/05\/WhatsApp-Image-2023-05-25-at-14.18.15-1.jpeg 1080w, https:\/\/centros.uepb.edu.br\/ccbsa\/files\/2023\/05\/WhatsApp-Image-2023-05-25-at-14.18.15-1-300x300.jpeg 300w, https:\/\/centros.uepb.edu.br\/ccbsa\/files\/2023\/05\/WhatsApp-Image-2023-05-25-at-14.18.15-1-796x796.jpeg 796w\" sizes=\"auto, (max-width: 1080px) 100vw, 1080px\" \/><\/a>\n\t\t\t<\/dt><\/dl><dl class='gallery-item'>\n\t\t\t<dt class='gallery-icon landscape'>\n\t\t\t\t<a href='https:\/\/centros.uepb.edu.br\/ccbsa\/files\/2023\/05\/WhatsApp-Image-2023-05-25-at-14.18.16.jpeg'><img loading=\"lazy\" decoding=\"async\" width=\"1080\" height=\"1080\" src=\"https:\/\/centros.uepb.edu.br\/ccbsa\/files\/2023\/05\/WhatsApp-Image-2023-05-25-at-14.18.16.jpeg\" class=\"attachment-full size-full\" alt=\"\" srcset=\"https:\/\/centros.uepb.edu.br\/ccbsa\/files\/2023\/05\/WhatsApp-Image-2023-05-25-at-14.18.16.jpeg 1080w, https:\/\/centros.uepb.edu.br\/ccbsa\/files\/2023\/05\/WhatsApp-Image-2023-05-25-at-14.18.16-300x300.jpeg 300w, https:\/\/centros.uepb.edu.br\/ccbsa\/files\/2023\/05\/WhatsApp-Image-2023-05-25-at-14.18.16-796x796.jpeg 796w\" sizes=\"auto, (max-width: 1080px) 100vw, 1080px\" \/><\/a>\n\t\t\t<\/dt><\/dl><br style=\"clear: both\" \/><dl class='gallery-item'>\n\t\t\t<dt class='gallery-icon landscape'>\n\t\t\t\t<a href='https:\/\/centros.uepb.edu.br\/ccbsa\/files\/2023\/05\/WhatsApp-Image-2023-05-25-at-14.18.17.jpeg'><img loading=\"lazy\" decoding=\"async\" width=\"1080\" height=\"1080\" src=\"https:\/\/centros.uepb.edu.br\/ccbsa\/files\/2023\/05\/WhatsApp-Image-2023-05-25-at-14.18.17.jpeg\" class=\"attachment-full size-full\" alt=\"\" srcset=\"https:\/\/centros.uepb.edu.br\/ccbsa\/files\/2023\/05\/WhatsApp-Image-2023-05-25-at-14.18.17.jpeg 1080w, https:\/\/centros.uepb.edu.br\/ccbsa\/files\/2023\/05\/WhatsApp-Image-2023-05-25-at-14.18.17-300x300.jpeg 300w, https:\/\/centros.uepb.edu.br\/ccbsa\/files\/2023\/05\/WhatsApp-Image-2023-05-25-at-14.18.17-796x796.jpeg 796w\" sizes=\"auto, (max-width: 1080px) 100vw, 1080px\" \/><\/a>\n\t\t\t<\/dt><\/dl><dl class='gallery-item'>\n\t\t\t<dt class='gallery-icon landscape'>\n\t\t\t\t<a href='https:\/\/centros.uepb.edu.br\/ccbsa\/files\/2023\/05\/WhatsApp-Image-2023-05-25-at-14.18.17-1.jpeg'><img loading=\"lazy\" decoding=\"async\" width=\"1080\" height=\"1080\" src=\"https:\/\/centros.uepb.edu.br\/ccbsa\/files\/2023\/05\/WhatsApp-Image-2023-05-25-at-14.18.17-1.jpeg\" class=\"attachment-full size-full\" alt=\"\" srcset=\"https:\/\/centros.uepb.edu.br\/ccbsa\/files\/2023\/05\/WhatsApp-Image-2023-05-25-at-14.18.17-1.jpeg 1080w, https:\/\/centros.uepb.edu.br\/ccbsa\/files\/2023\/05\/WhatsApp-Image-2023-05-25-at-14.18.17-1-300x300.jpeg 300w, https:\/\/centros.uepb.edu.br\/ccbsa\/files\/2023\/05\/WhatsApp-Image-2023-05-25-at-14.18.17-1-796x796.jpeg 796w\" sizes=\"auto, (max-width: 1080px) 100vw, 1080px\" \/><\/a>\n\t\t\t<\/dt><\/dl><dl class='gallery-item'>\n\t\t\t<dt class='gallery-icon landscape'>\n\t\t\t\t<a href='https:\/\/centros.uepb.edu.br\/ccbsa\/files\/2023\/05\/WhatsApp-Image-2023-05-25-at-14.18.18.jpeg'><img loading=\"lazy\" decoding=\"async\" width=\"1080\" height=\"1080\" src=\"https:\/\/centros.uepb.edu.br\/ccbsa\/files\/2023\/05\/WhatsApp-Image-2023-05-25-at-14.18.18.jpeg\" class=\"attachment-full size-full\" alt=\"\" srcset=\"https:\/\/centros.uepb.edu.br\/ccbsa\/files\/2023\/05\/WhatsApp-Image-2023-05-25-at-14.18.18.jpeg 1080w, https:\/\/centros.uepb.edu.br\/ccbsa\/files\/2023\/05\/WhatsApp-Image-2023-05-25-at-14.18.18-300x300.jpeg 300w, https:\/\/centros.uepb.edu.br\/ccbsa\/files\/2023\/05\/WhatsApp-Image-2023-05-25-at-14.18.18-796x796.jpeg 796w\" sizes=\"auto, (max-width: 1080px) 100vw, 1080px\" \/><\/a>\n\t\t\t<\/dt><\/dl><br style=\"clear: both\" \/><dl class='gallery-item'>\n\t\t\t<dt class='gallery-icon landscape'>\n\t\t\t\t<a href='https:\/\/centros.uepb.edu.br\/ccbsa\/files\/2023\/05\/WhatsApp-Image-2023-05-25-at-14.18.18-1.jpeg'><img loading=\"lazy\" decoding=\"async\" width=\"1080\" height=\"1080\" src=\"https:\/\/centros.uepb.edu.br\/ccbsa\/files\/2023\/05\/WhatsApp-Image-2023-05-25-at-14.18.18-1.jpeg\" class=\"attachment-full size-full\" alt=\"\" srcset=\"https:\/\/centros.uepb.edu.br\/ccbsa\/files\/2023\/05\/WhatsApp-Image-2023-05-25-at-14.18.18-1.jpeg 1080w, https:\/\/centros.uepb.edu.br\/ccbsa\/files\/2023\/05\/WhatsApp-Image-2023-05-25-at-14.18.18-1-300x300.jpeg 300w, https:\/\/centros.uepb.edu.br\/ccbsa\/files\/2023\/05\/WhatsApp-Image-2023-05-25-at-14.18.18-1-796x796.jpeg 796w\" sizes=\"auto, (max-width: 1080px) 100vw, 1080px\" \/><\/a>\n\t\t\t<\/dt><\/dl>\n\t\t\t<br style='clear: both' \/>\n\t\t<\/div>\n\n<p>Com o objetivo de possibilitar o di\u00e1logo entre a sociedade, a ci\u00eancia e as diversas entidades envolvidas nas quest\u00f5es relacionadas ao meio ambiente, o projeto de extens\u00e3o \u201cMobiliza\u00e7\u00e3o, inclus\u00e3o e forma\u00e7\u00e3o de catadores(as) de materiais recicl\u00e1veis da cidade de Jo\u00e3o Pessoa: uma experi\u00eancia necess\u00e1ria\u201d, vinculado ao Centro de Ci\u00eancias Biol\u00f3gicas e Sociais Aplicadas (CCBSA) da Universidade Estadual da Para\u00edba (UEPB) promove, nos dias 5 e 6 de junho, a 2\u00aa Mostra Ambiental C\u00e2mpus V da UEPB.<\/p>\n<p>A abertura do evento ser\u00e1 dia 5 de junho \u00e0s 8h, no audit\u00f3rio Pioneiros, seguida da mesa \u201cO direito a cidade e o papel dos movimentos sociais\u201d, com a participa\u00e7\u00e3o do procurador da rep\u00fablica Jos\u00e9 Godoy; da presidente da Associa\u00e7\u00e3o dos ambulantes e trabalhadores em geral da Para\u00edba, M\u00e1rcia Medeiros; do representante do Movimento Nacional dos Catadores, Kelson Galdino; da integrante do F\u00f3rum de reforma Urbana, Ana Paula Cavalcanti, com media\u00e7\u00e3o da professora da UEPB Martha Simone Amorim.<\/p>\n<p>Na sequ\u00eancia ser\u00e1 realizada a mesa redonda intitulada \u201cProjeto Jo\u00e3o Pessoa sustent\u00e1vel: de que sustentabilidade falamos afinal\u201d, com a participa\u00e7\u00e3o do professor Alexandre Sabino do Nascimento; do professor Rafael Faleiros de P\u00e1dua e do historiador e mestrando Daniel Pereira dos Santos e media\u00e7\u00e3o do professor Vancarder Brito Santos. A programa\u00e7\u00e3o do dia 5 de junho encerra \u00e0s 14h com uma visita t\u00e9cnica ao Parque Arruda C\u00e2mara (Bica) sob a coordena\u00e7\u00e3o do professor M\u00e1rcio Adriano.<\/p>\n<p>No dia 6 de junho \u00e0s 8h ser\u00e1 realizado um debate com a tem\u00e1tica \u201cProjeto de Alargamento da praia em Jo\u00e3o Pessoa\u201d, com a presen\u00e7a do vereador Marcos Henriques e da professora Cristiane Francisca Sassi e media\u00e7\u00e3o professor Cleber Salimon. Em seguida, ser\u00e1 realizada a mesa \u201cEduca\u00e7\u00e3o ambiental e inclus\u00e3o socioecon\u00f4mica de catadores\/as de materiais recicl\u00e1veis\u201d, com participa\u00e7\u00e3o do procurador estadual do Meio Ambiente Jos\u00e9 Farias Filho, da catadora Maria Dionnys de Oliveira e media\u00e7\u00e3o da professora Maria de F\u00e1tima Ara\u00fajo.<\/p>\n<p>A partir das 10h20 ser\u00e1 realizada a palestra \u201cA\u00e7\u00f5es e diretrizes da secretaria do Meio Ambiente do Estado da Para\u00edba\u201d, com a secret\u00e1ria de Meio ambiente e Sustentabilidade da Para\u00edba, Rafaela Camaraense. Ainda no dia 6 de junho, \u00e0s 10h50 ser\u00e1 oferecida a oficina \u201cColeta seletiva solid\u00e1ria e a inclus\u00e3o socioecon\u00f4mica de catadores de materiais recicl\u00e1veis\u201d, a ser ministrada pelo representante do movimento nacional dos catadores Kelson Galdino e pela professora Maria de F\u00e1tima Ara\u00fajo<\/p>\n<p>A programa\u00e7\u00e3o ser\u00e1 encerrada no dia 6 de junho \u00e0s 14h na antiga Empresa Paraibana de Abastecimento e Servi\u00e7os Agr\u00edcolas (EMPASA), com a oficina \u201cManuseio sustent\u00e1vel dos res\u00edduos org\u00e2nicos\u201d, tendo como ministrante a gestora ambiental Silvana Alves dos Santos e com acompanhamento dos professores Maria de F\u00e1tima Ara\u00fajo e Vancarder Sousa.<\/p>\n<p>Para participar do evento \u00e9 necess\u00e1rio realizar inscri\u00e7\u00f5es pr\u00e9vias via <a href=\"https:\/\/docs.google.com\/forms\/d\/e\/1FAIpQLSe-HFFTTG2ySxsPwBAGRFXMToPVr1uVPN1qRYNdSRgtDFTAuA\/viewform\">formul\u00e1rio eletr\u00f4nico. <\/a>\u00a0Al\u00e9m disso, a organiza\u00e7\u00e3o do evento solicita aos participantes a doa\u00e7\u00e3o de 1kg de alimento n\u00e3o perec\u00edvel.<\/p>\n<p>Outras informa\u00e7\u00f5es: Instagram- <a href=\"https:\/\/instagram.com\/projeto.catadoresjp?igshid=OGQ5ZDc2ODk2ZA==\">@projeto.catadoresjp<\/a><\/p>\n","protected":false},"excerpt":{"rendered":"<p>Com o objetivo de possibilitar o di\u00e1logo entre a sociedade, a ci\u00eancia e as diversas entidades envolvidas nas quest\u00f5es relacionadas ao meio ambiente, o projeto de extens\u00e3o \u201cMobiliza\u00e7\u00e3o, inclus\u00e3o e forma\u00e7\u00e3o de catadores(as) de materiais recicl\u00e1veis da cidade de Jo\u00e3o Pessoa: uma experi\u00eancia necess\u00e1ria\u201d, vinculado ao Centro de Ci\u00eancias Biol\u00f3gicas e Sociais Aplicadas (CCBSA) da <a class=\"leiamais\" href=\"https:\/\/centros.uepb.edu.br\/ccbsa\/2a-mostra-ambiental-sera-realizada-no-campus-v-da-uepb-com-uma-vasta-programacao-destinada-a-comunidade-pessoense\/\">Leia Mais&#8230;<\/a><\/p>\n","protected":false},"author":8,"featured_media":9878,"comment_status":"closed","ping_status":"closed","sticky":false,"template":"","format":"standard","meta":{"footnotes":""},"categories":[3,11],"tags":[],"class_list":["post-9859","post","type-post","status-publish","format-standard","has-post-thumbnail","hentry","category-noticias","category-noticias-destaque-img"],"jetpack_featured_media_url":"https:\/\/centros.uepb.edu.br\/ccbsa\/files\/2023\/05\/WhatsApp-Image-2023-05-25-at-14.18.13-1.jpg","_links":{"self":[{"href":"https:\/\/centros.uepb.edu.br\/ccbsa\/wp-json\/wp\/v2\/posts\/9859","targetHints":{"allow":["GET"]}}],"collection":[{"href":"https:\/\/centros.uepb.edu.br\/ccbsa\/wp-json\/wp\/v2\/posts"}],"about":[{"href":"https:\/\/centros.uepb.edu.br\/ccbsa\/wp-json\/wp\/v2\/types\/post"}],"author":[{"embeddable":true,"href":"https:\/\/centros.uepb.edu.br\/ccbsa\/wp-json\/wp\/v2\/users\/8"}],"replies":[{"embeddable":true,"href":"https:\/\/centros.uepb.edu.br\/ccbsa\/wp-json\/wp\/v2\/comments?post=9859"}],"version-history":[{"count":0,"href":"https:\/\/centros.uepb.edu.br\/ccbsa\/wp-json\/wp\/v2\/posts\/9859\/revisions"}],"wp:featuredmedia":[{"embeddable":true,"href":"https:\/\/centros.uepb.edu.br\/ccbsa\/wp-json\/wp\/v2\/media\/9878"}],"wp:attachment":[{"href":"https:\/\/centros.uepb.edu.br\/ccbsa\/wp-json\/wp\/v2\/media?parent=9859"}],"wp:term":[{"taxonomy":"category","embeddable":true,"href":"https:\/\/centros.uepb.edu.br\/ccbsa\/wp-json\/wp\/v2\/categories?post=9859"},{"taxonomy":"post_tag","embeddable":true,"href":"https:\/\/centros.uepb.edu.br\/ccbsa\/wp-json\/wp\/v2\/tags?post=9859"}],"curies":[{"name":"wp","href":"https:\/\/api.w.org\/{rel}","templated":true}]}}