{"id":9855,"date":"2023-05-26T11:33:21","date_gmt":"2023-05-26T11:33:21","guid":{"rendered":"https:\/\/centros.uepb.edu.br\/ccbsa\/?p=9855"},"modified":"2023-06-16T15:45:37","modified_gmt":"2023-06-16T15:45:37","slug":"biblioteca-do-campus-v-e-projeto-descomplica-tcc-promovem-oficina-sobre-normas-para-resumo-e-citacao-conforme-a-abnt","status":"publish","type":"post","link":"https:\/\/centros.uepb.edu.br\/ccbsa\/biblioteca-do-campus-v-e-projeto-descomplica-tcc-promovem-oficina-sobre-normas-para-resumo-e-citacao-conforme-a-abnt\/","title":{"rendered":"Biblioteca do C\u00e2mpus V e Projeto Descomplica TCC promovem oficina sobre normas para cita\u00e7\u00e3o conforme a ABNT"},"content":{"rendered":"<p><a href=\"https:\/\/centros.uepb.edu.br\/ccbsa\/files\/2023\/04\/Design-sem-nome-2-1.png\"><img loading=\"lazy\" decoding=\"async\" class=\"aligncenter size-full wp-image-9750 img-responsive\" src=\"https:\/\/centros.uepb.edu.br\/ccbsa\/files\/2023\/04\/Design-sem-nome-2-1.png\" alt=\"\" width=\"1200\" height=\"680\" srcset=\"https:\/\/centros.uepb.edu.br\/ccbsa\/files\/2023\/04\/Design-sem-nome-2-1.png 1200w, https:\/\/centros.uepb.edu.br\/ccbsa\/files\/2023\/04\/Design-sem-nome-2-1-300x170.png 300w, https:\/\/centros.uepb.edu.br\/ccbsa\/files\/2023\/04\/Design-sem-nome-2-1-1120x635.png 1120w\" sizes=\"auto, (max-width: 1200px) 100vw, 1200px\" \/><\/a><\/p>\n<p>A Biblioteca do C\u00e2mpus V da Universidade Estadual da Para\u00edba (UEPB)\u00a0 em parceria com o projeto da Universidade Federal da Para\u00edba (UFPB) denominado &#8220;Descomplica TCC&#8221; promove, no dia 7 de junho, das 19 \u00e0s 21h, no Audit\u00f3rio Pioneiros, a oficina &#8220;Descomplica TCC: cita\u00e7\u00e3o padr\u00e3o ABNT&#8221;. Os interessados em participar devem preencher o <a href=\"https:\/\/forms.gle\/qVH25fododR8DqVX7\">formul\u00e1rio eletr\u00f4nico.<\/a><\/p>\n<p>A atividade, destinada a estudantes da UEPB e demais interessados na tem\u00e1tica, est\u00e1 em conson\u00e2ncia com miss\u00e3o da Biblioteca Afonso Pereira de promover a educa\u00e7\u00e3o superior, auxiliar nos estudos e pesquisas acad\u00eamicas, capacita\u00e7\u00e3o, forma\u00e7\u00e3o e apoio aos programas de ensino, pesquisa e extens\u00e3o.<\/p>\n<p>Esta a\u00e7\u00e3o integra o calend\u00e1rio de oficinas que ser\u00e3o oferecidas para a comunidade do Centro de Ci\u00eancias Biol\u00f3gicas e Sociais Aplicadas (CCBSA) no ano de 2023. No decorrer do ano letivo est\u00e3o sendo oferecidas oficinas sobre temas diversos. As pr\u00f3ximas ser\u00e3o sobre Bases de dados, fontes de informa\u00e7\u00e3o e acessibilidade informacional. As a\u00e7\u00f5es s\u00e3o promovidas pela equipe da Biblioteca Afonso Pereira, de outras unidades informacionais da UEPB e de institui\u00e7\u00f5es parceiras.<\/p>\n<p>Mais informa\u00e7\u00f5es sobre as oficinas: <a href=\"https:\/\/www.instagram.com\/bsc5uepb\/\">Instagram &#8211; @bsc5uepb<\/a><\/p>\n","protected":false},"excerpt":{"rendered":"<p>A Biblioteca do C\u00e2mpus V da Universidade Estadual da Para\u00edba (UEPB)\u00a0 em parceria com o projeto da Universidade Federal da Para\u00edba (UFPB) denominado &#8220;Descomplica TCC&#8221; promove, no dia 7 de junho, das 19 \u00e0s 21h, no Audit\u00f3rio Pioneiros, a oficina &#8220;Descomplica TCC: cita\u00e7\u00e3o padr\u00e3o ABNT&#8221;. Os interessados em participar devem preencher o formul\u00e1rio eletr\u00f4nico. A <a class=\"leiamais\" href=\"https:\/\/centros.uepb.edu.br\/ccbsa\/biblioteca-do-campus-v-e-projeto-descomplica-tcc-promovem-oficina-sobre-normas-para-resumo-e-citacao-conforme-a-abnt\/\">Leia Mais&#8230;<\/a><\/p>\n","protected":false},"author":8,"featured_media":9750,"comment_status":"closed","ping_status":"closed","sticky":false,"template":"","format":"standard","meta":{"footnotes":""},"categories":[3,11],"tags":[],"class_list":["post-9855","post","type-post","status-publish","format-standard","has-post-thumbnail","hentry","category-noticias","category-noticias-destaque-img"],"jetpack_featured_media_url":"https:\/\/centros.uepb.edu.br\/ccbsa\/files\/2023\/04\/Design-sem-nome-2-1.png","_links":{"self":[{"href":"https:\/\/centros.uepb.edu.br\/ccbsa\/wp-json\/wp\/v2\/posts\/9855","targetHints":{"allow":["GET"]}}],"collection":[{"href":"https:\/\/centros.uepb.edu.br\/ccbsa\/wp-json\/wp\/v2\/posts"}],"about":[{"href":"https:\/\/centros.uepb.edu.br\/ccbsa\/wp-json\/wp\/v2\/types\/post"}],"author":[{"embeddable":true,"href":"https:\/\/centros.uepb.edu.br\/ccbsa\/wp-json\/wp\/v2\/users\/8"}],"replies":[{"embeddable":true,"href":"https:\/\/centros.uepb.edu.br\/ccbsa\/wp-json\/wp\/v2\/comments?post=9855"}],"version-history":[{"count":0,"href":"https:\/\/centros.uepb.edu.br\/ccbsa\/wp-json\/wp\/v2\/posts\/9855\/revisions"}],"wp:featuredmedia":[{"embeddable":true,"href":"https:\/\/centros.uepb.edu.br\/ccbsa\/wp-json\/wp\/v2\/media\/9750"}],"wp:attachment":[{"href":"https:\/\/centros.uepb.edu.br\/ccbsa\/wp-json\/wp\/v2\/media?parent=9855"}],"wp:term":[{"taxonomy":"category","embeddable":true,"href":"https:\/\/centros.uepb.edu.br\/ccbsa\/wp-json\/wp\/v2\/categories?post=9855"},{"taxonomy":"post_tag","embeddable":true,"href":"https:\/\/centros.uepb.edu.br\/ccbsa\/wp-json\/wp\/v2\/tags?post=9855"}],"curies":[{"name":"wp","href":"https:\/\/api.w.org\/{rel}","templated":true}]}}