{"id":9845,"date":"2023-05-23T18:28:53","date_gmt":"2023-05-23T18:28:53","guid":{"rendered":"https:\/\/centros.uepb.edu.br\/ccbsa\/?p=9845"},"modified":"2023-05-23T18:28:53","modified_gmt":"2023-05-23T18:28:53","slug":"progep-inicia-em-joao-pessoa-acoes-de-saude-que-serao-voltadas-a-servidores-de-todos-os-campus-da-instituicao-2","status":"publish","type":"post","link":"https:\/\/centros.uepb.edu.br\/ccbsa\/progep-inicia-em-joao-pessoa-acoes-de-saude-que-serao-voltadas-a-servidores-de-todos-os-campus-da-instituicao-2\/","title":{"rendered":"PROGEP inicia em Jo\u00e3o Pessoa a\u00e7\u00f5es de sa\u00fade que ser\u00e3o voltadas a servidores de todos os c\u00e2mpus da Institui\u00e7\u00e3o"},"content":{"rendered":"\n\t\t<style type=\"text\/css\">\n\t\t\t#gallery-1 {\n\t\t\t\tmargin: auto;\n\t\t\t}\n\t\t\t#gallery-1 .gallery-item {\n\t\t\t\tfloat: left;\n\t\t\t\tmargin-top: 10px;\n\t\t\t\ttext-align: center;\n\t\t\t\twidth: 33%;\n\t\t\t}\n\t\t\t#gallery-1 img {\n\t\t\t\tborder: 2px solid #cfcfcf;\n\t\t\t}\n\t\t\t#gallery-1 .gallery-caption {\n\t\t\t\tmargin-left: 0;\n\t\t\t}\n\t\t\t\/* see gallery_shortcode() in wp-includes\/media.php *\/\n\t\t<\/style>\n\t\t<div id='gallery-1' class='gallery galleryid-9845 gallery-columns-3 gallery-size-full'><dl class='gallery-item'>\n\t\t\t<dt class='gallery-icon landscape'>\n\t\t\t\t<a href='https:\/\/centros.uepb.edu.br\/ccbsa\/files\/2023\/05\/IMG_7887.jpg'><img loading=\"lazy\" decoding=\"async\" width=\"1200\" height=\"800\" src=\"https:\/\/centros.uepb.edu.br\/ccbsa\/files\/2023\/05\/IMG_7887.jpg\" class=\"attachment-full size-full\" alt=\"\" srcset=\"https:\/\/centros.uepb.edu.br\/ccbsa\/files\/2023\/05\/IMG_7887.jpg 1200w, https:\/\/centros.uepb.edu.br\/ccbsa\/files\/2023\/05\/IMG_7887-300x200.jpg 300w, https:\/\/centros.uepb.edu.br\/ccbsa\/files\/2023\/05\/IMG_7887-1120x747.jpg 1120w\" sizes=\"auto, (max-width: 1200px) 100vw, 1200px\" \/><\/a>\n\t\t\t<\/dt><\/dl><dl class='gallery-item'>\n\t\t\t<dt class='gallery-icon landscape'>\n\t\t\t\t<a href='https:\/\/centros.uepb.edu.br\/ccbsa\/files\/2023\/05\/IMG_7899.jpg'><img loading=\"lazy\" decoding=\"async\" width=\"1200\" height=\"891\" src=\"https:\/\/centros.uepb.edu.br\/ccbsa\/files\/2023\/05\/IMG_7899.jpg\" class=\"attachment-full size-full\" alt=\"\" srcset=\"https:\/\/centros.uepb.edu.br\/ccbsa\/files\/2023\/05\/IMG_7899.jpg 1200w, https:\/\/centros.uepb.edu.br\/ccbsa\/files\/2023\/05\/IMG_7899-300x223.jpg 300w, https:\/\/centros.uepb.edu.br\/ccbsa\/files\/2023\/05\/IMG_7899-1072x796.jpg 1072w\" sizes=\"auto, (max-width: 1200px) 100vw, 1200px\" \/><\/a>\n\t\t\t<\/dt><\/dl>\n\t\t\t<br style='clear: both' \/>\n\t\t<\/div>\n\n<p>Com o objetivo de oferecer servi\u00e7os e mapear as condi\u00e7\u00f5es de sa\u00fade e seguran\u00e7a de servidores e servidoras da Universidade Estadual da Para\u00edba (UEPB), o setor de Sa\u00fade do Trabalhador da Pro-Reitoria de Gest\u00e3o de Pessoas (PROGEP) realizou, nesta ter\u00e7a-feira (23), no C\u00e2mpus V, diversas atividades voltadas \u00e0s categorias t\u00e9cnica-administrativa e docente da Institui\u00e7\u00e3o.<\/p>\n<p>Na oportunidade, foi realizada a aferi\u00e7\u00e3o da press\u00e3o arterial, verifica\u00e7\u00e3o da glicemia, medidas antropom\u00e9tricas, c\u00e1lculo do IMC com estado nutricional aplicado. Al\u00e9m disso, foi aplicado um question\u00e1rio com dados sobre a sa\u00fade de trabalhadores do CCBSA para que seja tra\u00e7ado um perfil destes servidores.<\/p>\n<p>A a\u00e7\u00e3o deve ser executada em todos os c\u00e2mpus da UEPB pela t\u00e9cnica em seguran\u00e7a do trabalho e coordenadora do setor de Sa\u00fade do Trabalhador, Danielle Ginuino Correia, pela t\u00e9cnica em enfermagem<strong>,\u00a0<\/strong>Luanna Batista Azevedo e pela nutricionista do campus V, Nayara Massa.<\/p>\n<p>De acordo com a enfermeira Luana Azevedo esses eventos ir\u00e3o contribuir para a preven\u00e7\u00e3o de doen\u00e7as e permitir\u00e3o a avalia\u00e7\u00e3o pr\u00e9via da sa\u00fade dos servidores e orienta\u00e7\u00f5es para que estes se sintam motivados e sensibilizados \u00e0 adquirir um estilo de vida mais saud\u00e1vel.<\/p>\n<p>A nutricionista Nayara Massa acrescenta que a realiza\u00e7\u00e3o das a\u00e7\u00f5es nos diferentes c\u00e2mpus da institui\u00e7\u00e3o permitir\u00e1 a constru\u00e7\u00e3o de banco de dados com as informa\u00e7\u00f5es coletadas, possibilitando conhecer o estado nutricional e o perfil de sa\u00fade dos servidores e realizar o planejamento de programas\u00a0 e a\u00e7\u00f5es\u00a0 de forma mais assertiva na \u00e1rea da alimenta\u00e7\u00e3o e nutri\u00e7\u00e3o, proporcionando o desenvolvimento de um plano de a\u00e7\u00e3o em cuidado nutricional para os servidores, a partir do diagn\u00f3stico identificado.<\/p>\n","protected":false},"excerpt":{"rendered":"<p>Com o objetivo de oferecer servi\u00e7os e mapear as condi\u00e7\u00f5es de sa\u00fade e seguran\u00e7a de servidores e servidoras da Universidade Estadual da Para\u00edba (UEPB), o setor de Sa\u00fade do Trabalhador da Pro-Reitoria de Gest\u00e3o de Pessoas (PROGEP) realizou, nesta ter\u00e7a-feira (23), no C\u00e2mpus V, diversas atividades voltadas \u00e0s categorias t\u00e9cnica-administrativa e docente da Institui\u00e7\u00e3o. Na <a class=\"leiamais\" href=\"https:\/\/centros.uepb.edu.br\/ccbsa\/progep-inicia-em-joao-pessoa-acoes-de-saude-que-serao-voltadas-a-servidores-de-todos-os-campus-da-instituicao-2\/\">Leia Mais&#8230;<\/a><\/p>\n","protected":false},"author":8,"featured_media":9846,"comment_status":"closed","ping_status":"closed","sticky":false,"template":"","format":"standard","meta":{"footnotes":""},"categories":[3,11],"tags":[],"class_list":["post-9845","post","type-post","status-publish","format-standard","has-post-thumbnail","hentry","category-noticias","category-noticias-destaque-img"],"jetpack_featured_media_url":"https:\/\/centros.uepb.edu.br\/ccbsa\/files\/2023\/05\/IMG_7894.jpg","_links":{"self":[{"href":"https:\/\/centros.uepb.edu.br\/ccbsa\/wp-json\/wp\/v2\/posts\/9845","targetHints":{"allow":["GET"]}}],"collection":[{"href":"https:\/\/centros.uepb.edu.br\/ccbsa\/wp-json\/wp\/v2\/posts"}],"about":[{"href":"https:\/\/centros.uepb.edu.br\/ccbsa\/wp-json\/wp\/v2\/types\/post"}],"author":[{"embeddable":true,"href":"https:\/\/centros.uepb.edu.br\/ccbsa\/wp-json\/wp\/v2\/users\/8"}],"replies":[{"embeddable":true,"href":"https:\/\/centros.uepb.edu.br\/ccbsa\/wp-json\/wp\/v2\/comments?post=9845"}],"version-history":[{"count":0,"href":"https:\/\/centros.uepb.edu.br\/ccbsa\/wp-json\/wp\/v2\/posts\/9845\/revisions"}],"wp:featuredmedia":[{"embeddable":true,"href":"https:\/\/centros.uepb.edu.br\/ccbsa\/wp-json\/wp\/v2\/media\/9846"}],"wp:attachment":[{"href":"https:\/\/centros.uepb.edu.br\/ccbsa\/wp-json\/wp\/v2\/media?parent=9845"}],"wp:term":[{"taxonomy":"category","embeddable":true,"href":"https:\/\/centros.uepb.edu.br\/ccbsa\/wp-json\/wp\/v2\/categories?post=9845"},{"taxonomy":"post_tag","embeddable":true,"href":"https:\/\/centros.uepb.edu.br\/ccbsa\/wp-json\/wp\/v2\/tags?post=9845"}],"curies":[{"name":"wp","href":"https:\/\/api.w.org\/{rel}","templated":true}]}}