{"id":984,"date":"2013-10-10T13:42:37","date_gmt":"2013-10-10T13:42:37","guid":{"rendered":"\/ccbsa\/?p=984"},"modified":"2013-10-10T13:42:37","modified_gmt":"2013-10-10T13:42:37","slug":"reitoria-antecipa-feriado-do-dia-do-professor-e-determina-recesso-docente-na-segunda-dia-14","status":"publish","type":"post","link":"https:\/\/centros.uepb.edu.br\/ccbsa\/reitoria-antecipa-feriado-do-dia-do-professor-e-determina-recesso-docente-na-segunda-dia-14\/","title":{"rendered":"Reitoria antecipa feriado do Dia do Professor e determina recesso docente na segunda, dia 14"},"content":{"rendered":"<p>A Reitoria da Universidade Estadual da Para\u00edba (UEPB) divulgou portaria na qual estabelece que as comemora\u00e7\u00f5es do Dia do Professor, celebrado no dia 15 de outubro, ser\u00e3o antecipadas para a pr\u00f3xima segunda-feira (14). Desta forma, fica determinado o recesso das atividades docentes no dia 14 de outubro, estendido, com especificidade, aos setores administrativos diretamente vinculados, como Dire\u00e7\u00f5es de Centros, Coordena\u00e7\u00f5es de Cursos e Chefias de Departamentos.<\/p>\n<p>As atividades nos demais setores da Institui\u00e7\u00e3o continuar\u00e3o normais e todas as atividades docentes voltar\u00e3o \u00e0 normalidade na ter\u00e7a-feira (15).<\/p>\n<p>Confira <a href=\"http:\/\/www.uepb.edu.br\/download\/outros_documentos_2013\/1010%20Portaria%20-%20Dia%20dos%20Professores.pdf\">Portaria N\u00ba 0936\/2013<\/a>.<\/p>\n","protected":false},"excerpt":{"rendered":"<p>A Reitoria da Universidade Estadual da Para\u00edba (UEPB) divulgou portaria na qual estabelece que as comemora\u00e7\u00f5es do Dia do Professor, celebrado no dia 15 de outubro, ser\u00e3o antecipadas para a pr\u00f3xima segunda-feira (14). Desta forma, fica determinado o recesso das atividades docentes no dia 14 de outubro, estendido, com especificidade, aos setores administrativos diretamente vinculados, <a class=\"leiamais\" href=\"https:\/\/centros.uepb.edu.br\/ccbsa\/reitoria-antecipa-feriado-do-dia-do-professor-e-determina-recesso-docente-na-segunda-dia-14\/\">Leia Mais&#8230;<\/a><\/p>\n","protected":false},"author":8,"featured_media":0,"comment_status":"open","ping_status":"open","sticky":false,"template":"","format":"standard","meta":{"footnotes":""},"categories":[3,5],"tags":[],"class_list":["post-984","post","type-post","status-publish","format-standard","hentry","category-noticias","category-visiveis"],"jetpack_featured_media_url":"","_links":{"self":[{"href":"https:\/\/centros.uepb.edu.br\/ccbsa\/wp-json\/wp\/v2\/posts\/984","targetHints":{"allow":["GET"]}}],"collection":[{"href":"https:\/\/centros.uepb.edu.br\/ccbsa\/wp-json\/wp\/v2\/posts"}],"about":[{"href":"https:\/\/centros.uepb.edu.br\/ccbsa\/wp-json\/wp\/v2\/types\/post"}],"author":[{"embeddable":true,"href":"https:\/\/centros.uepb.edu.br\/ccbsa\/wp-json\/wp\/v2\/users\/8"}],"replies":[{"embeddable":true,"href":"https:\/\/centros.uepb.edu.br\/ccbsa\/wp-json\/wp\/v2\/comments?post=984"}],"version-history":[{"count":0,"href":"https:\/\/centros.uepb.edu.br\/ccbsa\/wp-json\/wp\/v2\/posts\/984\/revisions"}],"wp:attachment":[{"href":"https:\/\/centros.uepb.edu.br\/ccbsa\/wp-json\/wp\/v2\/media?parent=984"}],"wp:term":[{"taxonomy":"category","embeddable":true,"href":"https:\/\/centros.uepb.edu.br\/ccbsa\/wp-json\/wp\/v2\/categories?post=984"},{"taxonomy":"post_tag","embeddable":true,"href":"https:\/\/centros.uepb.edu.br\/ccbsa\/wp-json\/wp\/v2\/tags?post=984"}],"curies":[{"name":"wp","href":"https:\/\/api.w.org\/{rel}","templated":true}]}}