{"id":9835,"date":"2023-05-23T17:59:27","date_gmt":"2023-05-23T17:59:27","guid":{"rendered":"https:\/\/centros.uepb.edu.br\/ccbsa\/?p=9835"},"modified":"2023-05-23T17:59:27","modified_gmt":"2023-05-23T17:59:27","slug":"curso-de-relacoes-internacionais-realiza-seminario-que-dialoga-sobre-os-desafios-da-politica-externa-brasileira","status":"publish","type":"post","link":"https:\/\/centros.uepb.edu.br\/ccbsa\/curso-de-relacoes-internacionais-realiza-seminario-que-dialoga-sobre-os-desafios-da-politica-externa-brasileira\/","title":{"rendered":"Curso de Rela\u00e7\u00f5es Internacionais realiza Semin\u00e1rio que dialoga sobre os desafios da pol\u00edtica externa brasileira\u00a0"},"content":{"rendered":"<\/p>\n\n\t\t<style type=\"text\/css\">\n\t\t\t#gallery-1 {\n\t\t\t\tmargin: auto;\n\t\t\t}\n\t\t\t#gallery-1 .gallery-item {\n\t\t\t\tfloat: left;\n\t\t\t\tmargin-top: 10px;\n\t\t\t\ttext-align: center;\n\t\t\t\twidth: 33%;\n\t\t\t}\n\t\t\t#gallery-1 img {\n\t\t\t\tborder: 2px solid #cfcfcf;\n\t\t\t}\n\t\t\t#gallery-1 .gallery-caption {\n\t\t\t\tmargin-left: 0;\n\t\t\t}\n\t\t\t\/* see gallery_shortcode() in wp-includes\/media.php *\/\n\t\t<\/style>\n\t\t<div id='gallery-1' class='gallery galleryid-9835 gallery-columns-3 gallery-size-full'><dl class='gallery-item'>\n\t\t\t<dt class='gallery-icon landscape'>\n\t\t\t\t<a href='https:\/\/centros.uepb.edu.br\/ccbsa\/files\/2023\/05\/IMG_7860.jpg'><img loading=\"lazy\" decoding=\"async\" width=\"1200\" height=\"680\" src=\"https:\/\/centros.uepb.edu.br\/ccbsa\/files\/2023\/05\/IMG_7860.jpg\" class=\"attachment-full size-full\" alt=\"\" srcset=\"https:\/\/centros.uepb.edu.br\/ccbsa\/files\/2023\/05\/IMG_7860.jpg 1200w, https:\/\/centros.uepb.edu.br\/ccbsa\/files\/2023\/05\/IMG_7860-300x170.jpg 300w, https:\/\/centros.uepb.edu.br\/ccbsa\/files\/2023\/05\/IMG_7860-1120x635.jpg 1120w\" sizes=\"auto, (max-width: 1200px) 100vw, 1200px\" \/><\/a>\n\t\t\t<\/dt><\/dl><dl class='gallery-item'>\n\t\t\t<dt class='gallery-icon landscape'>\n\t\t\t\t<a href='https:\/\/centros.uepb.edu.br\/ccbsa\/files\/2023\/05\/ANTONIO-JORGE.jpg'><img loading=\"lazy\" decoding=\"async\" width=\"1200\" height=\"927\" src=\"https:\/\/centros.uepb.edu.br\/ccbsa\/files\/2023\/05\/ANTONIO-JORGE.jpg\" class=\"attachment-full size-full\" alt=\"\" srcset=\"https:\/\/centros.uepb.edu.br\/ccbsa\/files\/2023\/05\/ANTONIO-JORGE.jpg 1200w, https:\/\/centros.uepb.edu.br\/ccbsa\/files\/2023\/05\/ANTONIO-JORGE-300x232.jpg 300w, https:\/\/centros.uepb.edu.br\/ccbsa\/files\/2023\/05\/ANTONIO-JORGE-1030x796.jpg 1030w\" sizes=\"auto, (max-width: 1200px) 100vw, 1200px\" \/><\/a>\n\t\t\t<\/dt><\/dl><dl class='gallery-item'>\n\t\t\t<dt class='gallery-icon landscape'>\n\t\t\t\t<a href='https:\/\/centros.uepb.edu.br\/ccbsa\/files\/2023\/05\/IMG_7880.jpg'><img loading=\"lazy\" decoding=\"async\" width=\"1200\" height=\"743\" src=\"https:\/\/centros.uepb.edu.br\/ccbsa\/files\/2023\/05\/IMG_7880.jpg\" class=\"attachment-full size-full\" alt=\"\" srcset=\"https:\/\/centros.uepb.edu.br\/ccbsa\/files\/2023\/05\/IMG_7880.jpg 1200w, https:\/\/centros.uepb.edu.br\/ccbsa\/files\/2023\/05\/IMG_7880-300x186.jpg 300w, https:\/\/centros.uepb.edu.br\/ccbsa\/files\/2023\/05\/IMG_7880-1120x693.jpg 1120w\" sizes=\"auto, (max-width: 1200px) 100vw, 1200px\" \/><\/a>\n\t\t\t<\/dt><\/dl><br style=\"clear: both\" \/><dl class='gallery-item'>\n\t\t\t<dt class='gallery-icon landscape'>\n\t\t\t\t<a href='https:\/\/centros.uepb.edu.br\/ccbsa\/files\/2023\/05\/IMG_7868.jpg'><img loading=\"lazy\" decoding=\"async\" width=\"1200\" height=\"726\" src=\"https:\/\/centros.uepb.edu.br\/ccbsa\/files\/2023\/05\/IMG_7868.jpg\" class=\"attachment-full size-full\" alt=\"\" srcset=\"https:\/\/centros.uepb.edu.br\/ccbsa\/files\/2023\/05\/IMG_7868.jpg 1200w, https:\/\/centros.uepb.edu.br\/ccbsa\/files\/2023\/05\/IMG_7868-300x182.jpg 300w, https:\/\/centros.uepb.edu.br\/ccbsa\/files\/2023\/05\/IMG_7868-1120x678.jpg 1120w\" sizes=\"auto, (max-width: 1200px) 100vw, 1200px\" \/><\/a>\n\t\t\t<\/dt><\/dl><dl class='gallery-item'>\n\t\t\t<dt class='gallery-icon landscape'>\n\t\t\t\t<a href='https:\/\/centros.uepb.edu.br\/ccbsa\/files\/2023\/05\/IMG_7866.jpg'><img loading=\"lazy\" decoding=\"async\" width=\"1200\" height=\"806\" src=\"https:\/\/centros.uepb.edu.br\/ccbsa\/files\/2023\/05\/IMG_7866.jpg\" class=\"attachment-full size-full\" alt=\"\" srcset=\"https:\/\/centros.uepb.edu.br\/ccbsa\/files\/2023\/05\/IMG_7866.jpg 1200w, https:\/\/centros.uepb.edu.br\/ccbsa\/files\/2023\/05\/IMG_7866-300x202.jpg 300w, https:\/\/centros.uepb.edu.br\/ccbsa\/files\/2023\/05\/IMG_7866-1120x752.jpg 1120w\" sizes=\"auto, (max-width: 1200px) 100vw, 1200px\" \/><\/a>\n\t\t\t<\/dt><\/dl><dl class='gallery-item'>\n\t\t\t<dt class='gallery-icon landscape'>\n\t\t\t\t<a href='https:\/\/centros.uepb.edu.br\/ccbsa\/files\/2023\/05\/IMG_7860-1.jpg'><img loading=\"lazy\" decoding=\"async\" width=\"1200\" height=\"680\" src=\"https:\/\/centros.uepb.edu.br\/ccbsa\/files\/2023\/05\/IMG_7860-1.jpg\" class=\"attachment-full size-full\" alt=\"\" srcset=\"https:\/\/centros.uepb.edu.br\/ccbsa\/files\/2023\/05\/IMG_7860-1.jpg 1200w, https:\/\/centros.uepb.edu.br\/ccbsa\/files\/2023\/05\/IMG_7860-1-300x170.jpg 300w, https:\/\/centros.uepb.edu.br\/ccbsa\/files\/2023\/05\/IMG_7860-1-1120x635.jpg 1120w\" sizes=\"auto, (max-width: 1200px) 100vw, 1200px\" \/><\/a>\n\t\t\t<\/dt><\/dl><br style=\"clear: both\" \/><dl class='gallery-item'>\n\t\t\t<dt class='gallery-icon landscape'>\n\t\t\t\t<a href='https:\/\/centros.uepb.edu.br\/ccbsa\/files\/2023\/05\/IMG_7855.jpg'><img loading=\"lazy\" decoding=\"async\" width=\"1200\" height=\"959\" src=\"https:\/\/centros.uepb.edu.br\/ccbsa\/files\/2023\/05\/IMG_7855.jpg\" class=\"attachment-full size-full\" alt=\"\" srcset=\"https:\/\/centros.uepb.edu.br\/ccbsa\/files\/2023\/05\/IMG_7855.jpg 1200w, https:\/\/centros.uepb.edu.br\/ccbsa\/files\/2023\/05\/IMG_7855-300x240.jpg 300w, https:\/\/centros.uepb.edu.br\/ccbsa\/files\/2023\/05\/IMG_7855-996x796.jpg 996w\" sizes=\"auto, (max-width: 1200px) 100vw, 1200px\" \/><\/a>\n\t\t\t<\/dt><\/dl><dl class='gallery-item'>\n\t\t\t<dt class='gallery-icon landscape'>\n\t\t\t\t<a href='https:\/\/centros.uepb.edu.br\/ccbsa\/files\/2023\/05\/HENRIQUE-ALTEMANI.jpg'><img loading=\"lazy\" decoding=\"async\" width=\"1200\" height=\"865\" src=\"https:\/\/centros.uepb.edu.br\/ccbsa\/files\/2023\/05\/HENRIQUE-ALTEMANI.jpg\" class=\"attachment-full size-full\" alt=\"\" srcset=\"https:\/\/centros.uepb.edu.br\/ccbsa\/files\/2023\/05\/HENRIQUE-ALTEMANI.jpg 1200w, https:\/\/centros.uepb.edu.br\/ccbsa\/files\/2023\/05\/HENRIQUE-ALTEMANI-300x216.jpg 300w, https:\/\/centros.uepb.edu.br\/ccbsa\/files\/2023\/05\/HENRIQUE-ALTEMANI-1104x796.jpg 1104w\" sizes=\"auto, (max-width: 1200px) 100vw, 1200px\" \/><\/a>\n\t\t\t<\/dt><\/dl>\n\t\t\t<br style='clear: both' \/>\n\t\t<\/div>\n\n<p><span data-contrast=\"auto\">Com uma massiva participa\u00e7\u00e3o de estudantes e professores de gradua\u00e7\u00e3o e p\u00f3s-gradua\u00e7\u00e3o em Rela\u00e7\u00f5es Internacionais da Universidade Estadual da Para\u00edba (UEPB) e a presen\u00e7a de renomados pesquisadores do Brasil e do exterior, o Centro de Estudos Avan\u00e7ados em Pol\u00edtica e Governan\u00e7a (CEAPPG) realiza nesta ter\u00e7a e quarta-feira (24), o \u201c3\u00ba Semin\u00e1rio Nacional \u2013 As transforma\u00e7\u00f5es na Ordem Internacional e os desafios da Pol\u00edtica Externa Brasileira\u201d. A abertura do evento ocorreu na manh\u00e3 desta ter\u00e7a-feira (23) no audit\u00f3rio do C\u00e2mpus V, com transmiss\u00e3o pelo canal do CEAPPG no YouTube (<\/span><span data-contrast=\"auto\">https:\/\/www.youtube.com\/watch?v=_VkjL8BQVoo).<\/span><span data-ccp-props=\"{&quot;134233117&quot;:false,&quot;134233118&quot;:false,&quot;134245418&quot;:false,&quot;134245529&quot;:false,&quot;201341983&quot;:0,&quot;335551550&quot;:6,&quot;335551620&quot;:6,&quot;335559738&quot;:0,&quot;335559739&quot;:0,&quot;335559740&quot;:240}\">\u00a0<\/span><\/p>\n<p><span data-contrast=\"auto\">A mesa de abertura do evento contou com a presen\u00e7a do professor do curso de Rela\u00e7\u00f5es Internacionais da UEPB e coordenador do CEAPPG, Carlos Enrique Ruiz Ferreira; do secret\u00e1rio executivo de Ci\u00eancia e Tecnologia do Estado da Para\u00edba, Rubens Freire Ribeiro e do diretor de Projetos da Funda\u00e7\u00e3o Friedrich Ebert, Gonzalo Berr\u00f3n.\u00a0<\/span><span data-ccp-props=\"{&quot;134233117&quot;:false,&quot;134233118&quot;:false,&quot;134245418&quot;:false,&quot;134245529&quot;:false,&quot;201341983&quot;:0,&quot;335551550&quot;:6,&quot;335551620&quot;:6,&quot;335559738&quot;:0,&quot;335559739&quot;:0,&quot;335559740&quot;:240}\">\u00a0<\/span><\/p>\n<p><span data-contrast=\"auto\">Na oportunidade, o professor Carlos Enrique Ruiz apresentou o hist\u00f3rico de cria\u00e7\u00e3o e consolida\u00e7\u00e3o do CEAPPG e do Semin\u00e1rio Nacional. O docente destacou alguns desafios impostos para pesquisadores da \u00e1rea, tais como: compreender as raz\u00f5es do Brasil para almejar um assento permanente no Conselho de Seguran\u00e7a, analisar a constru\u00e7\u00e3o argumentativa das credenciais brasileiras e as transforma\u00e7\u00f5es na ordem internacional, com \u00eanfase nos desafios da governan\u00e7a global.\u00a0<\/span><span data-ccp-props=\"{&quot;134233117&quot;:false,&quot;134233118&quot;:false,&quot;134245418&quot;:false,&quot;134245529&quot;:false,&quot;201341983&quot;:0,&quot;335551550&quot;:6,&quot;335551620&quot;:6,&quot;335559738&quot;:0,&quot;335559739&quot;:0,&quot;335559740&quot;:240}\">\u00a0<\/span><\/p>\n<p><span data-contrast=\"auto\">Na sequ\u00eancia foi realizada a mesa \u201cAs transforma\u00e7\u00f5es na ordem internacionais\u201d, com a participa\u00e7\u00e3o do professor do Instituto de Rela\u00e7\u00f5es Internacionais da UNB e v<\/span><span data-contrast=\"auto\">ice-presidente da Associa\u00e7\u00e3o Brasileira de Estudos de Defesa<\/span><span data-contrast=\"auto\">, Ant\u00f4nio Jorge Ramalho e do pesquisador S\u00eanior do Instituto de Rela\u00e7\u00f5es Internacionais da UNB, Henrique Altemani. Ambas as mesas foram coordenadas pela professora do curso de Rela\u00e7\u00f5es Internacionais da UEPB, Raquel Melo<\/span><span data-ccp-props=\"{&quot;134233117&quot;:false,&quot;134233118&quot;:false,&quot;134245418&quot;:false,&quot;134245529&quot;:false,&quot;201341983&quot;:0,&quot;335551550&quot;:6,&quot;335551620&quot;:6,&quot;335559738&quot;:0,&quot;335559739&quot;:0,&quot;335559740&quot;:240}\">\u00a0<\/span><\/p>\n<p><span data-contrast=\"auto\">De acordo com o professor Ant\u00f4nio Jorge Ramalho esse Semin\u00e1rio \u00e9 uma oportunidade relevante para que os estudantes e pesquisadores da \u00e1rea de Rela\u00e7\u00f5es Internacionais possam compreender que n\u00e3o est\u00e3o isolados e que s\u00e3o afetados diretamente pelos conflitos internacionais. O docente destacou, ainda, que h\u00e1 um aumento das tens\u00f5es internacionais e dos riscos desses conflitos se escalarem pra uma guerra, em \u00e2mbito regional.\u00a0<\/span><span data-ccp-props=\"{&quot;134233117&quot;:false,&quot;134233118&quot;:false,&quot;134245418&quot;:false,&quot;134245529&quot;:false,&quot;201341983&quot;:0,&quot;335551550&quot;:6,&quot;335551620&quot;:6,&quot;335559738&quot;:0,&quot;335559739&quot;:0,&quot;335559740&quot;:240}\">\u00a0<\/span><\/p>\n<p><span data-contrast=\"auto\">\u201cEntender a inser\u00e7\u00e3o do Brasil, e do Nordeste brasileiro, no cen\u00e1rio global \u00e9 crucial. Al\u00e9m disso \u00e9 importante informar-se sobre o que est\u00e1 ocorrendo no mundo e refletir sobre as implica\u00e7\u00f5es disso para nossa vida cotidiana. Neste sentido, temos dois conjuntos de mudan\u00e7as importantes: uma escalada para uma guerra e, por outro lado, existe uma transforma\u00e7\u00e3o muito profunda relacionada \u00e0 transfer\u00eancia de poder dos governos para as organiza\u00e7\u00f5es e para os indiv\u00edduos que, no \u00e2mbito das democracias s\u00e3o manipulados por discursos que criam uma situa\u00e7\u00e3o que dificulta a implementa\u00e7\u00e3o de uma din\u00e2mica social mais positiva, mais redistributiva de renda, inclusiva, essa din\u00e2mica tem uma rela\u00e7\u00e3o intensa com o ambiente internacional\u201d, explica professor Ant\u00f4nio Jorge.<\/span><span data-ccp-props=\"{&quot;134233117&quot;:false,&quot;134233118&quot;:false,&quot;134245418&quot;:false,&quot;134245529&quot;:false,&quot;201341983&quot;:0,&quot;335551550&quot;:6,&quot;335551620&quot;:6,&quot;335559685&quot;:0,&quot;335559737&quot;:0,&quot;335559738&quot;:0,&quot;335559739&quot;:0,&quot;335559740&quot;:240}\">\u00a0<\/span><\/p>\n<p><span data-contrast=\"auto\">Para o professor Henrique Altemani a primeira mesa traz um tema recorrente, considerando que as rela\u00e7\u00f5es entre os estados est\u00e3o sempre passando por momentos de transi\u00e7\u00f5es, de mudan\u00e7as. O docente destaca que desde o final da guerra fria h\u00e1 uma percep\u00e7\u00e3o, por parte dos atores internacionais, de que as institui\u00e7\u00f5es e as regras est\u00e3o defasadas, que elas necessitam de altera\u00e7\u00e3o.<\/span><span data-ccp-props=\"{&quot;134233117&quot;:false,&quot;134233118&quot;:false,&quot;134245418&quot;:false,&quot;134245529&quot;:false,&quot;201341983&quot;:0,&quot;335551550&quot;:6,&quot;335551620&quot;:6,&quot;335559738&quot;:0,&quot;335559739&quot;:0,&quot;335559740&quot;:240}\">\u00a0<\/span><\/p>\n<p><span data-contrast=\"auto\">\u201cEsse processo \u00e9 extremamente lento, primeiro porque os Estados Unidos que criou essas regras e institui\u00e7\u00f5es n\u00e3o v\u00ea e n\u00e3o tem interesse em modificar, porque afeta realmente a sua capacidade. Por outro lado, n\u00f3s temos uma s\u00e9rie de outros pa\u00edses desenvolvidos, pot\u00eancias m\u00e9dias, que exigem essa mudan\u00e7a e uma maior participa\u00e7\u00e3o. Isso ficou bem retratado na reuni\u00e3o do G7 em Hiroshima quando o Presidente Lula aponta para a inoper\u00e2ncia dos organismos internacionais e a necessidade de mudar\u201d, analisa o professor Altemani.\u00a0<\/span><span data-ccp-props=\"{&quot;134233117&quot;:false,&quot;134233118&quot;:false,&quot;134245418&quot;:false,&quot;134245529&quot;:false,&quot;201341983&quot;:0,&quot;335551550&quot;:6,&quot;335551620&quot;:6,&quot;335559738&quot;:0,&quot;335559739&quot;:0,&quot;335559740&quot;:240}\">\u00a0<\/span><\/p>\n<p><span data-contrast=\"auto\">O Evento segue nesta ter\u00e7a-feira (23) no turno da noite (<\/span><span data-contrast=\"auto\">https:\/\/www.youtube.com\/watch?v=3j8HOajDVt4<\/span><span data-contrast=\"auto\">), com a mesa \u201cA seguran\u00e7a internacional, a governan\u00e7a global e o papel do brasil\u201d, com o professor do Departamento de Ci\u00eancia Pol\u00edtica da USP Rafael Villa e do assessor da Rede Brasileira pela Integra\u00e7\u00e3o dos Povos (REBRIP), professor Adhemar Mineiro, sob a coordena\u00e7\u00e3o da professora do curso de Rela\u00e7\u00f5es Internacionais da UEPB, Luiza Rosa.<\/span><span data-ccp-props=\"{&quot;134233117&quot;:false,&quot;134233118&quot;:false,&quot;134245418&quot;:false,&quot;134245529&quot;:false,&quot;201341983&quot;:0,&quot;335551550&quot;:6,&quot;335551620&quot;:6,&quot;335559738&quot;:0,&quot;335559739&quot;:0,&quot;335559740&quot;:240}\">\u00a0<\/span><\/p>\n<p><span data-contrast=\"auto\">O Semin\u00e1rio encerra nesta quarta-feira, 24 de maio, \u00e0s 9h, com a mesa \u201cOs desafios da pol\u00edtica externa brasileira\u201d, com a participa\u00e7\u00e3o da professora do Departamento de Rela\u00e7\u00f5es Internacionais da UFPB, Mariana Pimenta Oliveira Baccarini; do professor Ant\u00f4nio Jorge Ramalho e coordena\u00e7\u00e3o da professora do curso de Rela\u00e7\u00f5es Internacionais da UEPB, professora Gabriela Barbosa.<\/span><span data-ccp-props=\"{&quot;134233117&quot;:false,&quot;134233118&quot;:false,&quot;134245418&quot;:false,&quot;134245529&quot;:false,&quot;201341983&quot;:0,&quot;335551550&quot;:6,&quot;335551620&quot;:6,&quot;335559738&quot;:0,&quot;335559739&quot;:0,&quot;335559740&quot;:240}\">\u00a0<\/span><\/p>\n<p><span data-contrast=\"auto\">O evento conta com a efetiva contribui\u00e7\u00e3o do Projeto de pesquisa e extens\u00e3o \u201cA Reforma do Conselho de Seguran\u00e7a das Na\u00e7\u00f5es Unidas e a Pol\u00edtica Externa Brasileira\u201d e o apoio da Funda\u00e7\u00e3o de Apoio \u00e0 Pesquisa do Estado da Para\u00edba (Fapesq-PB) e Funda\u00e7\u00e3o Friedrich Ebert Brasil.<\/span><span data-ccp-props=\"{&quot;134233117&quot;:false,&quot;134233118&quot;:false,&quot;134245418&quot;:false,&quot;134245529&quot;:false,&quot;201341983&quot;:0,&quot;335551550&quot;:6,&quot;335551620&quot;:6,&quot;335559738&quot;:0,&quot;335559739&quot;:0,&quot;335559740&quot;:240}\">\u00a0<\/span><\/p>\n<p><em><strong>\u00a0Texto e fotos:<\/strong> Juliana Marques<\/em><\/p>\n<p><span data-ccp-props=\"{&quot;134233117&quot;:false,&quot;134233118&quot;:false,&quot;134245418&quot;:false,&quot;134245529&quot;:false,&quot;201341983&quot;:0,&quot;335551550&quot;:6,&quot;335551620&quot;:6,&quot;335559685&quot;:0,&quot;335559737&quot;:0,&quot;335559738&quot;:0,&quot;335559739&quot;:0,&quot;335559740&quot;:240}\">\u00a0<\/span><\/p>\n","protected":false},"excerpt":{"rendered":"<p>Com uma massiva participa\u00e7\u00e3o de estudantes e professores de gradua\u00e7\u00e3o e p\u00f3s-gradua\u00e7\u00e3o em Rela\u00e7\u00f5es Internacionais da Universidade Estadual da Para\u00edba (UEPB) e a presen\u00e7a de renomados pesquisadores do Brasil e do exterior, o Centro de Estudos Avan\u00e7ados em Pol\u00edtica e Governan\u00e7a (CEAPPG) realiza nesta ter\u00e7a e quarta-feira (24), o \u201c3\u00ba Semin\u00e1rio Nacional \u2013 As transforma\u00e7\u00f5es <a class=\"leiamais\" href=\"https:\/\/centros.uepb.edu.br\/ccbsa\/curso-de-relacoes-internacionais-realiza-seminario-que-dialoga-sobre-os-desafios-da-politica-externa-brasileira\/\">Leia Mais&#8230;<\/a><\/p>\n","protected":false},"author":8,"featured_media":9836,"comment_status":"closed","ping_status":"closed","sticky":false,"template":"","format":"standard","meta":{"footnotes":""},"categories":[3,11],"tags":[],"class_list":["post-9835","post","type-post","status-publish","format-standard","has-post-thumbnail","hentry","category-noticias","category-noticias-destaque-img"],"jetpack_featured_media_url":"https:\/\/centros.uepb.edu.br\/ccbsa\/files\/2023\/05\/IMG_7860.jpg","_links":{"self":[{"href":"https:\/\/centros.uepb.edu.br\/ccbsa\/wp-json\/wp\/v2\/posts\/9835","targetHints":{"allow":["GET"]}}],"collection":[{"href":"https:\/\/centros.uepb.edu.br\/ccbsa\/wp-json\/wp\/v2\/posts"}],"about":[{"href":"https:\/\/centros.uepb.edu.br\/ccbsa\/wp-json\/wp\/v2\/types\/post"}],"author":[{"embeddable":true,"href":"https:\/\/centros.uepb.edu.br\/ccbsa\/wp-json\/wp\/v2\/users\/8"}],"replies":[{"embeddable":true,"href":"https:\/\/centros.uepb.edu.br\/ccbsa\/wp-json\/wp\/v2\/comments?post=9835"}],"version-history":[{"count":0,"href":"https:\/\/centros.uepb.edu.br\/ccbsa\/wp-json\/wp\/v2\/posts\/9835\/revisions"}],"wp:featuredmedia":[{"embeddable":true,"href":"https:\/\/centros.uepb.edu.br\/ccbsa\/wp-json\/wp\/v2\/media\/9836"}],"wp:attachment":[{"href":"https:\/\/centros.uepb.edu.br\/ccbsa\/wp-json\/wp\/v2\/media?parent=9835"}],"wp:term":[{"taxonomy":"category","embeddable":true,"href":"https:\/\/centros.uepb.edu.br\/ccbsa\/wp-json\/wp\/v2\/categories?post=9835"},{"taxonomy":"post_tag","embeddable":true,"href":"https:\/\/centros.uepb.edu.br\/ccbsa\/wp-json\/wp\/v2\/tags?post=9835"}],"curies":[{"name":"wp","href":"https:\/\/api.w.org\/{rel}","templated":true}]}}