{"id":9823,"date":"2023-05-18T16:41:33","date_gmt":"2023-05-18T16:41:33","guid":{"rendered":"https:\/\/centros.uepb.edu.br\/ccbsa\/?p=9823"},"modified":"2023-05-18T16:41:33","modified_gmt":"2023-05-18T16:41:33","slug":"curso-de-relacoes-internacionais-sedia-seminario-sobre-os-desafios-da-politica-externa-brasileira","status":"publish","type":"post","link":"https:\/\/centros.uepb.edu.br\/ccbsa\/curso-de-relacoes-internacionais-sedia-seminario-sobre-os-desafios-da-politica-externa-brasileira\/","title":{"rendered":"Curso de Rela\u00e7\u00f5es Internacionais sedia Semin\u00e1rio sobre os desafios da pol\u00edtica externa brasileira"},"content":{"rendered":"<p>&nbsp;<\/p>\n<p><a href=\"https:\/\/centros.uepb.edu.br\/ccbsa\/files\/2023\/05\/IMG_9441-JOANA-DARC-SILVA.jpg\"><img loading=\"lazy\" decoding=\"async\" class=\"aligncenter size-full wp-image-9824 img-responsive\" src=\"https:\/\/centros.uepb.edu.br\/ccbsa\/files\/2023\/05\/IMG_9441-JOANA-DARC-SILVA.jpg\" alt=\"\" width=\"1242\" height=\"1233\" srcset=\"https:\/\/centros.uepb.edu.br\/ccbsa\/files\/2023\/05\/IMG_9441-JOANA-DARC-SILVA.jpg 1242w, https:\/\/centros.uepb.edu.br\/ccbsa\/files\/2023\/05\/IMG_9441-JOANA-DARC-SILVA-300x298.jpg 300w, https:\/\/centros.uepb.edu.br\/ccbsa\/files\/2023\/05\/IMG_9441-JOANA-DARC-SILVA-802x796.jpg 802w\" sizes=\"auto, (max-width: 1242px) 100vw, 1242px\" \/><\/a><\/p>\n<p>O curso de Rela\u00e7\u00f5es Internacionais da Universidade Estadual da Para\u00edba (UEPB), o Centro de Estudos Avan\u00e7ados em Pol\u00edtica e Governan\u00e7a e o Projeto de pesquisa e extens\u00e3o \u201cA Reforma do Conselho de Seguran\u00e7a das Na\u00e7\u00f5es Unidas e a Pol\u00edtica Externa Brasileira\u201d promovem, nos dias 23 e 24 de maio, no audit\u00f3rio do C\u00e2mpus V da UEPB, localizado \u00e0 Rua Hor\u00e1cio Trajano de Oliveira, Cristo, o \u201c3\u00ba Semin\u00e1rio Nacional &#8211; As transforma\u00e7\u00f5es na Ordem Internacional e os desafios da Pol\u00edtica Externa Brasileira\u201d.<\/p>\n<p>A mesa de abertura do evento ser\u00e1 realizada na ter\u00e7a-feira, 23 de maio, \u00e0s 8h30, com a presen\u00e7a do professor do curso de Rela\u00e7\u00f5es Internacionais da UEPB, Carlos Enrique Ruiz Ferreira e do diretor de Projetos da Funda\u00e7\u00e3o Friedrich Ebert, Gonzalo Berr\u00f3n. Na sequ\u00eancia ser\u00e1 realizada a mesa \u201cAs transforma\u00e7\u00f5es na ordem internacionais\u201d, com a participa\u00e7\u00e3o do professor do Instituto de Rela\u00e7\u00f5es Internacionais da UNB, Ant\u00f4nio Jorge Ramalho e do pesquisador S\u00eanior do Instituto de Rela\u00e7\u00f5es Internacionais da UNB, Henrique Altemani. Ambas as mesas ser\u00e3o coordenadas pela professora do curso de Rela\u00e7\u00f5es Internacionais da UEPB, Raquel Melo<\/p>\n<p>No turno da noite, \u00e0s 18h, ser\u00e1 realizada a mesa \u201cA seguran\u00e7a internacional, a governan\u00e7a global e o papel do brasil\u201d, com o professor do Departamento de Ci\u00eancia Pol\u00edtica da USP Rafael Villa e do assessor da Rede Brasileira pela Integra\u00e7\u00e3o dos Povos (REBRIP), professor Adhemar Mineiro, sob a coordena\u00e7\u00e3o da professora do curso de Rela\u00e7\u00f5es Internacionais da UEPB, Luiza Rosa.<\/p>\n<p>O evento encerra na quarta-feira, 24 de maio, \u00e0s 9h, com a mesa \u201cOs desafios da pol\u00edtica externa brasileira\u201d, com a participa\u00e7\u00e3o da professora do Departamento de Rela\u00e7\u00f5es Internacionais da UFPB, Mariana Pimenta Oliveira Baccarini; do professor Ant\u00f4nio Jorge Ramalho e coordena\u00e7\u00e3o da professora do curso de Rela\u00e7\u00f5es Internacionais da UEPB, professora Gabriela Barbosa.<\/p>\n<p>De acordo com a organiza\u00e7\u00e3o do Semin\u00e1rio, este evento \u00e9 direcionado a estudantes e pesquisadores de Rela\u00e7\u00f5es Internacionais e demais interessados na tem\u00e1tica proposta. As inscri\u00e7\u00f5es ocorrem via formul\u00e1rio eletr\u00f4nico dispon\u00edvel na p\u00e1gina do evento (<a href=\"https:\/\/brasilonu.online\">https:\/\/brasilonu.online<\/a>).<\/p>\n<p>O evento conta com o apoio da Funda\u00e7\u00e3o de Apoio \u00e0 Pesquisa do Estado da Para\u00edba (Fapesq-PB) e Funda\u00e7\u00e3o Friedrich Ebert Brasil.<\/p>\n<p>Texto: Juliana Marques<\/p>\n<p>&nbsp;<\/p>\n","protected":false},"excerpt":{"rendered":"<p>&nbsp; O curso de Rela\u00e7\u00f5es Internacionais da Universidade Estadual da Para\u00edba (UEPB), o Centro de Estudos Avan\u00e7ados em Pol\u00edtica e Governan\u00e7a e o Projeto de pesquisa e extens\u00e3o \u201cA Reforma do Conselho de Seguran\u00e7a das Na\u00e7\u00f5es Unidas e a Pol\u00edtica Externa Brasileira\u201d promovem, nos dias 23 e 24 de maio, no audit\u00f3rio do C\u00e2mpus V <a class=\"leiamais\" href=\"https:\/\/centros.uepb.edu.br\/ccbsa\/curso-de-relacoes-internacionais-sedia-seminario-sobre-os-desafios-da-politica-externa-brasileira\/\">Leia Mais&#8230;<\/a><\/p>\n","protected":false},"author":8,"featured_media":9825,"comment_status":"closed","ping_status":"closed","sticky":false,"template":"","format":"standard","meta":{"footnotes":""},"categories":[3,11],"tags":[],"class_list":["post-9823","post","type-post","status-publish","format-standard","has-post-thumbnail","hentry","category-noticias","category-noticias-destaque-img"],"jetpack_featured_media_url":"https:\/\/centros.uepb.edu.br\/ccbsa\/files\/2023\/05\/IMG_9441.jpg","_links":{"self":[{"href":"https:\/\/centros.uepb.edu.br\/ccbsa\/wp-json\/wp\/v2\/posts\/9823","targetHints":{"allow":["GET"]}}],"collection":[{"href":"https:\/\/centros.uepb.edu.br\/ccbsa\/wp-json\/wp\/v2\/posts"}],"about":[{"href":"https:\/\/centros.uepb.edu.br\/ccbsa\/wp-json\/wp\/v2\/types\/post"}],"author":[{"embeddable":true,"href":"https:\/\/centros.uepb.edu.br\/ccbsa\/wp-json\/wp\/v2\/users\/8"}],"replies":[{"embeddable":true,"href":"https:\/\/centros.uepb.edu.br\/ccbsa\/wp-json\/wp\/v2\/comments?post=9823"}],"version-history":[{"count":0,"href":"https:\/\/centros.uepb.edu.br\/ccbsa\/wp-json\/wp\/v2\/posts\/9823\/revisions"}],"wp:featuredmedia":[{"embeddable":true,"href":"https:\/\/centros.uepb.edu.br\/ccbsa\/wp-json\/wp\/v2\/media\/9825"}],"wp:attachment":[{"href":"https:\/\/centros.uepb.edu.br\/ccbsa\/wp-json\/wp\/v2\/media?parent=9823"}],"wp:term":[{"taxonomy":"category","embeddable":true,"href":"https:\/\/centros.uepb.edu.br\/ccbsa\/wp-json\/wp\/v2\/categories?post=9823"},{"taxonomy":"post_tag","embeddable":true,"href":"https:\/\/centros.uepb.edu.br\/ccbsa\/wp-json\/wp\/v2\/tags?post=9823"}],"curies":[{"name":"wp","href":"https:\/\/api.w.org\/{rel}","templated":true}]}}