{"id":9811,"date":"2023-05-12T13:54:24","date_gmt":"2023-05-12T13:54:24","guid":{"rendered":"https:\/\/centros.uepb.edu.br\/ccbsa\/?p=9811"},"modified":"2023-05-12T13:54:24","modified_gmt":"2023-05-12T13:54:24","slug":"curso-de-arquivologia-realiza-palestra-com-delegado-da-policia-civil-que-trata-de-crimes-digitais-e-direito-eletronico","status":"publish","type":"post","link":"https:\/\/centros.uepb.edu.br\/ccbsa\/curso-de-arquivologia-realiza-palestra-com-delegado-da-policia-civil-que-trata-de-crimes-digitais-e-direito-eletronico\/","title":{"rendered":"Curso de Arquivologia realiza palestra com delegado da pol\u00edcia civil que trata de crimes digitais e direito eletr\u00f4nico"},"content":{"rendered":"<div class=\"flex-1 overflow-hidden\">\n<div class=\"react-scroll-to-bottom--css-gkavp-79elbk h-full dark:bg-gray-800\">\n<div class=\"react-scroll-to-bottom--css-gkavp-1n7m0yu\">\n<div class=\"flex flex-col items-center text-sm dark:bg-gray-800\">\n<div class=\"group w-full text-gray-800 dark:text-gray-100 border-b border-black\/10 dark:border-gray-900\/50 bg-gray-50 dark:bg-[#444654]\">\n<div class=\"flex p-4 gap-4 text-base md:gap-6 md:max-w-2xl lg:max-w-xl xl:max-w-3xl md:py-6 lg:px-0 m-auto\">\n<p>&nbsp;<\/p>\n<div class=\"relative flex w-[calc(100%-50px)] flex-col gap-1 md:gap-3 lg:w-[calc(100%-115px)]\">\n<div class=\"flex flex-grow flex-col gap-3\">\n<div class=\"min-h-[20px] flex flex-col items-start gap-4 whitespace-pre-wrap break-words\">\n<div class=\"markdown prose w-full break-words dark:prose-invert light\">\n\n\t\t<style type=\"text\/css\">\n\t\t\t#gallery-1 {\n\t\t\t\tmargin: auto;\n\t\t\t}\n\t\t\t#gallery-1 .gallery-item {\n\t\t\t\tfloat: left;\n\t\t\t\tmargin-top: 10px;\n\t\t\t\ttext-align: center;\n\t\t\t\twidth: 33%;\n\t\t\t}\n\t\t\t#gallery-1 img {\n\t\t\t\tborder: 2px solid #cfcfcf;\n\t\t\t}\n\t\t\t#gallery-1 .gallery-caption {\n\t\t\t\tmargin-left: 0;\n\t\t\t}\n\t\t\t\/* see gallery_shortcode() in wp-includes\/media.php *\/\n\t\t<\/style>\n\t\t<div id='gallery-1' class='gallery galleryid-9811 gallery-columns-3 gallery-size-full'><dl class='gallery-item'>\n\t\t\t<dt class='gallery-icon landscape'>\n\t\t\t\t<a href='https:\/\/centros.uepb.edu.br\/ccbsa\/files\/2023\/05\/IMG_7841.jpg'><img loading=\"lazy\" decoding=\"async\" width=\"1200\" height=\"680\" src=\"https:\/\/centros.uepb.edu.br\/ccbsa\/files\/2023\/05\/IMG_7841.jpg\" class=\"attachment-full size-full\" alt=\"\" srcset=\"https:\/\/centros.uepb.edu.br\/ccbsa\/files\/2023\/05\/IMG_7841.jpg 1200w, https:\/\/centros.uepb.edu.br\/ccbsa\/files\/2023\/05\/IMG_7841-300x170.jpg 300w, https:\/\/centros.uepb.edu.br\/ccbsa\/files\/2023\/05\/IMG_7841-1120x635.jpg 1120w\" sizes=\"auto, (max-width: 1200px) 100vw, 1200px\" \/><\/a>\n\t\t\t<\/dt><\/dl><dl class='gallery-item'>\n\t\t\t<dt class='gallery-icon landscape'>\n\t\t\t\t<a href='https:\/\/centros.uepb.edu.br\/ccbsa\/files\/2023\/05\/IMG_7836.jpg'><img loading=\"lazy\" decoding=\"async\" width=\"1200\" height=\"800\" src=\"https:\/\/centros.uepb.edu.br\/ccbsa\/files\/2023\/05\/IMG_7836.jpg\" class=\"attachment-full size-full\" alt=\"\" srcset=\"https:\/\/centros.uepb.edu.br\/ccbsa\/files\/2023\/05\/IMG_7836.jpg 1200w, https:\/\/centros.uepb.edu.br\/ccbsa\/files\/2023\/05\/IMG_7836-300x200.jpg 300w, https:\/\/centros.uepb.edu.br\/ccbsa\/files\/2023\/05\/IMG_7836-1120x747.jpg 1120w\" sizes=\"auto, (max-width: 1200px) 100vw, 1200px\" \/><\/a>\n\t\t\t<\/dt><\/dl>\n\t\t\t<br style='clear: both' \/>\n\t\t<\/div>\n\n<p>O uso da internet tem se tornado cada vez mais comum na sociedade contempor\u00e2nea, mas com essa facilidade surgem tamb\u00e9m riscos e amea\u00e7as cibern\u00e9ticas, que podem comprometer a seguran\u00e7a de dados pessoais e institucionais. Para discutir a import\u00e2ncia do Direito Eletr\u00f4nico e Digital e alertar sobre o perigo dos crimes digitais, o componente curricular do 3\u00ba per\u00edodo diurno do Curso de Bacharelado em Arquivologia da Universidade Estadual da Para\u00edba (UEPB) promoveu, nesta ter\u00e7a-feira (12), a palestra &#8220;Crimes digitais e a precau\u00e7\u00e3o no uso da Web: o papel da pol\u00edtica civil&#8221;.<\/p>\n<p>O evento, realizado no audit\u00f3rio Pioneiros, contou com a presen\u00e7a do delegado de crimes digitais da Pol\u00edcia Civil do Estado da Para\u00edba, Jo\u00e3o Ricardo J\u00fanior, como palestrante. O delegado alertou para a import\u00e2ncia da precau\u00e7\u00e3o no uso da web e o papel da pol\u00edtica civil na prote\u00e7\u00e3o contra amea\u00e7as cibern\u00e9ticas.<\/p>\n<p>Durante a palestra, o delegado apresentou a defini\u00e7\u00e3o de crime cibern\u00e9tico e dados sobre crimes digitais no Brasil e no mundo. Segundo ele, a internet se tornou um terreno f\u00e9rtil para a pr\u00e1tica de crimes, como roubo de dados, fraudes, extors\u00f5es, pornografia infantil, entre outros.<\/p>\n<p>O evento foi coordenado pelo professor Germano Ramalho, respons\u00e1vel pelo componente curricular do 3\u00ba per\u00edodo diurno do Curso de Bacharelado em Arquivologia da UEPB Direito Eletr\u00f4nico\/Digital. Para ele, a palestra foi uma oportunidade para os estudantes de Arquivologia dialogarem entre as teorias estudadas e pesquisadas em sala de aula e a pr\u00e1tica exposta por autoridades descrevendo os fen\u00f4menos como ocorr\u00eancia.<\/p>\n<p>&nbsp;<\/p>\n<\/div>\n<\/div>\n<\/div>\n<div class=\"flex justify-between lg:block\">\n<div class=\"text-gray-400 flex self-end lg:self-center justify-center mt-2 gap-2 md:gap-3 lg:gap-1 lg:absolute lg:top-0 lg:translate-x-full lg:right-0 lg:mt-0 lg:pl-2 visible\">\n<div class=\"flex gap-1\"><\/div>\n<\/div>\n<\/div>\n<\/div>\n<\/div>\n<\/div>\n<div class=\"w-full h-32 md:h-48 flex-shrink-0\"><\/div>\n<\/div>\n<\/div>\n<\/div>\n<\/div>\n<div class=\"absolute bottom-0 left-0 w-full border-t md:border-t-0 dark:border-white\/20 md:border-transparent md:dark:border-transparent md:bg-vert-light-gradient bg-white dark:bg-gray-800 md:!bg-transparent dark:md:bg-vert-dark-gradient pt-2\">\n<div class=\"relative flex h-full flex-1 items-stretch md:flex-col\">\n<div class=\"\">\n<div class=\"h-full flex ml-1 md:w-full md:m-auto md:mb-2 gap-0 md:gap-2 justify-center\"><\/div>\n<\/div>\n<\/div>\n<\/div>\n","protected":false},"excerpt":{"rendered":"<p>&nbsp; O uso da internet tem se tornado cada vez mais comum na sociedade contempor\u00e2nea, mas com essa facilidade surgem tamb\u00e9m riscos e amea\u00e7as cibern\u00e9ticas, que podem comprometer a seguran\u00e7a de dados pessoais e institucionais. Para discutir a import\u00e2ncia do Direito Eletr\u00f4nico e Digital e alertar sobre o perigo dos crimes digitais, o componente curricular <a class=\"leiamais\" href=\"https:\/\/centros.uepb.edu.br\/ccbsa\/curso-de-arquivologia-realiza-palestra-com-delegado-da-policia-civil-que-trata-de-crimes-digitais-e-direito-eletronico\/\">Leia Mais&#8230;<\/a><\/p>\n","protected":false},"author":8,"featured_media":9812,"comment_status":"closed","ping_status":"closed","sticky":false,"template":"","format":"standard","meta":{"footnotes":""},"categories":[3,11],"tags":[],"class_list":["post-9811","post","type-post","status-publish","format-standard","has-post-thumbnail","hentry","category-noticias","category-noticias-destaque-img"],"jetpack_featured_media_url":"https:\/\/centros.uepb.edu.br\/ccbsa\/files\/2023\/05\/IMG_7841.jpg","_links":{"self":[{"href":"https:\/\/centros.uepb.edu.br\/ccbsa\/wp-json\/wp\/v2\/posts\/9811","targetHints":{"allow":["GET"]}}],"collection":[{"href":"https:\/\/centros.uepb.edu.br\/ccbsa\/wp-json\/wp\/v2\/posts"}],"about":[{"href":"https:\/\/centros.uepb.edu.br\/ccbsa\/wp-json\/wp\/v2\/types\/post"}],"author":[{"embeddable":true,"href":"https:\/\/centros.uepb.edu.br\/ccbsa\/wp-json\/wp\/v2\/users\/8"}],"replies":[{"embeddable":true,"href":"https:\/\/centros.uepb.edu.br\/ccbsa\/wp-json\/wp\/v2\/comments?post=9811"}],"version-history":[{"count":0,"href":"https:\/\/centros.uepb.edu.br\/ccbsa\/wp-json\/wp\/v2\/posts\/9811\/revisions"}],"wp:featuredmedia":[{"embeddable":true,"href":"https:\/\/centros.uepb.edu.br\/ccbsa\/wp-json\/wp\/v2\/media\/9812"}],"wp:attachment":[{"href":"https:\/\/centros.uepb.edu.br\/ccbsa\/wp-json\/wp\/v2\/media?parent=9811"}],"wp:term":[{"taxonomy":"category","embeddable":true,"href":"https:\/\/centros.uepb.edu.br\/ccbsa\/wp-json\/wp\/v2\/categories?post=9811"},{"taxonomy":"post_tag","embeddable":true,"href":"https:\/\/centros.uepb.edu.br\/ccbsa\/wp-json\/wp\/v2\/tags?post=9811"}],"curies":[{"name":"wp","href":"https:\/\/api.w.org\/{rel}","templated":true}]}}