{"id":9806,"date":"2023-05-10T18:10:50","date_gmt":"2023-05-10T18:10:50","guid":{"rendered":"https:\/\/centros.uepb.edu.br\/ccbsa\/?p=9806"},"modified":"2023-05-10T18:10:50","modified_gmt":"2023-05-10T18:10:50","slug":"procult-visita-campus-v-para-dialogar-sobre-a-criacao-de-um-nucleo-de-arte-e-cultura-do-ccbsa","status":"publish","type":"post","link":"https:\/\/centros.uepb.edu.br\/ccbsa\/procult-visita-campus-v-para-dialogar-sobre-a-criacao-de-um-nucleo-de-arte-e-cultura-do-ccbsa\/","title":{"rendered":"PROCULT visita C\u00e2mpus V para dialogar sobre a cria\u00e7\u00e3o de um N\u00facleo de Arte e Cultura do CCBSA"},"content":{"rendered":"\n\t\t<style type=\"text\/css\">\n\t\t\t#gallery-1 {\n\t\t\t\tmargin: auto;\n\t\t\t}\n\t\t\t#gallery-1 .gallery-item {\n\t\t\t\tfloat: left;\n\t\t\t\tmargin-top: 10px;\n\t\t\t\ttext-align: center;\n\t\t\t\twidth: 33%;\n\t\t\t}\n\t\t\t#gallery-1 img {\n\t\t\t\tborder: 2px solid #cfcfcf;\n\t\t\t}\n\t\t\t#gallery-1 .gallery-caption {\n\t\t\t\tmargin-left: 0;\n\t\t\t}\n\t\t\t\/* see gallery_shortcode() in wp-includes\/media.php *\/\n\t\t<\/style>\n\t\t<div id='gallery-1' class='gallery galleryid-9806 gallery-columns-3 gallery-size-full'><dl class='gallery-item'>\n\t\t\t<dt class='gallery-icon landscape'>\n\t\t\t\t<a href='https:\/\/centros.uepb.edu.br\/ccbsa\/files\/2023\/05\/IMG_7828.jpg'><img loading=\"lazy\" decoding=\"async\" width=\"1200\" height=\"680\" src=\"https:\/\/centros.uepb.edu.br\/ccbsa\/files\/2023\/05\/IMG_7828.jpg\" class=\"attachment-full size-full\" alt=\"\" srcset=\"https:\/\/centros.uepb.edu.br\/ccbsa\/files\/2023\/05\/IMG_7828.jpg 1200w, https:\/\/centros.uepb.edu.br\/ccbsa\/files\/2023\/05\/IMG_7828-300x170.jpg 300w, https:\/\/centros.uepb.edu.br\/ccbsa\/files\/2023\/05\/IMG_7828-1120x635.jpg 1120w\" sizes=\"auto, (max-width: 1200px) 100vw, 1200px\" \/><\/a>\n\t\t\t<\/dt><\/dl><dl class='gallery-item'>\n\t\t\t<dt class='gallery-icon landscape'>\n\t\t\t\t<a href='https:\/\/centros.uepb.edu.br\/ccbsa\/files\/2023\/05\/unnamed-25-scaled.jpg'><img loading=\"lazy\" decoding=\"async\" width=\"2560\" height=\"1894\" src=\"https:\/\/centros.uepb.edu.br\/ccbsa\/files\/2023\/05\/unnamed-25-scaled.jpg\" class=\"attachment-full size-full\" alt=\"\" srcset=\"https:\/\/centros.uepb.edu.br\/ccbsa\/files\/2023\/05\/unnamed-25-scaled.jpg 2560w, https:\/\/centros.uepb.edu.br\/ccbsa\/files\/2023\/05\/unnamed-25-300x222.jpg 300w, https:\/\/centros.uepb.edu.br\/ccbsa\/files\/2023\/05\/unnamed-25-1536x1137.jpg 1536w, https:\/\/centros.uepb.edu.br\/ccbsa\/files\/2023\/05\/unnamed-25-2048x1516.jpg 2048w, https:\/\/centros.uepb.edu.br\/ccbsa\/files\/2023\/05\/unnamed-25-1076x796.jpg 1076w\" sizes=\"auto, (max-width: 2560px) 100vw, 2560px\" \/><\/a>\n\t\t\t<\/dt><\/dl>\n\t\t\t<br style='clear: both' \/>\n\t\t<\/div>\n\n<p>Com o objetivo de fortalecer as a\u00e7\u00f5es j\u00e1 existentes e fomentar a cria\u00e7\u00e3o de n\u00facleos de artes e cultura na Institui\u00e7\u00e3o, a equipe da Pro-reitoria de Arte e Cultura (PROCULT) da Universidade Estadual da Para\u00edba (UEPB) tem realizado algumas visitas nos c\u00e2mpus da UEPB e, nesta quarta-feira (10), esteve presente no C\u00e2mpus de Jo\u00e3o Pessoa com essa finalidade.<\/p>\n<p>Estiveram presentes na reuni\u00e3o o pro-reitor de arte de cultura da UEPB, Jos\u00e9 Cristov\u00e3o de Andrade; a curadora do Museu de Arte Popular da Para\u00edba (MAPP), Joseilda Diniz; o coordenador adjunto do bacharelado em Arquivologia, professor Rams\u00e9s Nunes; a coordenadora do Projeto Farpas, professora Suerde Brito e a estudante Safira Luz.<\/p>\n<p>De acordo com o professor Cristov\u00e3o Andrade, a reuni\u00e3o foi uma oportunidade para que sejam pensadas nas parcerias que podem ser estruturadas para fortalecer a atividade cultural no C\u00e2mpus. O docente ainda refor\u00e7ou import\u00e2ncia de a\u00e7\u00f5es articuladas e no planejamento a longo prazo, inclusive para a participa\u00e7\u00e3o em editais de financiamento, para que sejam realizados com sucesso eventos e iniciativas de tradi\u00e7\u00e3o como Farpas.<\/p>\n<p>Na oportunidade, foi realizada uma visita ao setor de inclus\u00e3o e acessibilidade para que sejam estruturadas algumas iniciativas conjuntas entre o referido setor e a PROCULT com foco na produ\u00e7\u00e3o de materiais informativos adaptados ao braile.<\/p>\n","protected":false},"excerpt":{"rendered":"<p>Com o objetivo de fortalecer as a\u00e7\u00f5es j\u00e1 existentes e fomentar a cria\u00e7\u00e3o de n\u00facleos de artes e cultura na Institui\u00e7\u00e3o, a equipe da Pro-reitoria de Arte e Cultura (PROCULT) da Universidade Estadual da Para\u00edba (UEPB) tem realizado algumas visitas nos c\u00e2mpus da UEPB e, nesta quarta-feira (10), esteve presente no C\u00e2mpus de Jo\u00e3o Pessoa <a class=\"leiamais\" href=\"https:\/\/centros.uepb.edu.br\/ccbsa\/procult-visita-campus-v-para-dialogar-sobre-a-criacao-de-um-nucleo-de-arte-e-cultura-do-ccbsa\/\">Leia Mais&#8230;<\/a><\/p>\n","protected":false},"author":8,"featured_media":9809,"comment_status":"closed","ping_status":"closed","sticky":false,"template":"","format":"standard","meta":{"footnotes":""},"categories":[3,11],"tags":[],"class_list":["post-9806","post","type-post","status-publish","format-standard","has-post-thumbnail","hentry","category-noticias","category-noticias-destaque-img"],"jetpack_featured_media_url":"https:\/\/centros.uepb.edu.br\/ccbsa\/files\/2023\/05\/IMG_7828-1.jpg","_links":{"self":[{"href":"https:\/\/centros.uepb.edu.br\/ccbsa\/wp-json\/wp\/v2\/posts\/9806","targetHints":{"allow":["GET"]}}],"collection":[{"href":"https:\/\/centros.uepb.edu.br\/ccbsa\/wp-json\/wp\/v2\/posts"}],"about":[{"href":"https:\/\/centros.uepb.edu.br\/ccbsa\/wp-json\/wp\/v2\/types\/post"}],"author":[{"embeddable":true,"href":"https:\/\/centros.uepb.edu.br\/ccbsa\/wp-json\/wp\/v2\/users\/8"}],"replies":[{"embeddable":true,"href":"https:\/\/centros.uepb.edu.br\/ccbsa\/wp-json\/wp\/v2\/comments?post=9806"}],"version-history":[{"count":0,"href":"https:\/\/centros.uepb.edu.br\/ccbsa\/wp-json\/wp\/v2\/posts\/9806\/revisions"}],"wp:featuredmedia":[{"embeddable":true,"href":"https:\/\/centros.uepb.edu.br\/ccbsa\/wp-json\/wp\/v2\/media\/9809"}],"wp:attachment":[{"href":"https:\/\/centros.uepb.edu.br\/ccbsa\/wp-json\/wp\/v2\/media?parent=9806"}],"wp:term":[{"taxonomy":"category","embeddable":true,"href":"https:\/\/centros.uepb.edu.br\/ccbsa\/wp-json\/wp\/v2\/categories?post=9806"},{"taxonomy":"post_tag","embeddable":true,"href":"https:\/\/centros.uepb.edu.br\/ccbsa\/wp-json\/wp\/v2\/tags?post=9806"}],"curies":[{"name":"wp","href":"https:\/\/api.w.org\/{rel}","templated":true}]}}