{"id":9790,"date":"2023-05-05T17:28:46","date_gmt":"2023-05-05T17:28:46","guid":{"rendered":"https:\/\/centros.uepb.edu.br\/ccbsa\/?p=9790"},"modified":"2023-05-05T17:28:46","modified_gmt":"2023-05-05T17:28:46","slug":"centro-de-estudos-do-campus-v-dialoga-sobre-parcerias-com-a-empresa-paraibana-de-comunicacao","status":"publish","type":"post","link":"https:\/\/centros.uepb.edu.br\/ccbsa\/centro-de-estudos-do-campus-v-dialoga-sobre-parcerias-com-a-empresa-paraibana-de-comunicacao\/","title":{"rendered":"Centro de Estudos do C\u00e2mpus V dialoga sobre parcerias com a Empresa Paraibana de Comunica\u00e7\u00e3o"},"content":{"rendered":"<p>&nbsp;<\/p>\n\n\t\t<style type=\"text\/css\">\n\t\t\t#gallery-1 {\n\t\t\t\tmargin: auto;\n\t\t\t}\n\t\t\t#gallery-1 .gallery-item {\n\t\t\t\tfloat: left;\n\t\t\t\tmargin-top: 10px;\n\t\t\t\ttext-align: center;\n\t\t\t\twidth: 33%;\n\t\t\t}\n\t\t\t#gallery-1 img {\n\t\t\t\tborder: 2px solid #cfcfcf;\n\t\t\t}\n\t\t\t#gallery-1 .gallery-caption {\n\t\t\t\tmargin-left: 0;\n\t\t\t}\n\t\t\t\/* see gallery_shortcode() in wp-includes\/media.php *\/\n\t\t<\/style>\n\t\t<div id='gallery-1' class='gallery galleryid-9790 gallery-columns-3 gallery-size-full'><dl class='gallery-item'>\n\t\t\t<dt class='gallery-icon portrait'>\n\t\t\t\t<a href='https:\/\/centros.uepb.edu.br\/ccbsa\/files\/2023\/05\/WhatsApp-Image-2023-05-05-at-07.32.10.jpeg'><img loading=\"lazy\" decoding=\"async\" width=\"867\" height=\"1156\" src=\"https:\/\/centros.uepb.edu.br\/ccbsa\/files\/2023\/05\/WhatsApp-Image-2023-05-05-at-07.32.10.jpeg\" class=\"attachment-full size-full\" alt=\"\" srcset=\"https:\/\/centros.uepb.edu.br\/ccbsa\/files\/2023\/05\/WhatsApp-Image-2023-05-05-at-07.32.10.jpeg 867w, https:\/\/centros.uepb.edu.br\/ccbsa\/files\/2023\/05\/WhatsApp-Image-2023-05-05-at-07.32.10-225x300.jpeg 225w, https:\/\/centros.uepb.edu.br\/ccbsa\/files\/2023\/05\/WhatsApp-Image-2023-05-05-at-07.32.10-597x796.jpeg 597w\" sizes=\"auto, (max-width: 867px) 100vw, 867px\" \/><\/a>\n\t\t\t<\/dt><\/dl><dl class='gallery-item'>\n\t\t\t<dt class='gallery-icon landscape'>\n\t\t\t\t<a href='https:\/\/centros.uepb.edu.br\/ccbsa\/files\/2023\/05\/WhatsApp-Image-2023-05-05-at-07.32.10-1.jpeg'><img loading=\"lazy\" decoding=\"async\" width=\"1280\" height=\"896\" src=\"https:\/\/centros.uepb.edu.br\/ccbsa\/files\/2023\/05\/WhatsApp-Image-2023-05-05-at-07.32.10-1.jpeg\" class=\"attachment-full size-full\" alt=\"\" srcset=\"https:\/\/centros.uepb.edu.br\/ccbsa\/files\/2023\/05\/WhatsApp-Image-2023-05-05-at-07.32.10-1.jpeg 1280w, https:\/\/centros.uepb.edu.br\/ccbsa\/files\/2023\/05\/WhatsApp-Image-2023-05-05-at-07.32.10-1-300x210.jpeg 300w, https:\/\/centros.uepb.edu.br\/ccbsa\/files\/2023\/05\/WhatsApp-Image-2023-05-05-at-07.32.10-1-1120x784.jpeg 1120w\" sizes=\"auto, (max-width: 1280px) 100vw, 1280px\" \/><\/a>\n\t\t\t<\/dt><\/dl><dl class='gallery-item'>\n\t\t\t<dt class='gallery-icon landscape'>\n\t\t\t\t<a href='https:\/\/centros.uepb.edu.br\/ccbsa\/files\/2023\/05\/WhatsApp-Image-2023-05-05-at-07.32.09ok-1.jpg'><img loading=\"lazy\" decoding=\"async\" width=\"1200\" height=\"680\" src=\"https:\/\/centros.uepb.edu.br\/ccbsa\/files\/2023\/05\/WhatsApp-Image-2023-05-05-at-07.32.09ok-1.jpg\" class=\"attachment-full size-full\" alt=\"\" srcset=\"https:\/\/centros.uepb.edu.br\/ccbsa\/files\/2023\/05\/WhatsApp-Image-2023-05-05-at-07.32.09ok-1.jpg 1200w, https:\/\/centros.uepb.edu.br\/ccbsa\/files\/2023\/05\/WhatsApp-Image-2023-05-05-at-07.32.09ok-1-300x170.jpg 300w, https:\/\/centros.uepb.edu.br\/ccbsa\/files\/2023\/05\/WhatsApp-Image-2023-05-05-at-07.32.09ok-1-1120x635.jpg 1120w\" sizes=\"auto, (max-width: 1200px) 100vw, 1200px\" \/><\/a>\n\t\t\t<\/dt><\/dl><br style=\"clear: both\" \/>\n\t\t<\/div>\n\n<p>&nbsp;<\/p>\n<p>Com o objetivo de dialogar sobre novas parcerias, pesquisadores do Centro de Estudos Avan\u00e7ados em Pol\u00edticas P\u00fablicas e\u00a0Governan\u00e7a (CEAPPG), vinculado ao Centro de Ci\u00eancias Biol\u00f3gicas e Sociais Aplicadas (CCBSA) da Universidade Estadual da Para\u00edba (UEPB), localizado em Jo\u00e3o Pessoa, recebeu, na tarde desta quinta-feira (5), representantes da Empresa Paraibana de Comunica\u00e7\u00e3o (EPC).<\/p>\n<p>Na ocasi\u00e3o, estiveram apresentes o coordenador do CEAPPG, professor Carlos Enrique Ruiz, e os pesquisadores vinculados ao referido N\u00facleo, professores Filipe Reis e Marcionila Fernandes; a diretora presidente da EPC, Nan\u00e1 Garcez; o diretor de m\u00eddia impressa da EPC, William Costa e o gerente executivo de produ\u00e7\u00e3o gr\u00e1fica, Nilton Tavares Vieira.<\/p>\n<p>Dentre outros t\u00f3picos, discutiu-se a possibilidade de a\u00e7\u00f5es efetivas de divulga\u00e7\u00e3o dos projetos com impacto social, seja na m\u00eddia impressa, Jornal A Uni\u00e3o, como em programas na R\u00e1dio Tabajara. Tamb\u00e9m foi tratada a possibilidade de apoio da EPC a eventos a serem realizados pelo CEAPPG, como o F\u00f3rum Universit\u00e1rio Mercosul (FoMerco), que ocorrer\u00e1 em novembro de 2023 em Jo\u00e3o Pessoa.<\/p>\n<p>\u201cA EPC est\u00e1 auxiliando tecnicamente o CEAPPG com rela\u00e7\u00e3o \u00e0 aquisi\u00e7\u00e3o de um equipamento gr\u00e1fico para atender \u00e0s demandas do Campus V e das entidades parcerias, governamentais e sociais do CEAPPG. Tamb\u00e9m tratamos de outras a\u00e7\u00f5es em parceria, como a cobertura jornal\u00edstica (m\u00eddia impressa, eletr\u00f4nica e r\u00e1dio) de eventos\u201d, explica o professor Carlos Enrique.<\/p>\n<p>A UEPB e a EPC tem empreendido diversas a\u00e7\u00f5es em parceria ao longo dos \u00faltimos anos com foco em publica\u00e7\u00f5es impressas e digitais envolvendo a Editora da UEPB e a Gr\u00e1fica do Jornal A Uni\u00e3o. Em 2020 foram publicados os tr\u00eas volumes do livro \u201cCelso Furtado: a esperan\u00e7a militante\u201d. Sucesso de divulga\u00e7\u00e3o, alcance e repercuss\u00e3o, a obra est\u00e1 dispon\u00edvel na plataforma de e-books da Editora da Universidade Estadual da Para\u00edba (EDUEPB). A trilogia, organizada pelos professores Cidoval Morais, Luciano Albino e Ivo Theis, \u00e9 a maior e mais robusta obra j\u00e1 publicada sobre o economista paraibano.<\/p>\n<p>&nbsp;<\/p>\n<p>&nbsp;<\/p>\n","protected":false},"excerpt":{"rendered":"<p>&nbsp; &nbsp; Com o objetivo de dialogar sobre novas parcerias, pesquisadores do Centro de Estudos Avan\u00e7ados em Pol\u00edticas P\u00fablicas e\u00a0Governan\u00e7a (CEAPPG), vinculado ao Centro de Ci\u00eancias Biol\u00f3gicas e Sociais Aplicadas (CCBSA) da Universidade Estadual da Para\u00edba (UEPB), localizado em Jo\u00e3o Pessoa, recebeu, na tarde desta quinta-feira (5), representantes da Empresa Paraibana de Comunica\u00e7\u00e3o (EPC). Na <a class=\"leiamais\" href=\"https:\/\/centros.uepb.edu.br\/ccbsa\/centro-de-estudos-do-campus-v-dialoga-sobre-parcerias-com-a-empresa-paraibana-de-comunicacao\/\">Leia Mais&#8230;<\/a><\/p>\n","protected":false},"author":8,"featured_media":9792,"comment_status":"closed","ping_status":"closed","sticky":false,"template":"","format":"standard","meta":{"footnotes":""},"categories":[3,11],"tags":[],"class_list":["post-9790","post","type-post","status-publish","format-standard","has-post-thumbnail","hentry","category-noticias","category-noticias-destaque-img"],"jetpack_featured_media_url":"https:\/\/centros.uepb.edu.br\/ccbsa\/files\/2023\/05\/WhatsApp-Image-2023-05-05-at-07.32.09ok-1.jpg","_links":{"self":[{"href":"https:\/\/centros.uepb.edu.br\/ccbsa\/wp-json\/wp\/v2\/posts\/9790","targetHints":{"allow":["GET"]}}],"collection":[{"href":"https:\/\/centros.uepb.edu.br\/ccbsa\/wp-json\/wp\/v2\/posts"}],"about":[{"href":"https:\/\/centros.uepb.edu.br\/ccbsa\/wp-json\/wp\/v2\/types\/post"}],"author":[{"embeddable":true,"href":"https:\/\/centros.uepb.edu.br\/ccbsa\/wp-json\/wp\/v2\/users\/8"}],"replies":[{"embeddable":true,"href":"https:\/\/centros.uepb.edu.br\/ccbsa\/wp-json\/wp\/v2\/comments?post=9790"}],"version-history":[{"count":0,"href":"https:\/\/centros.uepb.edu.br\/ccbsa\/wp-json\/wp\/v2\/posts\/9790\/revisions"}],"wp:featuredmedia":[{"embeddable":true,"href":"https:\/\/centros.uepb.edu.br\/ccbsa\/wp-json\/wp\/v2\/media\/9792"}],"wp:attachment":[{"href":"https:\/\/centros.uepb.edu.br\/ccbsa\/wp-json\/wp\/v2\/media?parent=9790"}],"wp:term":[{"taxonomy":"category","embeddable":true,"href":"https:\/\/centros.uepb.edu.br\/ccbsa\/wp-json\/wp\/v2\/categories?post=9790"},{"taxonomy":"post_tag","embeddable":true,"href":"https:\/\/centros.uepb.edu.br\/ccbsa\/wp-json\/wp\/v2\/tags?post=9790"}],"curies":[{"name":"wp","href":"https:\/\/api.w.org\/{rel}","templated":true}]}}