{"id":9783,"date":"2023-04-27T14:26:06","date_gmt":"2023-04-27T14:26:06","guid":{"rendered":"https:\/\/centros.uepb.edu.br\/ccbsa\/?p=9783"},"modified":"2023-04-27T14:26:06","modified_gmt":"2023-04-27T14:26:06","slug":"comitiva-da-onu-e-ufpb-visitam-a-uepb-para-dialogar-sobre-parcerias-e-acoes-relacionadas-a-pessoas-refugiadas","status":"publish","type":"post","link":"https:\/\/centros.uepb.edu.br\/ccbsa\/comitiva-da-onu-e-ufpb-visitam-a-uepb-para-dialogar-sobre-parcerias-e-acoes-relacionadas-a-pessoas-refugiadas\/","title":{"rendered":"Comitiva da ONU e UFPB visitam a UEPB para dialogar sobre parcerias e a\u00e7\u00f5es relacionadas a pessoas refugiadas"},"content":{"rendered":"\n\t\t<style type=\"text\/css\">\n\t\t\t#gallery-1 {\n\t\t\t\tmargin: auto;\n\t\t\t}\n\t\t\t#gallery-1 .gallery-item {\n\t\t\t\tfloat: left;\n\t\t\t\tmargin-top: 10px;\n\t\t\t\ttext-align: center;\n\t\t\t\twidth: 33%;\n\t\t\t}\n\t\t\t#gallery-1 img {\n\t\t\t\tborder: 2px solid #cfcfcf;\n\t\t\t}\n\t\t\t#gallery-1 .gallery-caption {\n\t\t\t\tmargin-left: 0;\n\t\t\t}\n\t\t\t\/* see gallery_shortcode() in wp-includes\/media.php *\/\n\t\t<\/style>\n\t\t<div id='gallery-1' class='gallery galleryid-9783 gallery-columns-3 gallery-size-full'><dl class='gallery-item'>\n\t\t\t<dt class='gallery-icon landscape'>\n\t\t\t\t<a href='https:\/\/centros.uepb.edu.br\/ccbsa\/files\/2023\/04\/IMG_7786.jpg'><img loading=\"lazy\" decoding=\"async\" width=\"1200\" height=\"680\" src=\"https:\/\/centros.uepb.edu.br\/ccbsa\/files\/2023\/04\/IMG_7786.jpg\" class=\"attachment-full size-full\" alt=\"\" srcset=\"https:\/\/centros.uepb.edu.br\/ccbsa\/files\/2023\/04\/IMG_7786.jpg 1200w, https:\/\/centros.uepb.edu.br\/ccbsa\/files\/2023\/04\/IMG_7786-300x170.jpg 300w, https:\/\/centros.uepb.edu.br\/ccbsa\/files\/2023\/04\/IMG_7786-1120x635.jpg 1120w\" sizes=\"auto, (max-width: 1200px) 100vw, 1200px\" \/><\/a>\n\t\t\t<\/dt><\/dl><dl class='gallery-item'>\n\t\t\t<dt class='gallery-icon landscape'>\n\t\t\t\t<a href='https:\/\/centros.uepb.edu.br\/ccbsa\/files\/2023\/04\/IMG_7812.jpg'><img loading=\"lazy\" decoding=\"async\" width=\"1200\" height=\"680\" src=\"https:\/\/centros.uepb.edu.br\/ccbsa\/files\/2023\/04\/IMG_7812.jpg\" class=\"attachment-full size-full\" alt=\"\" srcset=\"https:\/\/centros.uepb.edu.br\/ccbsa\/files\/2023\/04\/IMG_7812.jpg 1200w, https:\/\/centros.uepb.edu.br\/ccbsa\/files\/2023\/04\/IMG_7812-300x170.jpg 300w, https:\/\/centros.uepb.edu.br\/ccbsa\/files\/2023\/04\/IMG_7812-1120x635.jpg 1120w\" sizes=\"auto, (max-width: 1200px) 100vw, 1200px\" \/><\/a>\n\t\t\t<\/dt><\/dl>\n\t\t\t<br style='clear: both' \/>\n\t\t<\/div>\n\n<p>Um compartilhamento das boas pr\u00e1ticas direcionadas a pessoas refugiadas e desenvolvidas pela C\u00e1tedra S\u00e9rgio Vieira de Mello (CSVM), que \u00e9 vinculada ao N\u00facleo de Estudo e Pesquisa sobre Deslocados Ambientais (NEPDA) da Universidade Estadual da Para\u00edba (UEPB) e pela Universidade Federal da Para\u00edba, esse foi o principal objetivo da reuni\u00e3o entre representantes das duas universidades paraibanas e membros da Ag\u00eancia da ONU para Refugiados (ACNUR) realizada nesta ter\u00e7a-feira (25) no C\u00e2mpus V da UEPB.<\/p>\n<p>Participaram da reuni\u00e3o a coordenadora do NEPDA, professora Andrea Pac\u00edfico; o pro-reitor de p\u00f3s-gradua\u00e7\u00e3o da UEPB, na oportunidade representando a reitora, professor Francisco Jaime Mendon\u00e7a J\u00fanior; o vice-representante no Brasil da Ag\u00eancia da ONU para Refugiados (ACNUR), Oscar Sanchez; o reitor da UEPB, professor Valdiney Gouveia; a coordenadora adjunta do NEPDA, Carolina Claro; a diretora de Rela\u00e7\u00f5es Internacionais da UFPB, Ana Berenice Martorelli; a chefe do escrit\u00f3rio da ACNUR em S\u00e3o Paulo, Maria Beatriz Nogueira; o presidente da Ag\u00eancia de Coopera\u00e7\u00e3o Internacional da UFPB, Sandro Marden; a assistente s\u00eanior de prote\u00e7\u00e3o do ACNUR no Brasil, Lyvia Rodrigues Barbosa; a professora do curso de Rela\u00e7\u00f5es Internacionais da UEPB, Silvia Nogueira; a professora de Letras da UFPB, Juliana Freire e a pesquisadora da UFCG, Mar\u00edlia Leal.<\/p>\n<p>Na oportunidade, foram apresentadas algumas a\u00e7\u00f5es de ensino, pesquisa e extens\u00e3o com foco nas pessoas refugiadas. Al\u00e9m disso, o grupo p\u00f4de dialogar sobre formas de fortalecer os estudos e as iniciativas e prote\u00e7\u00e3o (acolhimento e integra\u00e7\u00e3o) de pessoas refugiadas no Estado. Tamb\u00e9m foram ajustados os detalhes da parceria que permitir\u00e1 \u00e0 UFPB se associar \u00e0 UEPB no \u00e2mbito da CSVM.<\/p>\n<p><em><strong>Texto e fotos:<\/strong> Juliana Marques<\/em><\/p>\n","protected":false},"excerpt":{"rendered":"<p>Um compartilhamento das boas pr\u00e1ticas direcionadas a pessoas refugiadas e desenvolvidas pela C\u00e1tedra S\u00e9rgio Vieira de Mello (CSVM), que \u00e9 vinculada ao N\u00facleo de Estudo e Pesquisa sobre Deslocados Ambientais (NEPDA) da Universidade Estadual da Para\u00edba (UEPB) e pela Universidade Federal da Para\u00edba, esse foi o principal objetivo da reuni\u00e3o entre representantes das duas universidades <a class=\"leiamais\" href=\"https:\/\/centros.uepb.edu.br\/ccbsa\/comitiva-da-onu-e-ufpb-visitam-a-uepb-para-dialogar-sobre-parcerias-e-acoes-relacionadas-a-pessoas-refugiadas\/\">Leia Mais&#8230;<\/a><\/p>\n","protected":false},"author":8,"featured_media":9786,"comment_status":"closed","ping_status":"closed","sticky":false,"template":"","format":"standard","meta":{"footnotes":""},"categories":[3,11],"tags":[],"class_list":["post-9783","post","type-post","status-publish","format-standard","has-post-thumbnail","hentry","category-noticias","category-noticias-destaque-img"],"jetpack_featured_media_url":"https:\/\/centros.uepb.edu.br\/ccbsa\/files\/2023\/04\/IMG_7812-1.jpg","_links":{"self":[{"href":"https:\/\/centros.uepb.edu.br\/ccbsa\/wp-json\/wp\/v2\/posts\/9783","targetHints":{"allow":["GET"]}}],"collection":[{"href":"https:\/\/centros.uepb.edu.br\/ccbsa\/wp-json\/wp\/v2\/posts"}],"about":[{"href":"https:\/\/centros.uepb.edu.br\/ccbsa\/wp-json\/wp\/v2\/types\/post"}],"author":[{"embeddable":true,"href":"https:\/\/centros.uepb.edu.br\/ccbsa\/wp-json\/wp\/v2\/users\/8"}],"replies":[{"embeddable":true,"href":"https:\/\/centros.uepb.edu.br\/ccbsa\/wp-json\/wp\/v2\/comments?post=9783"}],"version-history":[{"count":0,"href":"https:\/\/centros.uepb.edu.br\/ccbsa\/wp-json\/wp\/v2\/posts\/9783\/revisions"}],"wp:featuredmedia":[{"embeddable":true,"href":"https:\/\/centros.uepb.edu.br\/ccbsa\/wp-json\/wp\/v2\/media\/9786"}],"wp:attachment":[{"href":"https:\/\/centros.uepb.edu.br\/ccbsa\/wp-json\/wp\/v2\/media?parent=9783"}],"wp:term":[{"taxonomy":"category","embeddable":true,"href":"https:\/\/centros.uepb.edu.br\/ccbsa\/wp-json\/wp\/v2\/categories?post=9783"},{"taxonomy":"post_tag","embeddable":true,"href":"https:\/\/centros.uepb.edu.br\/ccbsa\/wp-json\/wp\/v2\/tags?post=9783"}],"curies":[{"name":"wp","href":"https:\/\/api.w.org\/{rel}","templated":true}]}}