{"id":978,"date":"2013-10-09T15:44:20","date_gmt":"2013-10-09T15:44:20","guid":{"rendered":"\/ccbsa\/?p=978"},"modified":"2013-10-17T12:44:34","modified_gmt":"2013-10-17T12:44:34","slug":"mestrado-e-graduacao-em-relacoes-internacionais-do-campus-v-inscrevem-para-curso-de-mediacao","status":"publish","type":"post","link":"https:\/\/centros.uepb.edu.br\/ccbsa\/mestrado-e-graduacao-em-relacoes-internacionais-do-campus-v-inscrevem-para-curso-de-mediacao\/","title":{"rendered":"Mestrado e Gradua\u00e7\u00e3o em Rela\u00e7\u00f5es Internacionais inscrevem para curso de media\u00e7\u00e3o de conflitos"},"content":{"rendered":"<p><a href=\"http:\/\/centros.ascom.uepb.edu.br\/ccbsa\/files\/2013\/10\/1385734_740822525934159_886634126_n.jpg\"><img loading=\"lazy\" decoding=\"async\" class=\"alignleft size-thumbnail wp-image-1032 img-responsive\" alt=\"1385734_740822525934159_886634126_n\" src=\"http:\/\/centros.ascom.uepb.edu.br\/ccbsa\/files\/2013\/10\/1385734_740822525934159_886634126_n-150x150.jpg\" width=\"150\" height=\"150\" \/><\/a>Com o objetivo de fomentar a pesquisa acerca das perspectivas sobre a resolu\u00e7\u00e3o de conflitos o Programa de P\u00f3s-Gradua\u00e7\u00e3o em Rela\u00e7\u00f5es Internacionais da Universidade Estadual da Para\u00edba, a gradua\u00e7\u00e3o em Rela\u00e7\u00f5es Internacionais, o Projeto UEPB em A\u00e7\u00e3o e o Grupo de Estudos de Seguran\u00e7a Humana e Emancipa\u00e7\u00e3o (GESHE), promovem, nos dias 21 e 22 de outubro, no Campus V da UEPB, em Jo\u00e3o Pessoa, o curso de media\u00e7\u00e3o de conflitos &#8220;M\u00faltiplas faces da media\u00e7\u00e3o&#8221;.<\/p>\n<p>A\u00a0abertura do evento ser\u00e1 no dia 21 de outubro, \u00e0s 14h, com a apresenta\u00e7\u00e3o do professor do curso de Rela\u00e7\u00f5es Internacionais, Paulo Kuhlmann. Na sequ\u00eancia haver\u00e1 as mesas &#8220;Justi\u00e7a restaurativa&#8221;, ministrada pelo professor de Filosofia da UEPB, M\u00e1rcio Adriano Dias; &#8220;A media\u00e7\u00e3o e os diferentes meios alternativos de resolu\u00e7\u00e3o de conflitos&#8221;, tema abordado pelo discente do Mestrado em Rela\u00e7\u00f5es Internacionais da UEPB, Daniel Castanheira; &#8220;Media\u00e7\u00e3o policial&#8221;, discutida pela mestranda de Rela\u00e7\u00f5es Internacionais Aline Chianca; &#8220;Aspectos te\u00f3ricos da media\u00e7\u00e3o comunit\u00e1ria&#8221;, ministrada pelo\u00a0T\u00e9cnico Judici\u00e1rio do Tribunal Regional Eleitoral da Bahia T\u00e1ssio Tulio Bezerra e &#8220;Media\u00e7\u00e3o internacional e negocia\u00e7\u00e3o internacional&#8221;, tema a ser abordado pelo professor da UFPB e Doutorando em Ci\u00eancia Pol\u00edtica pela Unicamp, Thiago Lima e a discente do Mestrado em Rela\u00e7\u00f5es Internacionais da UEPB, Jeane Silva. Os debates desse primeiro dia de evento\u00a0ser\u00e3o encerrados \u00e0s 18h30.<\/p>\n<p>No segundo dia de evento, 22 de outubro,\u00a0ser\u00e1 realizada, a partir das 10h,\u00a0a videoconfer\u00eancia &#8220;Justi\u00e7a restitutiva na \u00c1frica&#8221;, com a participa\u00e7\u00e3o da\u00a0integrante do\u00a0Instituto Superior de Rela\u00e7\u00f5es Internacionais de Mo\u00e7ambique, Ira\u00ea Lundin,\u00a0que\u00a0integrou o grupo que negociou a paz em Mo\u00e7ambique depois de 16 anos de guerra civil. Nascida no Brasil, Ira\u00ea vive na \u00c1frica h\u00e1 30 anos. Presa pol\u00edtica na ditadura militar, ela perdeu a cidadania brasileira depois de cumprir pena em Barra do Pira\u00ed (RJ). Estudou na ent\u00e3o Uni\u00e3o Sovi\u00e9tica, na Su\u00e9cia e fixou resid\u00eancia em Mo\u00e7ambique, onde leciona no instituto que prepara diplomatas para o pa\u00eds e outras na\u00e7\u00f5es africanas.<\/p>\n<p>Ainda no dia 22 de outubro, a partir das 14h o evento prossegue com as mesas &#8220;Casos pr\u00e1ticos de media\u00e7\u00e3o policial&#8221;, proferida pelo presidente da Associa\u00e7\u00e3o de Defesa das Prerrogativas dos Delegados de Pol\u00edcia da Para\u00edba (APEDEL), Cl\u00e1udio Lameir\u00e3o; &#8220;A experi\u00eancia da media\u00e7\u00e3o familiar nos Conselhos Tutelares de Jo\u00e3o Pessoa&#8221;, tema abordado pela professora da UFPB\u00a0e coordenadora do\u00a0N\u00facleo de Extens\u00e3o e Pesquisa em Media\u00e7\u00e3o de Conflitos (MEDIAC), Juliana Toledo, com a participa\u00e7\u00e3o de membros do MEDIAC; &#8220;Media\u00e7\u00e3o comunit\u00e1ria: a experi\u00eancia do <em>Juspopuli<\/em> na Bahia&#8221;, a ser ministrado\u00a0pelo t\u00e9cnico judici\u00e1rio\u00a0T\u00e1ssio Tulio Bezerra e &#8220;Caso pr\u00e1tico de\u00a0negocia\u00e7\u00e3o&#8221;,\u00a0tema discutido\u00a0pelo professor Thiago Lima. O evento deve ser encerrado \u00e0s 18h30.<\/p>\n<p>Destinado a acad\u00eamicos e pesquisadores de gradua\u00e7\u00e3o e p\u00f3s-gradua\u00e7\u00e3o\u00a0em Rela\u00e7\u00f5es Internacionais, direito, Psicologia e \u00e1reas afins, o curso tem o intuito de incentivar a discuss\u00e3o sobre a media\u00e7\u00e3o em diferentes espa\u00e7os de atua\u00e7\u00e3o: judicial, extrajudicial e internacional. Segundo a comiss\u00e3o organizadora do evento al\u00e9m de expandir o campo de pesquisa em rela\u00e7\u00e3o \u00e0 resolu\u00e7\u00e3o de conflitos por vias pac\u00edficas, considerando-se nessa conjuntura a figura da v\u00edtima, essa iniciativa ir\u00e1 estimular os estudos sobre preven\u00e7\u00e3o e conten\u00e7\u00e3o de conflitos ainda pouco desenvolvidos no Brasil e a busca por pr\u00e1ticas alternativas para lidar com o conflito em diversos casos.<\/p>\n<p>A forma\u00e7\u00e3o ser\u00e1 ministrada por pesquisadores com renomada experi\u00eancia nacional e internacional na \u00e1rea de media\u00e7\u00e3o. As inscri\u00e7\u00f5es para o evento prosseguem enquanto durarem as 80 vagas ofertadas. Para participar \u00e9 necess\u00e1rio enviar a [wpfilebase tag=fileurl id=43 linktext=&#8217;ficha de inscri\u00e7\u00e3o&#8217; \/] preenchida para o email: <a href=\"mailto:mediacaouepb@gmail.com\">mediacaouepb@gmail.com<\/a>. Nos pr\u00f3ximos dias a comiss\u00e3o organizadora do evento divulgar\u00e1 os ministrantes do curso e confirmar\u00e1 os hor\u00e1rios das atividades. Todos os participantes do curso receber\u00e3o certificado de participa\u00e7\u00e3o.<\/p>\n<p>Outras informa\u00e7\u00f5es: <a href=\"mailto:mediacaouepb@gmail.com\/\">mediacaouepb@gmail.com\/<\/a> <a href=\"https:\/\/www.facebook.com\/events\/599276660116318\/?fref=ts\">P\u00e1gina do evento\u00a0das redes sociais<\/a><\/p>\n<p>&nbsp;<\/p>\n","protected":false},"excerpt":{"rendered":"<p>Com o objetivo de fomentar a pesquisa acerca das perspectivas sobre a resolu\u00e7\u00e3o de conflitos o Programa de P\u00f3s-Gradua\u00e7\u00e3o em Rela\u00e7\u00f5es Internacionais da Universidade Estadual da Para\u00edba, a gradua\u00e7\u00e3o em Rela\u00e7\u00f5es Internacionais, o Projeto UEPB em A\u00e7\u00e3o e o Grupo de Estudos de Seguran\u00e7a Humana e Emancipa\u00e7\u00e3o (GESHE), promovem, nos dias 21 e 22 de <a class=\"leiamais\" href=\"https:\/\/centros.uepb.edu.br\/ccbsa\/mestrado-e-graduacao-em-relacoes-internacionais-do-campus-v-inscrevem-para-curso-de-mediacao\/\">Leia Mais&#8230;<\/a><\/p>\n","protected":false},"author":8,"featured_media":0,"comment_status":"open","ping_status":"open","sticky":false,"template":"","format":"standard","meta":{"footnotes":""},"categories":[3,5],"tags":[],"class_list":["post-978","post","type-post","status-publish","format-standard","hentry","category-noticias","category-visiveis"],"jetpack_featured_media_url":"","_links":{"self":[{"href":"https:\/\/centros.uepb.edu.br\/ccbsa\/wp-json\/wp\/v2\/posts\/978","targetHints":{"allow":["GET"]}}],"collection":[{"href":"https:\/\/centros.uepb.edu.br\/ccbsa\/wp-json\/wp\/v2\/posts"}],"about":[{"href":"https:\/\/centros.uepb.edu.br\/ccbsa\/wp-json\/wp\/v2\/types\/post"}],"author":[{"embeddable":true,"href":"https:\/\/centros.uepb.edu.br\/ccbsa\/wp-json\/wp\/v2\/users\/8"}],"replies":[{"embeddable":true,"href":"https:\/\/centros.uepb.edu.br\/ccbsa\/wp-json\/wp\/v2\/comments?post=978"}],"version-history":[{"count":0,"href":"https:\/\/centros.uepb.edu.br\/ccbsa\/wp-json\/wp\/v2\/posts\/978\/revisions"}],"wp:attachment":[{"href":"https:\/\/centros.uepb.edu.br\/ccbsa\/wp-json\/wp\/v2\/media?parent=978"}],"wp:term":[{"taxonomy":"category","embeddable":true,"href":"https:\/\/centros.uepb.edu.br\/ccbsa\/wp-json\/wp\/v2\/categories?post=978"},{"taxonomy":"post_tag","embeddable":true,"href":"https:\/\/centros.uepb.edu.br\/ccbsa\/wp-json\/wp\/v2\/tags?post=978"}],"curies":[{"name":"wp","href":"https:\/\/api.w.org\/{rel}","templated":true}]}}