{"id":9762,"date":"2023-04-24T17:17:28","date_gmt":"2023-04-24T17:17:28","guid":{"rendered":"https:\/\/centros.uepb.edu.br\/ccbsa\/?p=9762"},"modified":"2023-04-24T17:17:28","modified_gmt":"2023-04-24T17:17:28","slug":"conselho-nacional-de-estudantes-de-relacoes-internacionais-e-realizado-no-campus-v-da-uepb","status":"publish","type":"post","link":"https:\/\/centros.uepb.edu.br\/ccbsa\/conselho-nacional-de-estudantes-de-relacoes-internacionais-e-realizado-no-campus-v-da-uepb\/","title":{"rendered":"Conselho Nacional de Estudantes de Rela\u00e7\u00f5es Internacionais \u00e9 realizado no C\u00e2mpus V da UEPB"},"content":{"rendered":"\n\t\t<style type=\"text\/css\">\n\t\t\t#gallery-1 {\n\t\t\t\tmargin: auto;\n\t\t\t}\n\t\t\t#gallery-1 .gallery-item {\n\t\t\t\tfloat: left;\n\t\t\t\tmargin-top: 10px;\n\t\t\t\ttext-align: center;\n\t\t\t\twidth: 33%;\n\t\t\t}\n\t\t\t#gallery-1 img {\n\t\t\t\tborder: 2px solid #cfcfcf;\n\t\t\t}\n\t\t\t#gallery-1 .gallery-caption {\n\t\t\t\tmargin-left: 0;\n\t\t\t}\n\t\t\t\/* see gallery_shortcode() in wp-includes\/media.php *\/\n\t\t<\/style>\n\t\t<div id='gallery-1' class='gallery galleryid-9762 gallery-columns-3 gallery-size-full'><dl class='gallery-item'>\n\t\t\t<dt class='gallery-icon landscape'>\n\t\t\t\t<a href='https:\/\/centros.uepb.edu.br\/ccbsa\/files\/2023\/04\/IMG_7765.jpg'><img loading=\"lazy\" decoding=\"async\" width=\"1200\" height=\"727\" src=\"https:\/\/centros.uepb.edu.br\/ccbsa\/files\/2023\/04\/IMG_7765.jpg\" class=\"attachment-full size-full\" alt=\"\" srcset=\"https:\/\/centros.uepb.edu.br\/ccbsa\/files\/2023\/04\/IMG_7765.jpg 1200w, https:\/\/centros.uepb.edu.br\/ccbsa\/files\/2023\/04\/IMG_7765-300x182.jpg 300w, https:\/\/centros.uepb.edu.br\/ccbsa\/files\/2023\/04\/IMG_7765-1120x679.jpg 1120w\" sizes=\"auto, (max-width: 1200px) 100vw, 1200px\" \/><\/a>\n\t\t\t<\/dt><\/dl><dl class='gallery-item'>\n\t\t\t<dt class='gallery-icon landscape'>\n\t\t\t\t<a href='https:\/\/centros.uepb.edu.br\/ccbsa\/files\/2023\/04\/IMG_7770.jpg'><img loading=\"lazy\" decoding=\"async\" width=\"1200\" height=\"680\" src=\"https:\/\/centros.uepb.edu.br\/ccbsa\/files\/2023\/04\/IMG_7770.jpg\" class=\"attachment-full size-full\" alt=\"\" srcset=\"https:\/\/centros.uepb.edu.br\/ccbsa\/files\/2023\/04\/IMG_7770.jpg 1200w, https:\/\/centros.uepb.edu.br\/ccbsa\/files\/2023\/04\/IMG_7770-300x170.jpg 300w, https:\/\/centros.uepb.edu.br\/ccbsa\/files\/2023\/04\/IMG_7770-1120x635.jpg 1120w\" sizes=\"auto, (max-width: 1200px) 100vw, 1200px\" \/><\/a>\n\t\t\t<\/dt><\/dl>\n\t\t\t<br style='clear: both' \/>\n\t\t<\/div>\n\n<p>Com a participa\u00e7\u00e3o de estudantes e pesquisadores de Rela\u00e7\u00f5es Internacionais da Universidade Estadual da Para\u00edba (UEPB), da Universidade Federal da Para\u00edba (UFPB), e de outras Institui\u00e7\u00f5es de Ensino Superior do pa\u00eds, foi realizada, entre os dias 22 e 24 de abril, a 64\u00aa edi\u00e7\u00e3o do Conselho Nacional de Estudantes de Rela\u00e7\u00f5es Internacionais (CONERI), que contou com a organiza\u00e7\u00e3o do Centro Acad\u00eamico de Rela\u00e7\u00f5es Internacionais M\u00f4nica de Menezes Campos.<\/p>\n<p>A abertura do evento teve a mesa de di\u00e1logo \u201cConflitos energ\u00e9ticos e a import\u00e2ncia das transi\u00e7\u00f5es energ\u00e9ticas\u201d, com a participa\u00e7\u00e3o do professor do Departamento de Rela\u00e7\u00f5es Internacionais e do Programa de P\u00f3s-gradua\u00e7\u00e3o em Ci\u00eancia Pol\u00edtica e Rela\u00e7\u00f5es Internacionais da UFPB, Iure Paiva; do doutor em antropologia social pela USP, Caio Cesermak e do doutor em engenharia el\u00e9trica Walmeran Trindade<\/p>\n<p>A 64\u00aa edi\u00e7\u00e3o do CONERI reuniu profissionais e acad\u00eamicos de diversas partes do pa\u00eds para participar de palestras, oficinas, simula\u00e7\u00f5es e outras atividades relacionadas ao tema do evento: \u2018\u2019Energias Renov\u00e1veis e a Diversifica\u00e7\u00e3o das Rela\u00e7\u00f5es Internacionais\u2019\u2019.<\/p>\n<p>Na oportunidade foram realizadas as mesas: \u201cO impacto das energias renov\u00e1veis nas comunidades locais e na redu\u00e7\u00e3o da pobreza energ\u00e9tica\u201d; \u201cEnergia solar e e\u00f3lica como forma de coopera\u00e7\u00e3o bilateral entre China e Brasil\u201d; \u201cEnergia sustent\u00e1vel como fator de competitividade no com\u00e9rcio Internacional\u201d; Tratados internacionais e a implementa\u00e7\u00e3o de fontes energ\u00e9ticas renov\u00e1veis\u201d; \u201cA import\u00e2ncia das pol\u00edticas p\u00fablicas para incentivar a ado\u00e7\u00e3o de energias renov\u00e1veis em larga escala\u201d; \u201cODS 7 e o papel da agenda 2030 nas Rela\u00e7\u00f5es Internacionais\u201d; \u201cA rela\u00e7\u00e3o entre a ado\u00e7\u00e3o de energias renov\u00e1veis e a gera\u00e7\u00e3o de empregos para internacionalistas\u201d; \u201cPerspectivas futuras para o papel das empresas no setor de energia renov\u00e1vel\u201d e \u201cPapel das organiza\u00e7\u00f5es internacionais no desenvolvimento de projetos de energia renov\u00e1vel no Sul Global\u201d.<\/p>\n","protected":false},"excerpt":{"rendered":"<p>Com a participa\u00e7\u00e3o de estudantes e pesquisadores de Rela\u00e7\u00f5es Internacionais da Universidade Estadual da Para\u00edba (UEPB), da Universidade Federal da Para\u00edba (UFPB), e de outras Institui\u00e7\u00f5es de Ensino Superior do pa\u00eds, foi realizada, entre os dias 22 e 24 de abril, a 64\u00aa edi\u00e7\u00e3o do Conselho Nacional de Estudantes de Rela\u00e7\u00f5es Internacionais (CONERI), que contou <a class=\"leiamais\" href=\"https:\/\/centros.uepb.edu.br\/ccbsa\/conselho-nacional-de-estudantes-de-relacoes-internacionais-e-realizado-no-campus-v-da-uepb\/\">Leia Mais&#8230;<\/a><\/p>\n","protected":false},"author":8,"featured_media":9763,"comment_status":"closed","ping_status":"closed","sticky":false,"template":"","format":"standard","meta":{"footnotes":""},"categories":[3,11],"tags":[],"class_list":["post-9762","post","type-post","status-publish","format-standard","has-post-thumbnail","hentry","category-noticias","category-noticias-destaque-img"],"jetpack_featured_media_url":"https:\/\/centros.uepb.edu.br\/ccbsa\/files\/2023\/04\/IMG_7770.jpg","_links":{"self":[{"href":"https:\/\/centros.uepb.edu.br\/ccbsa\/wp-json\/wp\/v2\/posts\/9762","targetHints":{"allow":["GET"]}}],"collection":[{"href":"https:\/\/centros.uepb.edu.br\/ccbsa\/wp-json\/wp\/v2\/posts"}],"about":[{"href":"https:\/\/centros.uepb.edu.br\/ccbsa\/wp-json\/wp\/v2\/types\/post"}],"author":[{"embeddable":true,"href":"https:\/\/centros.uepb.edu.br\/ccbsa\/wp-json\/wp\/v2\/users\/8"}],"replies":[{"embeddable":true,"href":"https:\/\/centros.uepb.edu.br\/ccbsa\/wp-json\/wp\/v2\/comments?post=9762"}],"version-history":[{"count":0,"href":"https:\/\/centros.uepb.edu.br\/ccbsa\/wp-json\/wp\/v2\/posts\/9762\/revisions"}],"wp:featuredmedia":[{"embeddable":true,"href":"https:\/\/centros.uepb.edu.br\/ccbsa\/wp-json\/wp\/v2\/media\/9763"}],"wp:attachment":[{"href":"https:\/\/centros.uepb.edu.br\/ccbsa\/wp-json\/wp\/v2\/media?parent=9762"}],"wp:term":[{"taxonomy":"category","embeddable":true,"href":"https:\/\/centros.uepb.edu.br\/ccbsa\/wp-json\/wp\/v2\/categories?post=9762"},{"taxonomy":"post_tag","embeddable":true,"href":"https:\/\/centros.uepb.edu.br\/ccbsa\/wp-json\/wp\/v2\/tags?post=9762"}],"curies":[{"name":"wp","href":"https:\/\/api.w.org\/{rel}","templated":true}]}}