{"id":9747,"date":"2023-04-18T16:50:48","date_gmt":"2023-04-18T16:50:48","guid":{"rendered":"https:\/\/centros.uepb.edu.br\/ccbsa\/?p=9747"},"modified":"2023-05-08T13:23:38","modified_gmt":"2023-05-08T13:23:38","slug":"biblioteca-afonso-pereira-divulga-calendario-de-oficinas-que-serao-oferecidas-a-comunidade-em-2023","status":"publish","type":"post","link":"https:\/\/centros.uepb.edu.br\/ccbsa\/biblioteca-afonso-pereira-divulga-calendario-de-oficinas-que-serao-oferecidas-a-comunidade-em-2023\/","title":{"rendered":"Biblioteca Afonso Pereira divulga calend\u00e1rio de oficinas que ser\u00e3o oferecidas \u00e0 comunidade em 2023"},"content":{"rendered":"<p>&nbsp;<\/p>\n<p><a href=\"https:\/\/centros.uepb.edu.br\/ccbsa\/files\/2023\/04\/Design-sem-nome-2.png\"><img loading=\"lazy\" decoding=\"async\" class=\"aligncenter size-full wp-image-9749 img-responsive\" src=\"https:\/\/centros.uepb.edu.br\/ccbsa\/files\/2023\/04\/Design-sem-nome-2.png\" alt=\"\" width=\"1200\" height=\"680\" srcset=\"https:\/\/centros.uepb.edu.br\/ccbsa\/files\/2023\/04\/Design-sem-nome-2.png 1200w, https:\/\/centros.uepb.edu.br\/ccbsa\/files\/2023\/04\/Design-sem-nome-2-300x170.png 300w, https:\/\/centros.uepb.edu.br\/ccbsa\/files\/2023\/04\/Design-sem-nome-2-1120x635.png 1120w\" sizes=\"auto, (max-width: 1200px) 100vw, 1200px\" \/><\/a><\/p>\n<p>A Biblioteca do C\u00e2mpus V da Universidade Estadual da Para\u00edba (UEPB), em conson\u00e2ncia com sua miss\u00e3o de promover a educa\u00e7\u00e3o superior, auxiliar nos estudos e pesquisas acad\u00eamicas, capacita\u00e7\u00e3o, forma\u00e7\u00e3o e apoio aos programas de ensino, pesquisa e extens\u00e3o, estabeleceu um calend\u00e1rio de oficinas que ser\u00e3o oferecidas para a comunidade do Centro de Ci\u00eancias Biol\u00f3gicas e Sociais Aplicadas (CCBSA) no ano de 2023.<\/p>\n<p>No decorrer do ano letivo ser\u00e3o oferecidas seis oficinas com informa\u00e7\u00f5es sobre a biblioteca, normas da ABNT, TCC, Bases de dados, Fontes de Informa\u00e7\u00e3o e Acessibilidade informacional. As a\u00e7\u00f5es s\u00e3o promovidas pela equipe da Biblioteca Afonso Pereira e al\u00e9m da equipe da UEPB, ser\u00e3o ministradas por convidadas com experi\u00eancia na \u00e1rea.<\/p>\n<p>A primeira oficina, \u201cDesvendando o potencial da Biblioteca\u201d, ser\u00e1 realizada dia 26 de abril, das 10 \u00e0s 12h e das 18 \u00e0s 20h com dura\u00e7\u00e3o de 2 horas. Destinada a estudantes do primeiro per\u00edodo dos cursos de gradua\u00e7\u00e3o do C\u00e2mpus V, a atividade contempla quest\u00f5es como a equipe, hor\u00e1rio de funcionamento e plataformas sociodigitais da Biblioteca do CCBSA; como pesquisar no acervo online e presencial; produtos e servi\u00e7os oferecidos pela biblioteca; direitos e deveres do usu\u00e1rio e cadastro, empr\u00e9stimo, devolu\u00e7\u00e3o, renova\u00e7\u00e3o e multas. Para participar da oficina \u00e9 preciso realizar a inscri\u00e7\u00e3o previamente em <a href=\"https:\/\/docs.google.com\/forms\/d\/1iTSspBfd8Wa73gZ13LUyhuJhBDJy8P3o1QaGdO7Hzpk\/edit\">formul\u00e1rio eletr\u00f4nico<\/a>.<\/p>\n<p>No dia 16 de maio, das 10 \u00e0s 12h e das 19 \u00e0s 21h est\u00e1 programada a oficina \u201cPapel da biblioteca na constru\u00e7\u00e3o do TCC: etapas e orienta\u00e7\u00e3o\u201d. A atividade, destinada a concluintes e demais interessados, contempla temas como \u201cApresenta\u00e7\u00e3o e explica\u00e7\u00e3o dos templates: artigo, monografia, relat\u00f3rio t\u00e9cnico\u201d; \u201cFormata\u00e7\u00e3o dos trabalhos acad\u00eamicos de acordo com a NBR 14724\u201d e \u201cSum\u00e1rio NBR 6027\u201d (atualizada 2022). Essas duas primeiras oficinas ser\u00e3o ministradas por bibliotec\u00e1rios da UEPB.<\/p>\n<p>Mais informa\u00e7\u00f5es sobre as oficinas: <a href=\"https:\/\/www.instagram.com\/bsc5uepb\/\">Instagram &#8211; @bsc5uepb<\/a><\/p>\n","protected":false},"excerpt":{"rendered":"<p>&nbsp; A Biblioteca do C\u00e2mpus V da Universidade Estadual da Para\u00edba (UEPB), em conson\u00e2ncia com sua miss\u00e3o de promover a educa\u00e7\u00e3o superior, auxiliar nos estudos e pesquisas acad\u00eamicas, capacita\u00e7\u00e3o, forma\u00e7\u00e3o e apoio aos programas de ensino, pesquisa e extens\u00e3o, estabeleceu um calend\u00e1rio de oficinas que ser\u00e3o oferecidas para a comunidade do Centro de Ci\u00eancias Biol\u00f3gicas <a class=\"leiamais\" href=\"https:\/\/centros.uepb.edu.br\/ccbsa\/biblioteca-afonso-pereira-divulga-calendario-de-oficinas-que-serao-oferecidas-a-comunidade-em-2023\/\">Leia Mais&#8230;<\/a><\/p>\n","protected":false},"author":8,"featured_media":9750,"comment_status":"closed","ping_status":"closed","sticky":false,"template":"","format":"standard","meta":{"footnotes":""},"categories":[3,11],"tags":[],"class_list":["post-9747","post","type-post","status-publish","format-standard","has-post-thumbnail","hentry","category-noticias","category-noticias-destaque-img"],"jetpack_featured_media_url":"https:\/\/centros.uepb.edu.br\/ccbsa\/files\/2023\/04\/Design-sem-nome-2-1.png","_links":{"self":[{"href":"https:\/\/centros.uepb.edu.br\/ccbsa\/wp-json\/wp\/v2\/posts\/9747","targetHints":{"allow":["GET"]}}],"collection":[{"href":"https:\/\/centros.uepb.edu.br\/ccbsa\/wp-json\/wp\/v2\/posts"}],"about":[{"href":"https:\/\/centros.uepb.edu.br\/ccbsa\/wp-json\/wp\/v2\/types\/post"}],"author":[{"embeddable":true,"href":"https:\/\/centros.uepb.edu.br\/ccbsa\/wp-json\/wp\/v2\/users\/8"}],"replies":[{"embeddable":true,"href":"https:\/\/centros.uepb.edu.br\/ccbsa\/wp-json\/wp\/v2\/comments?post=9747"}],"version-history":[{"count":0,"href":"https:\/\/centros.uepb.edu.br\/ccbsa\/wp-json\/wp\/v2\/posts\/9747\/revisions"}],"wp:featuredmedia":[{"embeddable":true,"href":"https:\/\/centros.uepb.edu.br\/ccbsa\/wp-json\/wp\/v2\/media\/9750"}],"wp:attachment":[{"href":"https:\/\/centros.uepb.edu.br\/ccbsa\/wp-json\/wp\/v2\/media?parent=9747"}],"wp:term":[{"taxonomy":"category","embeddable":true,"href":"https:\/\/centros.uepb.edu.br\/ccbsa\/wp-json\/wp\/v2\/categories?post=9747"},{"taxonomy":"post_tag","embeddable":true,"href":"https:\/\/centros.uepb.edu.br\/ccbsa\/wp-json\/wp\/v2\/tags?post=9747"}],"curies":[{"name":"wp","href":"https:\/\/api.w.org\/{rel}","templated":true}]}}