{"id":9733,"date":"2023-04-14T11:53:01","date_gmt":"2023-04-14T11:53:01","guid":{"rendered":"https:\/\/centros.uepb.edu.br\/ccbsa\/?p=9733"},"modified":"2023-04-17T11:54:04","modified_gmt":"2023-04-17T11:54:04","slug":"estudantes-do-curso-de-arquivologia-do-campus-v-participam-de-oficina-de-classificacao-de-documentos","status":"publish","type":"post","link":"https:\/\/centros.uepb.edu.br\/ccbsa\/estudantes-do-curso-de-arquivologia-do-campus-v-participam-de-oficina-de-classificacao-de-documentos\/","title":{"rendered":"Estudantes do curso de arquivologia do C\u00e2mpus V participam de oficina de classifica\u00e7\u00e3o de documentos"},"content":{"rendered":"<p><a href=\"https:\/\/centros.uepb.edu.br\/ccbsa\/files\/2023\/04\/IMG_7727.jpg\"><img loading=\"lazy\" decoding=\"async\" class=\"aligncenter size-full wp-image-9734 img-responsive\" src=\"https:\/\/centros.uepb.edu.br\/ccbsa\/files\/2023\/04\/IMG_7727.jpg\" alt=\"\" width=\"1200\" height=\"680\" srcset=\"https:\/\/centros.uepb.edu.br\/ccbsa\/files\/2023\/04\/IMG_7727.jpg 1200w, https:\/\/centros.uepb.edu.br\/ccbsa\/files\/2023\/04\/IMG_7727-300x170.jpg 300w, https:\/\/centros.uepb.edu.br\/ccbsa\/files\/2023\/04\/IMG_7727-1120x635.jpg 1120w\" sizes=\"auto, (max-width: 1200px) 100vw, 1200px\" \/><\/a><\/p>\n<p>Com o objetivo de oferecer aos estudantes do curso de Arquivologia da Universidade Estadual da Para\u00edba (UEPB) novos olhares sobre as t\u00e9cnicas e processos de gest\u00e3o documental, foi realizada, nos dias 11 e 12 de abril, a oficina &#8220;Classifica\u00e7\u00e3o de documentos arquiv\u00edsticos: das bases filos\u00f3ficas \u00e0 elabora\u00e7\u00e3o do instrumento&#8221;.<\/p>\n<p>A atividade foi ministrada pela professora da Universidade Federal da Para\u00edba (UFPB) Julianne Teixeira, que \u00e9 doutora em Ci\u00eancia da Informa\u00e7\u00e3o, foi diretora do Arquivo Central da UFPB e possui larga experi\u00eancia na \u00e1rea de gest\u00e3o documental.<\/p>\n<p>De acordo com a professora do curso de Arquivologia da UEPB Elanna Ferreira, respons\u00e1vel pela organiza\u00e7\u00e3o do evento, a atividade foi pensada, inicialmente para os alunos do componente curricular de pr\u00e1ticas de gest\u00e3o de documentos, para oportunizar o di\u00e1logo com uma profissional com um conhecimento especializado na \u00e1rea. &#8220;O objetivo dessa disciplina \u00e9 fazer com que os estudantes consigam elaborar planos de classifica\u00e7\u00e3o e tabelas de temporalidade para fazer a gest\u00e3o de documentos nas institui\u00e7\u00f5es. Ent\u00e3o, pensando na pr\u00e1tica, a atividade deve possibilitar uma simula\u00e7\u00e3o da\u00a0 classifica\u00e7\u00e3o, considerando n\u00e3o apenas o fazer t\u00e9cnicos mas, a parte intelectual do trabalho&#8221;, avalia.<\/p>\n<p>A atividade contou com o apoio da coordena\u00e7\u00e3o do curso de Arquivologia e Projeto SESA.<\/p>\n<p>Texto: Juliana Marques<\/p>\n","protected":false},"excerpt":{"rendered":"<p>Com o objetivo de oferecer aos estudantes do curso de Arquivologia da Universidade Estadual da Para\u00edba (UEPB) novos olhares sobre as t\u00e9cnicas e processos de gest\u00e3o documental, foi realizada, nos dias 11 e 12 de abril, a oficina &#8220;Classifica\u00e7\u00e3o de documentos arquiv\u00edsticos: das bases filos\u00f3ficas \u00e0 elabora\u00e7\u00e3o do instrumento&#8221;. A atividade foi ministrada pela professora <a class=\"leiamais\" href=\"https:\/\/centros.uepb.edu.br\/ccbsa\/estudantes-do-curso-de-arquivologia-do-campus-v-participam-de-oficina-de-classificacao-de-documentos\/\">Leia Mais&#8230;<\/a><\/p>\n","protected":false},"author":8,"featured_media":9734,"comment_status":"closed","ping_status":"closed","sticky":false,"template":"","format":"standard","meta":{"footnotes":""},"categories":[3,11],"tags":[],"class_list":["post-9733","post","type-post","status-publish","format-standard","has-post-thumbnail","hentry","category-noticias","category-noticias-destaque-img"],"jetpack_featured_media_url":"https:\/\/centros.uepb.edu.br\/ccbsa\/files\/2023\/04\/IMG_7727.jpg","_links":{"self":[{"href":"https:\/\/centros.uepb.edu.br\/ccbsa\/wp-json\/wp\/v2\/posts\/9733","targetHints":{"allow":["GET"]}}],"collection":[{"href":"https:\/\/centros.uepb.edu.br\/ccbsa\/wp-json\/wp\/v2\/posts"}],"about":[{"href":"https:\/\/centros.uepb.edu.br\/ccbsa\/wp-json\/wp\/v2\/types\/post"}],"author":[{"embeddable":true,"href":"https:\/\/centros.uepb.edu.br\/ccbsa\/wp-json\/wp\/v2\/users\/8"}],"replies":[{"embeddable":true,"href":"https:\/\/centros.uepb.edu.br\/ccbsa\/wp-json\/wp\/v2\/comments?post=9733"}],"version-history":[{"count":0,"href":"https:\/\/centros.uepb.edu.br\/ccbsa\/wp-json\/wp\/v2\/posts\/9733\/revisions"}],"wp:featuredmedia":[{"embeddable":true,"href":"https:\/\/centros.uepb.edu.br\/ccbsa\/wp-json\/wp\/v2\/media\/9734"}],"wp:attachment":[{"href":"https:\/\/centros.uepb.edu.br\/ccbsa\/wp-json\/wp\/v2\/media?parent=9733"}],"wp:term":[{"taxonomy":"category","embeddable":true,"href":"https:\/\/centros.uepb.edu.br\/ccbsa\/wp-json\/wp\/v2\/categories?post=9733"},{"taxonomy":"post_tag","embeddable":true,"href":"https:\/\/centros.uepb.edu.br\/ccbsa\/wp-json\/wp\/v2\/tags?post=9733"}],"curies":[{"name":"wp","href":"https:\/\/api.w.org\/{rel}","templated":true}]}}