{"id":9723,"date":"2023-04-12T17:49:17","date_gmt":"2023-04-12T17:49:17","guid":{"rendered":"https:\/\/centros.uepb.edu.br\/ccbsa\/?p=9723"},"modified":"2023-04-12T17:49:17","modified_gmt":"2023-04-12T17:49:17","slug":"pro-reitorias-de-gestao-administrativa-e-de-planejamento-realizam-reuniao-com-membros-do-conselho-de-centro","status":"publish","type":"post","link":"https:\/\/centros.uepb.edu.br\/ccbsa\/pro-reitorias-de-gestao-administrativa-e-de-planejamento-realizam-reuniao-com-membros-do-conselho-de-centro\/","title":{"rendered":"Pro-reitorias de gest\u00e3o administrativa e de planejamento realizam reuni\u00e3o com membros do Conselho de Centro"},"content":{"rendered":"<p><a href=\"https:\/\/centros.uepb.edu.br\/ccbsa\/files\/2023\/04\/IMG_7739.jpg\"><img loading=\"lazy\" decoding=\"async\" class=\"aligncenter size-full wp-image-9724 img-responsive\" src=\"https:\/\/centros.uepb.edu.br\/ccbsa\/files\/2023\/04\/IMG_7739.jpg\" alt=\"\" width=\"1200\" height=\"680\" srcset=\"https:\/\/centros.uepb.edu.br\/ccbsa\/files\/2023\/04\/IMG_7739.jpg 1200w, https:\/\/centros.uepb.edu.br\/ccbsa\/files\/2023\/04\/IMG_7739-300x170.jpg 300w, https:\/\/centros.uepb.edu.br\/ccbsa\/files\/2023\/04\/IMG_7739-1120x635.jpg 1120w\" sizes=\"auto, (max-width: 1200px) 100vw, 1200px\" \/><\/a><\/p>\n<p>Com o objetivo de dialogar sobre demandas, repassar informes e orientar sobre procedimentos a serem adotados, a Pro-Reitoria de Gest\u00e3o Administrativa e de Planejamento da Universidade Estadual da Para\u00edba (UEPB) realizaram, na tarde desta ter\u00e7a-feira (11), uma reuni\u00e3o com os membros do Conselho do Centro de Ci\u00eancias Biol\u00f3gicas e Sociais Aplicadas (CCBSA).<\/p>\n<p>Participaram da reuni\u00e3o a pr\u00f3-reitora de planejamento, Pollyana Xavier; o pr\u00f3-reitor de gest\u00e3o administrativa, Ricardo Soares; o pr\u00f3-reitor adjunto de planejamento, Ivan Barbosa; a diretora do CCBSA, professora Martha Simone; a diretora adjunta do CCBSA, Jacqueline Barrancos; as coordenadoras dos cursos de gradua\u00e7\u00e3o em Arquivologia, Ci\u00eancias Biol\u00f3gicas, p\u00f3s gradua\u00e7\u00e3o em Sa\u00fade P\u00fablica e Rela\u00e7\u00f5es Internacionais, respectivamente, professora Eliete Correia dos Santos, professora Brigida Lucena, Silvana Santos e Cristina Pacheco; e os t\u00e9cnicos administrativos Rafael Melo e Rodolfo Fran\u00e7a.<\/p>\n<p>Na oportunidade, a pr\u00f3-reitora de planejamento Pollyana Fran\u00e7a, apresentou detalhes relacionados ao or\u00e7amento da UEPB, realizou uma presta\u00e7\u00e3o de contas e refor\u00e7ou a import\u00e2ncia da avalia\u00e7\u00e3o do PDI 2022-2025.<\/p>\n<p>O pr\u00f3-reitor de gest\u00e3o administrativa, Ricardo Soares, orientou sobre o Plano Anual de Contrata\u00e7\u00e3o relacionado \u00e0 nova Lei de Licita\u00e7\u00e3o (14.133\/2021), a minuta de cria\u00e7\u00e3o de almoxarifados setoriais e os procedimentos para o encaminhamento de novos pedidos ao referido setor.<\/p>\n","protected":false},"excerpt":{"rendered":"<p>Com o objetivo de dialogar sobre demandas, repassar informes e orientar sobre procedimentos a serem adotados, a Pro-Reitoria de Gest\u00e3o Administrativa e de Planejamento da Universidade Estadual da Para\u00edba (UEPB) realizaram, na tarde desta ter\u00e7a-feira (11), uma reuni\u00e3o com os membros do Conselho do Centro de Ci\u00eancias Biol\u00f3gicas e Sociais Aplicadas (CCBSA). Participaram da reuni\u00e3o <a class=\"leiamais\" href=\"https:\/\/centros.uepb.edu.br\/ccbsa\/pro-reitorias-de-gestao-administrativa-e-de-planejamento-realizam-reuniao-com-membros-do-conselho-de-centro\/\">Leia Mais&#8230;<\/a><\/p>\n","protected":false},"author":8,"featured_media":9724,"comment_status":"closed","ping_status":"closed","sticky":false,"template":"","format":"standard","meta":{"footnotes":""},"categories":[3,11],"tags":[],"class_list":["post-9723","post","type-post","status-publish","format-standard","has-post-thumbnail","hentry","category-noticias","category-noticias-destaque-img"],"jetpack_featured_media_url":"https:\/\/centros.uepb.edu.br\/ccbsa\/files\/2023\/04\/IMG_7739.jpg","_links":{"self":[{"href":"https:\/\/centros.uepb.edu.br\/ccbsa\/wp-json\/wp\/v2\/posts\/9723","targetHints":{"allow":["GET"]}}],"collection":[{"href":"https:\/\/centros.uepb.edu.br\/ccbsa\/wp-json\/wp\/v2\/posts"}],"about":[{"href":"https:\/\/centros.uepb.edu.br\/ccbsa\/wp-json\/wp\/v2\/types\/post"}],"author":[{"embeddable":true,"href":"https:\/\/centros.uepb.edu.br\/ccbsa\/wp-json\/wp\/v2\/users\/8"}],"replies":[{"embeddable":true,"href":"https:\/\/centros.uepb.edu.br\/ccbsa\/wp-json\/wp\/v2\/comments?post=9723"}],"version-history":[{"count":0,"href":"https:\/\/centros.uepb.edu.br\/ccbsa\/wp-json\/wp\/v2\/posts\/9723\/revisions"}],"wp:featuredmedia":[{"embeddable":true,"href":"https:\/\/centros.uepb.edu.br\/ccbsa\/wp-json\/wp\/v2\/media\/9724"}],"wp:attachment":[{"href":"https:\/\/centros.uepb.edu.br\/ccbsa\/wp-json\/wp\/v2\/media?parent=9723"}],"wp:term":[{"taxonomy":"category","embeddable":true,"href":"https:\/\/centros.uepb.edu.br\/ccbsa\/wp-json\/wp\/v2\/categories?post=9723"},{"taxonomy":"post_tag","embeddable":true,"href":"https:\/\/centros.uepb.edu.br\/ccbsa\/wp-json\/wp\/v2\/tags?post=9723"}],"curies":[{"name":"wp","href":"https:\/\/api.w.org\/{rel}","templated":true}]}}