{"id":9714,"date":"2023-04-10T18:04:37","date_gmt":"2023-04-10T18:04:37","guid":{"rendered":"https:\/\/centros.uepb.edu.br\/ccbsa\/?p=9714"},"modified":"2023-04-10T18:04:37","modified_gmt":"2023-04-10T18:04:37","slug":"empresa-junior-de-relacoes-internacionais-promove-cafe-diplomatico-com-vice-consul-do-paraguai","status":"publish","type":"post","link":"https:\/\/centros.uepb.edu.br\/ccbsa\/empresa-junior-de-relacoes-internacionais-promove-cafe-diplomatico-com-vice-consul-do-paraguai\/","title":{"rendered":"Empresa J\u00fanior de Rela\u00e7\u00f5es Internacionais promove caf\u00e9 diplom\u00e1tico com vice-c\u00f4nsul do Paraguai"},"content":{"rendered":"\n\t\t<style type=\"text\/css\">\n\t\t\t#gallery-1 {\n\t\t\t\tmargin: auto;\n\t\t\t}\n\t\t\t#gallery-1 .gallery-item {\n\t\t\t\tfloat: left;\n\t\t\t\tmargin-top: 10px;\n\t\t\t\ttext-align: center;\n\t\t\t\twidth: 33%;\n\t\t\t}\n\t\t\t#gallery-1 img {\n\t\t\t\tborder: 2px solid #cfcfcf;\n\t\t\t}\n\t\t\t#gallery-1 .gallery-caption {\n\t\t\t\tmargin-left: 0;\n\t\t\t}\n\t\t\t\/* see gallery_shortcode() in wp-includes\/media.php *\/\n\t\t<\/style>\n\t\t<div id='gallery-1' class='gallery galleryid-9714 gallery-columns-3 gallery-size-full'><dl class='gallery-item'>\n\t\t\t<dt class='gallery-icon landscape'>\n\t\t\t\t<a href='https:\/\/centros.uepb.edu.br\/ccbsa\/files\/2023\/04\/IMG_7722.jpg'><img loading=\"lazy\" decoding=\"async\" width=\"1200\" height=\"680\" src=\"https:\/\/centros.uepb.edu.br\/ccbsa\/files\/2023\/04\/IMG_7722.jpg\" class=\"attachment-full size-full\" alt=\"\" srcset=\"https:\/\/centros.uepb.edu.br\/ccbsa\/files\/2023\/04\/IMG_7722.jpg 1200w, https:\/\/centros.uepb.edu.br\/ccbsa\/files\/2023\/04\/IMG_7722-300x170.jpg 300w, https:\/\/centros.uepb.edu.br\/ccbsa\/files\/2023\/04\/IMG_7722-1120x635.jpg 1120w\" sizes=\"auto, (max-width: 1200px) 100vw, 1200px\" \/><\/a>\n\t\t\t<\/dt><\/dl><dl class='gallery-item'>\n\t\t\t<dt class='gallery-icon landscape'>\n\t\t\t\t<a href='https:\/\/centros.uepb.edu.br\/ccbsa\/files\/2023\/04\/VICE-CONSUL.jpg'><img loading=\"lazy\" decoding=\"async\" width=\"1200\" height=\"776\" src=\"https:\/\/centros.uepb.edu.br\/ccbsa\/files\/2023\/04\/VICE-CONSUL.jpg\" class=\"attachment-full size-full\" alt=\"\" srcset=\"https:\/\/centros.uepb.edu.br\/ccbsa\/files\/2023\/04\/VICE-CONSUL.jpg 1200w, https:\/\/centros.uepb.edu.br\/ccbsa\/files\/2023\/04\/VICE-CONSUL-300x194.jpg 300w, https:\/\/centros.uepb.edu.br\/ccbsa\/files\/2023\/04\/VICE-CONSUL-1120x724.jpg 1120w\" sizes=\"auto, (max-width: 1200px) 100vw, 1200px\" \/><\/a>\n\t\t\t<\/dt><\/dl>\n\t\t\t<br style='clear: both' \/>\n\t\t<\/div>\n\n<p>Uma oportunidade de proporcionar o di\u00e1logo sobre a carreira na diplomacia e inspirar jovens estudantes, essa \u00e9 a perspectiva que inspirou a realiza\u00e7\u00e3o do Caf\u00e9 Diplom\u00e1tico, promovido pela Eleven Jr, Empresa J\u00fanior de Rela\u00e7\u00f5es Internacionais da Universidade Estadual da Para\u00edba (UEPB), na tarde desta segunda-feira (10), no audit\u00f3rio do C\u00e2mpus V, com a presen\u00e7a do vice-c\u00f4nsul do Paraguai Henrique Jenn\u00e9.<\/p>\n<p>Al\u00e9m do vice-c\u00f4nsul, participaram da mesa de di\u00e1logo a coordenadora do Bacharelado em Rela\u00e7\u00f5es Internacionais, professora Lu\u00edza Rosa de Lima; a presidente executiva da Eleven Jr, Dyovana Lucena e o docente do curso de Rela\u00e7\u00f5es Internacionais Andr\u00e9 Pini.<\/p>\n<p>De acordo com a diretora de marketing da Eleven Jr, a estudante do 6\u00ba per\u00edodo de Rela\u00e7\u00f5es Internacionais Alessandra Franca, a realiza\u00e7\u00e3o deste evento foi possibilitada gra\u00e7as aos contatos com ex-membros da Empresa Jr e a partir da vontade de promover eventos que possibilitassem a difus\u00e3o de conhecimento sobre tem\u00e1ticas relevantes na \u00e1rea de Rela\u00e7\u00f5es Internacionais. \u201cPoucos paraibanos est\u00e3o na diplomacia, n\u00e3o s\u00f3 porque \u00e9 dif\u00edcil, mas, porque faltam oportunidades. Ent\u00e3o, quando surgiu a possibilidade da participa\u00e7\u00e3o do Henrique Jenn\u00e9, que tem uma carreira extensa, com atua\u00e7\u00e3o em pa\u00edses marcados por conflitos, e que j\u00e1 foi condecorado, pensamos que esse bate papo poderia inspirar os estudantes de RI a seguir esse campo de atua\u00e7\u00e3o\u201d, avaliou.<\/p>\n<p>Com mais de 40 anos de carreira como diplomata o vice-c\u00f4nsul Henrique Jenn\u00e9 atuou na embaixada de pa\u00edses como S\u00e3o Salvador, Kuala Lampur, Kuaite, Cingapura, Los Angeles, Roterd\u00e3 e Amsterd\u00e3, dentre outros. Durante a mesa de di\u00e1logo com os estudantes o diplomata apresentou algumas perspectivas de carreira na diplomacia, a import\u00e2ncia do conhecimento em diversos idiomas para a consolida\u00e7\u00e3o nesse campo de atua\u00e7\u00e3o e as possibilidades para serem exploradas.<\/p>\n<p><em><strong>Texto e fotos:<\/strong> Juliana Marques<\/em><\/p>\n<p>&nbsp;<\/p>\n","protected":false},"excerpt":{"rendered":"<p>Uma oportunidade de proporcionar o di\u00e1logo sobre a carreira na diplomacia e inspirar jovens estudantes, essa \u00e9 a perspectiva que inspirou a realiza\u00e7\u00e3o do Caf\u00e9 Diplom\u00e1tico, promovido pela Eleven Jr, Empresa J\u00fanior de Rela\u00e7\u00f5es Internacionais da Universidade Estadual da Para\u00edba (UEPB), na tarde desta segunda-feira (10), no audit\u00f3rio do C\u00e2mpus V, com a presen\u00e7a do <a class=\"leiamais\" href=\"https:\/\/centros.uepb.edu.br\/ccbsa\/empresa-junior-de-relacoes-internacionais-promove-cafe-diplomatico-com-vice-consul-do-paraguai\/\">Leia Mais&#8230;<\/a><\/p>\n","protected":false},"author":8,"featured_media":9715,"comment_status":"closed","ping_status":"closed","sticky":false,"template":"","format":"standard","meta":{"footnotes":""},"categories":[3,11],"tags":[],"class_list":["post-9714","post","type-post","status-publish","format-standard","has-post-thumbnail","hentry","category-noticias","category-noticias-destaque-img"],"jetpack_featured_media_url":"https:\/\/centros.uepb.edu.br\/ccbsa\/files\/2023\/04\/IMG_7722.jpg","_links":{"self":[{"href":"https:\/\/centros.uepb.edu.br\/ccbsa\/wp-json\/wp\/v2\/posts\/9714","targetHints":{"allow":["GET"]}}],"collection":[{"href":"https:\/\/centros.uepb.edu.br\/ccbsa\/wp-json\/wp\/v2\/posts"}],"about":[{"href":"https:\/\/centros.uepb.edu.br\/ccbsa\/wp-json\/wp\/v2\/types\/post"}],"author":[{"embeddable":true,"href":"https:\/\/centros.uepb.edu.br\/ccbsa\/wp-json\/wp\/v2\/users\/8"}],"replies":[{"embeddable":true,"href":"https:\/\/centros.uepb.edu.br\/ccbsa\/wp-json\/wp\/v2\/comments?post=9714"}],"version-history":[{"count":0,"href":"https:\/\/centros.uepb.edu.br\/ccbsa\/wp-json\/wp\/v2\/posts\/9714\/revisions"}],"wp:featuredmedia":[{"embeddable":true,"href":"https:\/\/centros.uepb.edu.br\/ccbsa\/wp-json\/wp\/v2\/media\/9715"}],"wp:attachment":[{"href":"https:\/\/centros.uepb.edu.br\/ccbsa\/wp-json\/wp\/v2\/media?parent=9714"}],"wp:term":[{"taxonomy":"category","embeddable":true,"href":"https:\/\/centros.uepb.edu.br\/ccbsa\/wp-json\/wp\/v2\/categories?post=9714"},{"taxonomy":"post_tag","embeddable":true,"href":"https:\/\/centros.uepb.edu.br\/ccbsa\/wp-json\/wp\/v2\/tags?post=9714"}],"curies":[{"name":"wp","href":"https:\/\/api.w.org\/{rel}","templated":true}]}}