{"id":9696,"date":"2023-03-28T17:00:59","date_gmt":"2023-03-28T17:00:59","guid":{"rendered":"https:\/\/centros.uepb.edu.br\/ccbsa\/?p=9696"},"modified":"2023-03-28T17:00:59","modified_gmt":"2023-03-28T17:00:59","slug":"reitoria-da-uepb-e-direcao-do-ccbsa-dialogam-com-governo-do-estado-sobre-parcerias-na-area-de-inclusao-e-acessibilidade","status":"publish","type":"post","link":"https:\/\/centros.uepb.edu.br\/ccbsa\/reitoria-da-uepb-e-direcao-do-ccbsa-dialogam-com-governo-do-estado-sobre-parcerias-na-area-de-inclusao-e-acessibilidade\/","title":{"rendered":"Reitoria da UEPB e dire\u00e7\u00e3o do CCBSA dialogam com Governo do Estado sobre parcerias na \u00e1rea de inclus\u00e3o e acessibilidade"},"content":{"rendered":"<p><a href=\"https:\/\/centros.uepb.edu.br\/ccbsa\/files\/2023\/03\/IMG_7672.jpg\"><img loading=\"lazy\" decoding=\"async\" class=\"aligncenter size-full wp-image-9697 img-responsive\" src=\"https:\/\/centros.uepb.edu.br\/ccbsa\/files\/2023\/03\/IMG_7672.jpg\" alt=\"\" width=\"1200\" height=\"680\" srcset=\"https:\/\/centros.uepb.edu.br\/ccbsa\/files\/2023\/03\/IMG_7672.jpg 1200w, https:\/\/centros.uepb.edu.br\/ccbsa\/files\/2023\/03\/IMG_7672-300x170.jpg 300w, https:\/\/centros.uepb.edu.br\/ccbsa\/files\/2023\/03\/IMG_7672-1120x635.jpg 1120w\" sizes=\"auto, (max-width: 1200px) 100vw, 1200px\" \/><\/a><\/p>\n<p>Com o objetivo de idealizar um conv\u00eanio junto Funda\u00e7\u00e3o Casa de Jos\u00e9<br \/>\nAm\u00e9rico (FCJA) que permitir\u00e1 a cria\u00e7\u00e3o do N\u00facleo de Inclus\u00e3o, Cultura e Artes (NICA) e constru\u00e7\u00e3o de uma nova biblioteca para o Centro de Ci\u00eancias Biol\u00f3gicas e Sociais Aplicadas (CCBSA) que sediar\u00e1 o referido N\u00facleo, a reitora da Universidade Estadual da Para\u00edba (UEPB), professora C\u00e9lia Regina e a diretora do CCBSA, professora Martha Simone, estiveram reunidas nesta segunda-feira (27), com a presidente da Superintend\u00eancia de Obras do Plano de Desenvolvimento do Estado (SUPLAN), Simone Guimar\u00e3es e a gerente do Museu Casa de Jos\u00e9 Am\u00e9rico e co-gestora do Projeto Acesso Cidad\u00e3o ao Lazer, Esporte, Arte e Cultura, a professora Janete Lins Rodriguez.<\/p>\n<p>Na oportunidade, al\u00e9m de dialogar sobre os projetos e a\u00e7\u00f5es voltadas \u00e0 acessibilidade e inclus\u00e3o de pessoas com defici\u00eancia j\u00e1 em desenvolvimento na UEPB e o potencial de fortalecimento destas iniciativas a partir da implanta\u00e7\u00e3o do NICA, tamb\u00e9m foram apresentadas as demandas relacionadas \u00e0s novas instala\u00e7\u00f5es da biblioteca do CCBSA.<\/p>\n<p>De acordo com a professora C\u00e9lia Regina, o pr\u00f3ximo passo ser\u00e1 o encaminhamento dos tr\u00e2mites para o conv\u00eanio entre UEPB e Funda\u00e7\u00e3o Casa de Jos\u00e9 Am\u00e9rico (FCJA), para a posterior cria\u00e7\u00e3o do NICA e, a partir disso, serem realizadas as delibera\u00e7\u00f5es relacionadas \u00e0 nova biblioteca que ser\u00e1 fruto dessa parceria.<\/p>\n<p>Professora Martha Simone lembra da import\u00e2ncia desta iniciativa que est\u00e1 alinhada \u00e0 perspectiva inclusiva desenvolvida na Institui\u00e7\u00e3o, e ir\u00e1 fortalecer a biblioteca setorial do CCBSA. \u201cO C\u00e2mpus V j\u00e1 empreende diversas a\u00e7\u00f5es voltadas \u00e0s pessoas com defici\u00eancia e a cria\u00e7\u00e3o do NICA possibilitar\u00e1 a amplia\u00e7\u00e3o destas iniciativas e proporcionar\u00e1 um espa\u00e7o mais adequado para atender esse p\u00fablico. Al\u00e9m disso, com a constru\u00e7\u00e3o da nova biblioteca idealizada a partir de um projeto arquitet\u00f4nico inclusivo a ser executado pela competente e diligente superintendente da SUPLAN, engenheira Simone Guimar\u00e3es e equipe, teremos um local com melhores condi\u00e7\u00f5es para todas as pessoas que fazem uso da biblioteca setorial para estudar, realizar pesquisas, todos ganham com esse conv\u00eanio. Ressalto ainda que a parceria com a Funda\u00e7\u00e3o Casa de Jos\u00e9 Am\u00e9rico, por meio da co-gestora do Projeto Acesso Cidad\u00e3o ao Lazer, Esporte, Arte e Cultura, Janete Lins foi primordial para a efetiva\u00e7\u00e3o dessa parceria\u201d, avalia.<\/p>\n<p>A professora Janete Rodriguez evidencia que a cria\u00e7\u00e3o dessa biblioteca, fruto de um conv\u00eanio a ser firmado entre a UEPB e a Funda\u00e7\u00e3o Casa de Jos\u00e9 Am\u00e9rico, possibilitar\u00e1 bons frutos a partir do olhar do Governo do Estado para as pessoas com defici\u00eancia. \u201cN\u00f3s da FCJA j\u00e1 estamos desenvolvendo desde 2011 o Projeto Acesso Cidad\u00e3o ao Lazer, Esporte, Arte e Cultura, e considerando que a leitura est\u00e1 relacionada \u00e0 melhoria nas condi\u00e7\u00f5es de qualquer cidad\u00e3o, quando tratamos de uma biblioteca acess\u00edvel que vai permitir ao cidad\u00e3o com defici\u00eancia visual, defici\u00eancia auditiva, pessoas com s\u00edndrome de down, enfim, todas as minorias que s\u00e3o atingidas por limita\u00e7\u00f5es, ter acesso a um local totalmente acess\u00edvel e concebido para atender a esse p\u00fablico, \u00e9 algo maravilhoso que ir\u00e1 enriquecer nosso projeto\u201d, avalia.<\/p>\n<p>A biblioteca do CCBSA j\u00e1 desenvolve a\u00e7\u00f5es com foco nas quest\u00f5es de inclus\u00e3o e acessibilidade, a exemplo do projeto de extens\u00e3o \u201cRede de produ\u00e7\u00e3o e adapta\u00e7\u00e3o de materiais informacionais\u201d, por meio do Sistema Integrado de Biblioteca Acess\u00edvel (SIB-ACESS\u00cdVEL), que tem por objetivo promover o acesso \u00e0 informa\u00e7\u00e3o, \u00e0 cultura com a oferta de obras em formato acess\u00edvel. A UEPB \u00e9 a \u00fanica institui\u00e7\u00e3o estadual de ensino superior a integrar a Rede Brasileira de Estudos e Conte\u00fados Adaptados (REBECA) da Universidade Federal do Rio Grande do Norte, cuja contribui\u00e7\u00e3o consiste no compartilhamento de materiais adaptados e participa\u00e7\u00e3o em grupos de trabalho ligados \u00e0 acessibilidade informacional.<\/p>\n<p>O C\u00e2mpus V tamb\u00e9m conta com a parceria na Rede de Leitura da Funda\u00e7\u00e3o Dorina Nowill, que atua na inclus\u00e3o social de pessoas com defici\u00eancia visual, e uma equipe de bibliotec\u00e1rias da Institui\u00e7\u00e3o coordena o Projeto Braillevery, desenvolvido por meio de um conv\u00eanio com a Biblioteca Juarez Gama Batista, da Funda\u00e7\u00e3o Espa\u00e7o Cultural da Para\u00edba (FUNESC), com o Servi\u00e7o de Inclus\u00e3o de Usu\u00e1rios com Defici\u00eancia (SIUD), da Biblioteca Central da UFPB , e com a Biblioteca do Instituto dos Cegos da Para\u00edba Adalgiza Cunha. Esta iniciativa permite o empr\u00e9stimo domiciliar de livros em braille para pessoas com defici\u00eancia visual.<\/p>\n<p>Texto: Juliana Marques<\/p>\n","protected":false},"excerpt":{"rendered":"<p>Com o objetivo de idealizar um conv\u00eanio junto Funda\u00e7\u00e3o Casa de Jos\u00e9 Am\u00e9rico (FCJA) que permitir\u00e1 a cria\u00e7\u00e3o do N\u00facleo de Inclus\u00e3o, Cultura e Artes (NICA) e constru\u00e7\u00e3o de uma nova biblioteca para o Centro de Ci\u00eancias Biol\u00f3gicas e Sociais Aplicadas (CCBSA) que sediar\u00e1 o referido N\u00facleo, a reitora da Universidade Estadual da Para\u00edba (UEPB), <a class=\"leiamais\" href=\"https:\/\/centros.uepb.edu.br\/ccbsa\/reitoria-da-uepb-e-direcao-do-ccbsa-dialogam-com-governo-do-estado-sobre-parcerias-na-area-de-inclusao-e-acessibilidade\/\">Leia Mais&#8230;<\/a><\/p>\n","protected":false},"author":8,"featured_media":9697,"comment_status":"closed","ping_status":"closed","sticky":false,"template":"","format":"standard","meta":{"footnotes":""},"categories":[3,11],"tags":[],"class_list":["post-9696","post","type-post","status-publish","format-standard","has-post-thumbnail","hentry","category-noticias","category-noticias-destaque-img"],"jetpack_featured_media_url":"https:\/\/centros.uepb.edu.br\/ccbsa\/files\/2023\/03\/IMG_7672.jpg","_links":{"self":[{"href":"https:\/\/centros.uepb.edu.br\/ccbsa\/wp-json\/wp\/v2\/posts\/9696","targetHints":{"allow":["GET"]}}],"collection":[{"href":"https:\/\/centros.uepb.edu.br\/ccbsa\/wp-json\/wp\/v2\/posts"}],"about":[{"href":"https:\/\/centros.uepb.edu.br\/ccbsa\/wp-json\/wp\/v2\/types\/post"}],"author":[{"embeddable":true,"href":"https:\/\/centros.uepb.edu.br\/ccbsa\/wp-json\/wp\/v2\/users\/8"}],"replies":[{"embeddable":true,"href":"https:\/\/centros.uepb.edu.br\/ccbsa\/wp-json\/wp\/v2\/comments?post=9696"}],"version-history":[{"count":0,"href":"https:\/\/centros.uepb.edu.br\/ccbsa\/wp-json\/wp\/v2\/posts\/9696\/revisions"}],"wp:featuredmedia":[{"embeddable":true,"href":"https:\/\/centros.uepb.edu.br\/ccbsa\/wp-json\/wp\/v2\/media\/9697"}],"wp:attachment":[{"href":"https:\/\/centros.uepb.edu.br\/ccbsa\/wp-json\/wp\/v2\/media?parent=9696"}],"wp:term":[{"taxonomy":"category","embeddable":true,"href":"https:\/\/centros.uepb.edu.br\/ccbsa\/wp-json\/wp\/v2\/categories?post=9696"},{"taxonomy":"post_tag","embeddable":true,"href":"https:\/\/centros.uepb.edu.br\/ccbsa\/wp-json\/wp\/v2\/tags?post=9696"}],"curies":[{"name":"wp","href":"https:\/\/api.w.org\/{rel}","templated":true}]}}