{"id":962,"date":"2013-10-02T12:56:43","date_gmt":"2013-10-02T12:56:43","guid":{"rendered":"\/ccbsa\/?p=962"},"modified":"2013-10-02T12:58:17","modified_gmt":"2013-10-02T12:58:17","slug":"gremio-estudantil-da-escola-jose-lins-do-rego-arrecada-brinquedos-para-serem-doados-para-criancas-da-associacao-pestalozzi","status":"publish","type":"post","link":"https:\/\/centros.uepb.edu.br\/ccbsa\/gremio-estudantil-da-escola-jose-lins-do-rego-arrecada-brinquedos-para-serem-doados-para-criancas-da-associacao-pestalozzi\/","title":{"rendered":"Gr\u00eamio estudantil da Escola Jos\u00e9 Lins do R\u00eago realiza campanha para arrecada\u00e7\u00e3o de brinquedos"},"content":{"rendered":"<p>O Gr\u00eamio Estudantil da Escola de ensino M\u00e9dio Jos\u00e9 Lins do R\u00eago, que integra o Campus V da Universidade Estadual da Para\u00edba, em parceria com o\u00a0Projeto de Apoio \u00e0 Express\u00e3o Juvenil \u2013 \u201cSe sabe de repente\u201d, do Governo do Estado da Para\u00edba, realiza, at\u00e9 o dia 10 de outubro, a campanha &#8220;Voc\u00ea tem demais, eles tem de menos: doe!&#8221;,\u00a0destinada \u00e0 arrecada\u00e7\u00e3o de brinquedos para serem doados a crian\u00e7as atendidas pela Associa\u00e7\u00e3o Pestalozzi da Para\u00edba, que funciona na\u00a0Avenida Ranieri Mazilli, 1732, bairro do Cristo.<\/p>\n<p>Al\u00e9m da divulga\u00e7\u00e3o em sala de aula, os estudantes montaram um stand na \u00e1rea em frente \u00e0 sala dos professores, onde os brinquedos poder\u00e3o ser deixados. S\u00e3o arrecadados brinquedos em bom estado de conserva\u00e7\u00e3o, destinados a todas as faixas et\u00e1rias. A entrega das doa\u00e7\u00f5es dever\u00e1 ocorrer no dia 12 de outubro, em hor\u00e1rio a ser definido.<\/p>\n<p><strong>Sobre a Pestalozzi<\/strong><\/p>\n<p>A Associa\u00e7\u00e3o Pestalozzi da Para\u00edba \u2013 APEP \u00e9 uma institui\u00e7\u00e3o filantr\u00f3pica, sem fins lucrativos, fundada em 28 de julho de 1977. A institui\u00e7\u00e3o oferece atendimento a pessoas com Defici\u00eancia Intelectual, Autismo, S\u00edndrome de Down, Asperger, Moebius, West, Defici\u00eancia F\u00edsica, Auditiva, Visual e M\u00faltiplas Defici\u00eancias, sem limite de idade, atrav\u00e9s da habilita\u00e7\u00e3o e\/ou reabilita\u00e7\u00e3o, esporte e cultura.<\/p>\n<p>&nbsp;<\/p>\n","protected":false},"excerpt":{"rendered":"<p>O Gr\u00eamio Estudantil da Escola de ensino M\u00e9dio Jos\u00e9 Lins do R\u00eago, que integra o Campus V da Universidade Estadual da Para\u00edba, em parceria com o\u00a0Projeto de Apoio \u00e0 Express\u00e3o Juvenil \u2013 \u201cSe sabe de repente\u201d, do Governo do Estado da Para\u00edba, realiza, at\u00e9 o dia 10 de outubro, a campanha &#8220;Voc\u00ea tem demais, eles <a class=\"leiamais\" href=\"https:\/\/centros.uepb.edu.br\/ccbsa\/gremio-estudantil-da-escola-jose-lins-do-rego-arrecada-brinquedos-para-serem-doados-para-criancas-da-associacao-pestalozzi\/\">Leia Mais&#8230;<\/a><\/p>\n","protected":false},"author":8,"featured_media":0,"comment_status":"open","ping_status":"open","sticky":false,"template":"","format":"standard","meta":{"footnotes":""},"categories":[3,5],"tags":[],"class_list":["post-962","post","type-post","status-publish","format-standard","hentry","category-noticias","category-visiveis"],"jetpack_featured_media_url":"","_links":{"self":[{"href":"https:\/\/centros.uepb.edu.br\/ccbsa\/wp-json\/wp\/v2\/posts\/962","targetHints":{"allow":["GET"]}}],"collection":[{"href":"https:\/\/centros.uepb.edu.br\/ccbsa\/wp-json\/wp\/v2\/posts"}],"about":[{"href":"https:\/\/centros.uepb.edu.br\/ccbsa\/wp-json\/wp\/v2\/types\/post"}],"author":[{"embeddable":true,"href":"https:\/\/centros.uepb.edu.br\/ccbsa\/wp-json\/wp\/v2\/users\/8"}],"replies":[{"embeddable":true,"href":"https:\/\/centros.uepb.edu.br\/ccbsa\/wp-json\/wp\/v2\/comments?post=962"}],"version-history":[{"count":0,"href":"https:\/\/centros.uepb.edu.br\/ccbsa\/wp-json\/wp\/v2\/posts\/962\/revisions"}],"wp:attachment":[{"href":"https:\/\/centros.uepb.edu.br\/ccbsa\/wp-json\/wp\/v2\/media?parent=962"}],"wp:term":[{"taxonomy":"category","embeddable":true,"href":"https:\/\/centros.uepb.edu.br\/ccbsa\/wp-json\/wp\/v2\/categories?post=962"},{"taxonomy":"post_tag","embeddable":true,"href":"https:\/\/centros.uepb.edu.br\/ccbsa\/wp-json\/wp\/v2\/tags?post=962"}],"curies":[{"name":"wp","href":"https:\/\/api.w.org\/{rel}","templated":true}]}}