{"id":9618,"date":"2023-03-09T13:25:08","date_gmt":"2023-03-09T13:25:08","guid":{"rendered":"https:\/\/centros.uepb.edu.br\/ccbsa\/?p=9618"},"modified":"2023-03-09T13:25:08","modified_gmt":"2023-03-09T13:25:08","slug":"pro-reitoria-estudantil-e-coordenadoria-de-esporte-e-lazer-realizam-visita-tecnica-ao-campus-de-joao-pessoa","status":"publish","type":"post","link":"https:\/\/centros.uepb.edu.br\/ccbsa\/pro-reitoria-estudantil-e-coordenadoria-de-esporte-e-lazer-realizam-visita-tecnica-ao-campus-de-joao-pessoa\/","title":{"rendered":"Pro-reitoria estudantil e Coordenadoria de Esporte e Lazer realizam visita t\u00e9cnica ao C\u00e2mpus de Jo\u00e3o Pessoa"},"content":{"rendered":"\n\t\t<style type=\"text\/css\">\n\t\t\t#gallery-1 {\n\t\t\t\tmargin: auto;\n\t\t\t}\n\t\t\t#gallery-1 .gallery-item {\n\t\t\t\tfloat: left;\n\t\t\t\tmargin-top: 10px;\n\t\t\t\ttext-align: center;\n\t\t\t\twidth: 33%;\n\t\t\t}\n\t\t\t#gallery-1 img {\n\t\t\t\tborder: 2px solid #cfcfcf;\n\t\t\t}\n\t\t\t#gallery-1 .gallery-caption {\n\t\t\t\tmargin-left: 0;\n\t\t\t}\n\t\t\t\/* see gallery_shortcode() in wp-includes\/media.php *\/\n\t\t<\/style>\n\t\t<div id='gallery-1' class='gallery galleryid-9618 gallery-columns-3 gallery-size-full'><dl class='gallery-item'>\n\t\t\t<dt class='gallery-icon landscape'>\n\t\t\t\t<a href='https:\/\/centros.uepb.edu.br\/ccbsa\/files\/2023\/03\/IMG_7442ok.jpg'><img loading=\"lazy\" decoding=\"async\" width=\"1200\" height=\"680\" src=\"https:\/\/centros.uepb.edu.br\/ccbsa\/files\/2023\/03\/IMG_7442ok.jpg\" class=\"attachment-full size-full\" alt=\"\" srcset=\"https:\/\/centros.uepb.edu.br\/ccbsa\/files\/2023\/03\/IMG_7442ok.jpg 1200w, https:\/\/centros.uepb.edu.br\/ccbsa\/files\/2023\/03\/IMG_7442ok-300x170.jpg 300w, https:\/\/centros.uepb.edu.br\/ccbsa\/files\/2023\/03\/IMG_7442ok-1120x635.jpg 1120w\" sizes=\"auto, (max-width: 1200px) 100vw, 1200px\" \/><\/a>\n\t\t\t<\/dt><\/dl><dl class='gallery-item'>\n\t\t\t<dt class='gallery-icon landscape'>\n\t\t\t\t<a href='https:\/\/centros.uepb.edu.br\/ccbsa\/files\/2023\/03\/IMG_7459ok.jpg'><img loading=\"lazy\" decoding=\"async\" width=\"1200\" height=\"945\" src=\"https:\/\/centros.uepb.edu.br\/ccbsa\/files\/2023\/03\/IMG_7459ok.jpg\" class=\"attachment-full size-full\" alt=\"\" srcset=\"https:\/\/centros.uepb.edu.br\/ccbsa\/files\/2023\/03\/IMG_7459ok.jpg 1200w, https:\/\/centros.uepb.edu.br\/ccbsa\/files\/2023\/03\/IMG_7459ok-300x236.jpg 300w, https:\/\/centros.uepb.edu.br\/ccbsa\/files\/2023\/03\/IMG_7459ok-1011x796.jpg 1011w\" sizes=\"auto, (max-width: 1200px) 100vw, 1200px\" \/><\/a>\n\t\t\t<\/dt><\/dl>\n\t\t\t<br style='clear: both' \/>\n\t\t<\/div>\n\n<p>Com o objetivo de verificar as condi\u00e7\u00f5es para a efetiva\u00e7\u00e3o de novas iniciativas e melhorias no \u00e2mbito do esporte e lazer destinado a estudantes do C\u00e2mpus V da Universidade Estadual da Para\u00edba (UEPB), a pro-reitora Estudantil, N\u00fabia Martins, e o coordenador de esporte e lazer da UEPB, Eug\u00eanio Eloi, estiveram presentes nesta quarta-feira (8) no Centro de Ci\u00eancias Biol\u00f3gicas e Sociais Aplicadas (CCBSA) para uma visita t\u00e9cnica.<\/p>\n<p>Al\u00e9m da pro-reitora e do coordenador de esporte e lazer da UEPB, tamb\u00e9m estiveram presentes o deputado estadual Michel Henrique, o professor de Jiu-J\u00edtsu Nauber Brilhante, que desenvolve atividades no c\u00e2mpus de Guarabira vinculadas ao Projeto Esporte e Lazer para todos da COEL, e assessores do referido deputado e do CCBSA.<\/p>\n<p>A diretora do CCBSA, professora Martha Simone Amorim, destaca a import\u00e2ncia destas parcerias para a implementa\u00e7\u00e3o de melhorias no C\u00e2mpus V. \u201cParabenizo a Pro-reitoria Estudantil pela iniciativa e evidencio que estamos \u00e0 disposi\u00e7\u00e3o para a efetiva\u00e7\u00e3o de a\u00e7\u00f5es que possam trazer contribui\u00e7\u00f5es efetivas para a nossa comunidade, sobretudo na \u00e1rea de esporte e lazer\u201d, avalia.<\/p>\n<p>Na ocasi\u00e3o, al\u00e9m da equipe da PROEST ter realizado a entrega de alguns equipamentos para a utiliza\u00e7\u00e3o de estudantes nas pr\u00e1ticas esportivas no C\u00e2mpus V, a comitiva p\u00f4de alinhar parcerias visando a capta\u00e7\u00e3o de recursos por meio de emenda impositiva para a reforma da quadra e melhorias nas instala\u00e7\u00f5es destinadas \u00e0 comunidade do CCBSA e \u00e0 popula\u00e7\u00e3o do entorno que tamb\u00e9m usufrui destes espa\u00e7os.<\/p>\n<p><em><strong>Texto:<\/strong> Juliana Marques<\/em><\/p>\n","protected":false},"excerpt":{"rendered":"<p>Com o objetivo de verificar as condi\u00e7\u00f5es para a efetiva\u00e7\u00e3o de novas iniciativas e melhorias no \u00e2mbito do esporte e lazer destinado a estudantes do C\u00e2mpus V da Universidade Estadual da Para\u00edba (UEPB), a pro-reitora Estudantil, N\u00fabia Martins, e o coordenador de esporte e lazer da UEPB, Eug\u00eanio Eloi, estiveram presentes nesta quarta-feira (8) no <a class=\"leiamais\" href=\"https:\/\/centros.uepb.edu.br\/ccbsa\/pro-reitoria-estudantil-e-coordenadoria-de-esporte-e-lazer-realizam-visita-tecnica-ao-campus-de-joao-pessoa\/\">Leia Mais&#8230;<\/a><\/p>\n","protected":false},"author":8,"featured_media":9619,"comment_status":"closed","ping_status":"closed","sticky":false,"template":"","format":"standard","meta":{"footnotes":""},"categories":[3,11],"tags":[],"class_list":["post-9618","post","type-post","status-publish","format-standard","has-post-thumbnail","hentry","category-noticias","category-noticias-destaque-img"],"jetpack_featured_media_url":"https:\/\/centros.uepb.edu.br\/ccbsa\/files\/2023\/03\/IMG_7442ok.jpg","_links":{"self":[{"href":"https:\/\/centros.uepb.edu.br\/ccbsa\/wp-json\/wp\/v2\/posts\/9618","targetHints":{"allow":["GET"]}}],"collection":[{"href":"https:\/\/centros.uepb.edu.br\/ccbsa\/wp-json\/wp\/v2\/posts"}],"about":[{"href":"https:\/\/centros.uepb.edu.br\/ccbsa\/wp-json\/wp\/v2\/types\/post"}],"author":[{"embeddable":true,"href":"https:\/\/centros.uepb.edu.br\/ccbsa\/wp-json\/wp\/v2\/users\/8"}],"replies":[{"embeddable":true,"href":"https:\/\/centros.uepb.edu.br\/ccbsa\/wp-json\/wp\/v2\/comments?post=9618"}],"version-history":[{"count":0,"href":"https:\/\/centros.uepb.edu.br\/ccbsa\/wp-json\/wp\/v2\/posts\/9618\/revisions"}],"wp:featuredmedia":[{"embeddable":true,"href":"https:\/\/centros.uepb.edu.br\/ccbsa\/wp-json\/wp\/v2\/media\/9619"}],"wp:attachment":[{"href":"https:\/\/centros.uepb.edu.br\/ccbsa\/wp-json\/wp\/v2\/media?parent=9618"}],"wp:term":[{"taxonomy":"category","embeddable":true,"href":"https:\/\/centros.uepb.edu.br\/ccbsa\/wp-json\/wp\/v2\/categories?post=9618"},{"taxonomy":"post_tag","embeddable":true,"href":"https:\/\/centros.uepb.edu.br\/ccbsa\/wp-json\/wp\/v2\/tags?post=9618"}],"curies":[{"name":"wp","href":"https:\/\/api.w.org\/{rel}","templated":true}]}}