{"id":9584,"date":"2023-03-01T16:19:08","date_gmt":"2023-03-01T16:19:08","guid":{"rendered":"https:\/\/centros.uepb.edu.br\/ccbsa\/?p=9584"},"modified":"2023-03-06T11:37:46","modified_gmt":"2023-03-06T11:37:46","slug":"cursos-do-ccbsa-oferecem-127-vagas-para-monitoria-para-o-periodo-2023-1","status":"publish","type":"post","link":"https:\/\/centros.uepb.edu.br\/ccbsa\/cursos-do-ccbsa-oferecem-127-vagas-para-monitoria-para-o-periodo-2023-1\/","title":{"rendered":"Cursos do CCBSA oferecem 126 vagas para monitoria para o per\u00edodo 2023.1"},"content":{"rendered":"<p><a href=\"https:\/\/centros.uepb.edu.br\/ccbsa\/files\/2023\/03\/MONITORIA.png\"><img loading=\"lazy\" decoding=\"async\" class=\"aligncenter size-full wp-image-9592 img-responsive\" src=\"https:\/\/centros.uepb.edu.br\/ccbsa\/files\/2023\/03\/MONITORIA.png\" alt=\"\" width=\"1200\" height=\"680\" srcset=\"https:\/\/centros.uepb.edu.br\/ccbsa\/files\/2023\/03\/MONITORIA.png 1200w, https:\/\/centros.uepb.edu.br\/ccbsa\/files\/2023\/03\/MONITORIA-300x170.png 300w, https:\/\/centros.uepb.edu.br\/ccbsa\/files\/2023\/03\/MONITORIA-1120x635.png 1120w\" sizes=\"auto, (max-width: 1200px) 100vw, 1200px\" \/><\/a><\/p>\n<p>A Pr\u00f3-Reitoria de Gradua\u00e7\u00e3o (PROGRAD) da Universidade Estadual da Para\u00edba (UEPB) tornou p\u00fablico o edital referente ao processo seletivo destinado ao preenchimento de 126 vagas para monitoria dos cursos de gradua\u00e7\u00e3o em Arquivologia, Licenciatura e Bacharelado em Ci\u00eancias Biol\u00f3gicas e Rela\u00e7\u00f5es Internacionais do semestre letivo 2023\/1. Os estudantes interessados em participar da sele\u00e7\u00e3o podem se inscrever entre os dias 6 e 10 de mar\u00e7o na coordena\u00e7\u00e3o do curso.<\/p>\n<p>Est\u00e3o sendo ofertadas 10 vagas para monitoria em componentes curriculares de Arquivologia (diurno e noturno), 23 vagas para o bacharelado em Ci\u00eancias Biol\u00f3gicas (integral), 10 vagas para a licenciatura em Ci\u00eancias Biol\u00f3gicas (noturno) e 83 vagas para Rela\u00e7\u00f5es Internacionais (diurno e noturno).<\/p>\n<p>S\u00f3 poder\u00e1 participar o estudante que j\u00e1 tenha cursado o componente ofertado e obtido m\u00e9dio igual ou superior a 7,0, possuir CRA igual ou superior a 7,0 e n\u00e3o ter mais de tr\u00eas reprova\u00e7\u00f5es em seu hist\u00f3rico acad\u00eamico.<\/p>\n<p>S\u00e3o atribui\u00e7\u00f5es do monitor auxiliar o docente em tarefas pedag\u00f3gicas e cient\u00edficas, bem como na prepara\u00e7\u00e3o de aulas, elabora\u00e7\u00e3o de trabalhos did\u00e1ticos e atendimento a estudantes, em trabalhos pr\u00e1ticos e experimentais realizados presencialmente ou por meio das plataformas digitais e virtuais, como tamb\u00e9m ajudar e orientar os estudantes em seus estudos e trabalhos te\u00f3ricos e pr\u00e1ticos, entre outros.<\/p>\n<p>Todas as informa\u00e7\u00f5es sobre o processo seletivo constam nos documentos abaixo:<\/p>\n<p><a href=\"https:\/\/centros.uepb.edu.br\/ccbsa\/download\/edital-monitoria-2023-1\/\">Edital do programa de monitoria do per\u00edodo letivo 2023.1<\/a><br \/>\n<a href=\"https:\/\/centros.uepb.edu.br\/ccbsa\/download\/ficha-de-inscricao-monitoria-2023-1\/\">Ficha de inscri\u00e7\u00e3o 2023.2<\/a><br \/>\n<a href=\"https:\/\/centros.uepb.edu.br\/ccbsa\/download\/monitoria-arquivologia-2023-1\/\">Quadro de vagas Arquivologia<\/a><br \/>\nQuadro de vagas Ci\u00eancias Biol\u00f3gicas <a href=\"https:\/\/centros.uepb.edu.br\/ccbsa\/download\/monitoria-c-biologicas-licenciatura-2023-1\/\">Licenciatura<\/a> e <a href=\"https:\/\/centros.uepb.edu.br\/ccbsa\/download\/monitoria-c-biologicas-bacharelado-2023-1\/\">Bacharelado<\/a>.<br \/>\n<a href=\"https:\/\/centros.uepb.edu.br\/ccbsa\/download\/monitoria-ri-2023-1-retificado\/\">Edital de Rela\u00e7\u00f5es Internacionais<\/a><\/p>\n","protected":false},"excerpt":{"rendered":"<p>A Pr\u00f3-Reitoria de Gradua\u00e7\u00e3o (PROGRAD) da Universidade Estadual da Para\u00edba (UEPB) tornou p\u00fablico o edital referente ao processo seletivo destinado ao preenchimento de 126 vagas para monitoria dos cursos de gradua\u00e7\u00e3o em Arquivologia, Licenciatura e Bacharelado em Ci\u00eancias Biol\u00f3gicas e Rela\u00e7\u00f5es Internacionais do semestre letivo 2023\/1. Os estudantes interessados em participar da sele\u00e7\u00e3o podem se <a class=\"leiamais\" href=\"https:\/\/centros.uepb.edu.br\/ccbsa\/cursos-do-ccbsa-oferecem-127-vagas-para-monitoria-para-o-periodo-2023-1\/\">Leia Mais&#8230;<\/a><\/p>\n","protected":false},"author":8,"featured_media":9592,"comment_status":"closed","ping_status":"closed","sticky":false,"template":"","format":"standard","meta":{"footnotes":""},"categories":[3,11],"tags":[],"class_list":["post-9584","post","type-post","status-publish","format-standard","has-post-thumbnail","hentry","category-noticias","category-noticias-destaque-img"],"jetpack_featured_media_url":"https:\/\/centros.uepb.edu.br\/ccbsa\/files\/2023\/03\/MONITORIA.png","_links":{"self":[{"href":"https:\/\/centros.uepb.edu.br\/ccbsa\/wp-json\/wp\/v2\/posts\/9584","targetHints":{"allow":["GET"]}}],"collection":[{"href":"https:\/\/centros.uepb.edu.br\/ccbsa\/wp-json\/wp\/v2\/posts"}],"about":[{"href":"https:\/\/centros.uepb.edu.br\/ccbsa\/wp-json\/wp\/v2\/types\/post"}],"author":[{"embeddable":true,"href":"https:\/\/centros.uepb.edu.br\/ccbsa\/wp-json\/wp\/v2\/users\/8"}],"replies":[{"embeddable":true,"href":"https:\/\/centros.uepb.edu.br\/ccbsa\/wp-json\/wp\/v2\/comments?post=9584"}],"version-history":[{"count":0,"href":"https:\/\/centros.uepb.edu.br\/ccbsa\/wp-json\/wp\/v2\/posts\/9584\/revisions"}],"wp:featuredmedia":[{"embeddable":true,"href":"https:\/\/centros.uepb.edu.br\/ccbsa\/wp-json\/wp\/v2\/media\/9592"}],"wp:attachment":[{"href":"https:\/\/centros.uepb.edu.br\/ccbsa\/wp-json\/wp\/v2\/media?parent=9584"}],"wp:term":[{"taxonomy":"category","embeddable":true,"href":"https:\/\/centros.uepb.edu.br\/ccbsa\/wp-json\/wp\/v2\/categories?post=9584"},{"taxonomy":"post_tag","embeddable":true,"href":"https:\/\/centros.uepb.edu.br\/ccbsa\/wp-json\/wp\/v2\/tags?post=9584"}],"curies":[{"name":"wp","href":"https:\/\/api.w.org\/{rel}","templated":true}]}}