{"id":9570,"date":"2023-02-13T18:30:16","date_gmt":"2023-02-13T18:30:16","guid":{"rendered":"https:\/\/centros.uepb.edu.br\/ccbsa\/?p=9570"},"modified":"2023-02-13T18:30:16","modified_gmt":"2023-02-13T18:30:16","slug":"nucleo-de-linguas-realiza-matriculas-e-divulga-3a-semana-de-linguas-estrangeiras-voltada-a-estudantes-da-comunidade-academica","status":"publish","type":"post","link":"https:\/\/centros.uepb.edu.br\/ccbsa\/nucleo-de-linguas-realiza-matriculas-e-divulga-3a-semana-de-linguas-estrangeiras-voltada-a-estudantes-da-comunidade-academica\/","title":{"rendered":"N\u00facleo de l\u00ednguas realiza matr\u00edculas e divulga 3\u00aa Semana de L\u00ednguas Estrangeiras voltada a estudantes da comunidade acad\u00eamica"},"content":{"rendered":"<p><a href=\"https:\/\/centros.uepb.edu.br\/ccbsa\/files\/2023\/02\/REUNIAO-NUCLEO.jpg\"><img loading=\"lazy\" decoding=\"async\" class=\"aligncenter size-full wp-image-9572 img-responsive\" src=\"https:\/\/centros.uepb.edu.br\/ccbsa\/files\/2023\/02\/REUNIAO-NUCLEO.jpg\" alt=\"\" width=\"1279\" height=\"895\" srcset=\"https:\/\/centros.uepb.edu.br\/ccbsa\/files\/2023\/02\/REUNIAO-NUCLEO.jpg 1279w, https:\/\/centros.uepb.edu.br\/ccbsa\/files\/2023\/02\/REUNIAO-NUCLEO-300x210.jpg 300w, https:\/\/centros.uepb.edu.br\/ccbsa\/files\/2023\/02\/REUNIAO-NUCLEO-1120x784.jpg 1120w\" sizes=\"auto, (max-width: 1279px) 100vw, 1279px\" \/><\/a><\/p>\n<p>Ap\u00f3s uma reuni\u00e3o com a participa\u00e7\u00e3o das diretoras em exerc\u00edcio do c\u00e2mpus V da Universidade Estadual da Para\u00edba (UEPB) e a equipe do N\u00facleo de L\u00ednguas do CCBSA, foram encaminhadas diversas pautas relacionadas \u00e0s demandas do setor.<\/p>\n<p>Na oportunidade, a coordenadora e coordenadora adjunta, respectivamente, Kariny de Oliveira e Rennally Soares, evidenciaram a import\u00e2ncia do N\u00facleo de L\u00ednguas para o acesso de estudantes da UEPB e comunidade das adjac\u00eancias ao aperfei\u00e7oamento em idiomas com qualidade. A professora Kariny lembrou que a equipe do N\u00facleo est\u00e1 empenhada em cumprir com esse relevante papel relacionado \u00e0 responsabilidade social que \u00e9 inerente \u00e0 Universidade.<\/p>\n<p>Na semana de 22 a 28 de fevereiro, os estudantes que constem na lista de inscri\u00e7\u00f5es homologadas (<a href=\"https:\/\/linktr.ee\/nucleodelinguasjp\">https:\/\/linktr.ee\/nucleodelinguasjp<\/a>) deve efetivar, presencialmente, as matr\u00edculas. As aulas devem iniciar em 13 de mar\u00e7o.<\/p>\n<p><strong>3\u00aa Semana de L\u00ednguas Estrangeiras<\/strong><\/p>\n<p>O in\u00edcio do semestre 2023.1 e recep\u00e7\u00e3o aos estudantes do N\u00facleo de L\u00ednguas ser\u00e1 realizada por meio da <a href=\"https:\/\/proficiencianljp.wixsite.com\/semanalinguas\">3\u00aa Semana de L\u00ednguas Estrangeiras<\/a>, evento que ocorre de 27 de fevereiro a 3 de mar\u00e7o. Na ocasi\u00e3o ser\u00e3o realizados, de forma remota, diversos minicursos e oficinas nas \u00e1reas de espanhol, ingl\u00eas e franc\u00eas.<\/p>\n<p>As inscri\u00e7\u00f5es para o evento ocorrem via formul\u00e1rio eletr\u00f4nico: <a href=\"https:\/\/docs.google.com\/forms\/d\/e\/1FAIpQLSdYSsVQ6gnch7qCI2wSwA3UhsyeI1JtWCyo4zbGgLSDwb56Fw\/viewform\">https:\/\/docs.google.com\/forms\/d\/e\/1FAIpQLSdYSsVQ6gnch7qCI2wSwA3UhsyeI1JtWCyo4zbGgLSDwb56Fw\/viewform<\/a> e s\u00e3o oferecidas 40 vagas a serem preenchidas por ordem de inscri\u00e7\u00e3o.<\/p>\n<p>Texto: Juliana Marques<\/p>\n","protected":false},"excerpt":{"rendered":"<p>Ap\u00f3s uma reuni\u00e3o com a participa\u00e7\u00e3o das diretoras em exerc\u00edcio do c\u00e2mpus V da Universidade Estadual da Para\u00edba (UEPB) e a equipe do N\u00facleo de L\u00ednguas do CCBSA, foram encaminhadas diversas pautas relacionadas \u00e0s demandas do setor. Na oportunidade, a coordenadora e coordenadora adjunta, respectivamente, Kariny de Oliveira e Rennally Soares, evidenciaram a import\u00e2ncia do <a class=\"leiamais\" href=\"https:\/\/centros.uepb.edu.br\/ccbsa\/nucleo-de-linguas-realiza-matriculas-e-divulga-3a-semana-de-linguas-estrangeiras-voltada-a-estudantes-da-comunidade-academica\/\">Leia Mais&#8230;<\/a><\/p>\n","protected":false},"author":8,"featured_media":9571,"comment_status":"closed","ping_status":"closed","sticky":false,"template":"","format":"standard","meta":{"footnotes":""},"categories":[3,11],"tags":[],"class_list":["post-9570","post","type-post","status-publish","format-standard","has-post-thumbnail","hentry","category-noticias","category-noticias-destaque-img"],"jetpack_featured_media_url":"https:\/\/centros.uepb.edu.br\/ccbsa\/files\/2023\/02\/SEMANA-DE-LINGUAS.jpg","_links":{"self":[{"href":"https:\/\/centros.uepb.edu.br\/ccbsa\/wp-json\/wp\/v2\/posts\/9570","targetHints":{"allow":["GET"]}}],"collection":[{"href":"https:\/\/centros.uepb.edu.br\/ccbsa\/wp-json\/wp\/v2\/posts"}],"about":[{"href":"https:\/\/centros.uepb.edu.br\/ccbsa\/wp-json\/wp\/v2\/types\/post"}],"author":[{"embeddable":true,"href":"https:\/\/centros.uepb.edu.br\/ccbsa\/wp-json\/wp\/v2\/users\/8"}],"replies":[{"embeddable":true,"href":"https:\/\/centros.uepb.edu.br\/ccbsa\/wp-json\/wp\/v2\/comments?post=9570"}],"version-history":[{"count":0,"href":"https:\/\/centros.uepb.edu.br\/ccbsa\/wp-json\/wp\/v2\/posts\/9570\/revisions"}],"wp:featuredmedia":[{"embeddable":true,"href":"https:\/\/centros.uepb.edu.br\/ccbsa\/wp-json\/wp\/v2\/media\/9571"}],"wp:attachment":[{"href":"https:\/\/centros.uepb.edu.br\/ccbsa\/wp-json\/wp\/v2\/media?parent=9570"}],"wp:term":[{"taxonomy":"category","embeddable":true,"href":"https:\/\/centros.uepb.edu.br\/ccbsa\/wp-json\/wp\/v2\/categories?post=9570"},{"taxonomy":"post_tag","embeddable":true,"href":"https:\/\/centros.uepb.edu.br\/ccbsa\/wp-json\/wp\/v2\/tags?post=9570"}],"curies":[{"name":"wp","href":"https:\/\/api.w.org\/{rel}","templated":true}]}}