{"id":956,"date":"2013-10-01T14:33:04","date_gmt":"2013-10-01T14:33:04","guid":{"rendered":"\/ccbsa\/?p=956"},"modified":"2013-10-07T13:46:43","modified_gmt":"2013-10-07T13:46:43","slug":"coordenacoes-de-cursos-arquivologia-ciencias-biologicas-e-relacoes-internacionais-recepcionam-calouros","status":"publish","type":"post","link":"https:\/\/centros.uepb.edu.br\/ccbsa\/coordenacoes-de-cursos-arquivologia-ciencias-biologicas-e-relacoes-internacionais-recepcionam-calouros\/","title":{"rendered":"Dire\u00e7\u00e3o de Centro e coordena\u00e7\u00f5es de cursos realizam atividade de recep\u00e7\u00e3o aos calouros do campus V"},"content":{"rendered":"<p>A dire\u00e7\u00e3o do Centro de Ci\u00eancias Biol\u00f3gicas e Sociais Aplicadas realiza, nesta ter\u00e7a-feira, 8 de outubro, a partir das 8h30, no audit\u00f3rio Pioneiros,\u00a0a programa\u00e7\u00e3o de recep\u00e7\u00e3o aos calouros do per\u00edodo letivo 2013.2 do Campus V da Universidade Estadual da Para\u00edba.<\/p>\n<p>De acordo com a dire\u00e7\u00e3o do CCBSA, as atividades s\u00e3o voltadas aos estudantes dos tr\u00eas cursos de gradua\u00e7\u00e3o do Campus V, visando apresent\u00e1-los aos diversos setores e servi\u00e7os da institui\u00e7\u00e3o, como os cursos do N\u00facleo de L\u00ednguas, os servi\u00e7os da Biblioteca, bolsa manuten\u00e7\u00e3o, bolsa transporte, programas de inicia\u00e7\u00e3o cient\u00edfica, extens\u00e3o, mobilidade internacional, entre outros.<\/p>\n<p>A partir das 8h30 haver\u00e1 a mesa-redonda \u201cO N\u00facleo de L\u00ednguas e o Contexto Acad\u00eamico do Campus V\u201d, com apresenta\u00e7\u00f5es referentes \u00e0s possibilidades de pesquisas e atua\u00e7\u00e3o deste setor. Participaram da atividade os professores Aparecida Francisco (L\u00edngua Francesa), Rosemary Evaristo Barbosa (L\u00edngua Portuguesa),\u00a0 Claudiane Costa Aguiar (L\u00edngua Inglesa e Profici\u00eancia) Eneida Gurgel\u00a0 (o lugar do espanhol na L\u00edngua Espanhola), tendo a coordenadora do N\u00facleo de L\u00ednguas, professora M\u00f4nica Santana, como mediadora.<\/p>\n<p>Na sequ\u00eancia, a coordenadora da biblioteca do Campus V, Liliana Braga Rolim, mostrar\u00e1 os diversos servi\u00e7os da biblioteca, documentos necess\u00e1rios para o cadastro e as regras de funcionamento do setor. Ap\u00f3s a apresenta\u00e7\u00e3o o diretor do CCBSA, professor Francisco Jaime, e os coordenadores de curso, apresentar\u00e3o os diversos servi\u00e7os e setores do Campus V e da UEPB.<\/p>\n<p>A aula magna ser\u00e1 realizada \u00e0s 10h30, com o tema \u201cA juventude e os desafios de nosso tempo\u201d, a ser proferido pelo professor Heleno Rotta, da UFCG, que \u00e9 um pesquisador com vasta e reconhecida experi\u00eancia nas \u00e1reas de economia, economia\u00a0 brasileira e mundial e rela\u00e7\u00f5es internacionais. Al\u00e9m dos discentes, docentes e t\u00e9cnicos administrativos do Campus V, tamb\u00e9m est\u00e1 confirmada a presen\u00e7a do reitor da UEPB, professor Ant\u00f4nio Rangel J\u00fanior.<\/p>\n<p>&nbsp;<\/p>\n","protected":false},"excerpt":{"rendered":"<p>A dire\u00e7\u00e3o do Centro de Ci\u00eancias Biol\u00f3gicas e Sociais Aplicadas realiza, nesta ter\u00e7a-feira, 8 de outubro, a partir das 8h30, no audit\u00f3rio Pioneiros,\u00a0a programa\u00e7\u00e3o de recep\u00e7\u00e3o aos calouros do per\u00edodo letivo 2013.2 do Campus V da Universidade Estadual da Para\u00edba. De acordo com a dire\u00e7\u00e3o do CCBSA, as atividades s\u00e3o voltadas aos estudantes dos tr\u00eas <a class=\"leiamais\" href=\"https:\/\/centros.uepb.edu.br\/ccbsa\/coordenacoes-de-cursos-arquivologia-ciencias-biologicas-e-relacoes-internacionais-recepcionam-calouros\/\">Leia Mais&#8230;<\/a><\/p>\n","protected":false},"author":8,"featured_media":0,"comment_status":"open","ping_status":"open","sticky":false,"template":"","format":"standard","meta":{"footnotes":""},"categories":[3,5],"tags":[],"class_list":["post-956","post","type-post","status-publish","format-standard","hentry","category-noticias","category-visiveis"],"jetpack_featured_media_url":"","_links":{"self":[{"href":"https:\/\/centros.uepb.edu.br\/ccbsa\/wp-json\/wp\/v2\/posts\/956","targetHints":{"allow":["GET"]}}],"collection":[{"href":"https:\/\/centros.uepb.edu.br\/ccbsa\/wp-json\/wp\/v2\/posts"}],"about":[{"href":"https:\/\/centros.uepb.edu.br\/ccbsa\/wp-json\/wp\/v2\/types\/post"}],"author":[{"embeddable":true,"href":"https:\/\/centros.uepb.edu.br\/ccbsa\/wp-json\/wp\/v2\/users\/8"}],"replies":[{"embeddable":true,"href":"https:\/\/centros.uepb.edu.br\/ccbsa\/wp-json\/wp\/v2\/comments?post=956"}],"version-history":[{"count":0,"href":"https:\/\/centros.uepb.edu.br\/ccbsa\/wp-json\/wp\/v2\/posts\/956\/revisions"}],"wp:attachment":[{"href":"https:\/\/centros.uepb.edu.br\/ccbsa\/wp-json\/wp\/v2\/media?parent=956"}],"wp:term":[{"taxonomy":"category","embeddable":true,"href":"https:\/\/centros.uepb.edu.br\/ccbsa\/wp-json\/wp\/v2\/categories?post=956"},{"taxonomy":"post_tag","embeddable":true,"href":"https:\/\/centros.uepb.edu.br\/ccbsa\/wp-json\/wp\/v2\/tags?post=956"}],"curies":[{"name":"wp","href":"https:\/\/api.w.org\/{rel}","templated":true}]}}