{"id":9507,"date":"2022-12-13T16:27:49","date_gmt":"2022-12-13T16:27:49","guid":{"rendered":"https:\/\/centros.uepb.edu.br\/ccbsa\/?p=9507"},"modified":"2022-12-13T16:31:07","modified_gmt":"2022-12-13T16:31:07","slug":"direcao-do-ccbsa-recebe-arquitetos-da-suplan-para-delinear-projeto-da-biblioteca-do-campus-v","status":"publish","type":"post","link":"https:\/\/centros.uepb.edu.br\/ccbsa\/direcao-do-ccbsa-recebe-arquitetos-da-suplan-para-delinear-projeto-da-biblioteca-do-campus-v\/","title":{"rendered":"Dire\u00e7\u00e3o do CCBSA recebe arquitetos da SUPLAN para delinear projeto da biblioteca do C\u00e2mpus V"},"content":{"rendered":"\n\t\t<style type=\"text\/css\">\n\t\t\t#gallery-1 {\n\t\t\t\tmargin: auto;\n\t\t\t}\n\t\t\t#gallery-1 .gallery-item {\n\t\t\t\tfloat: left;\n\t\t\t\tmargin-top: 10px;\n\t\t\t\ttext-align: center;\n\t\t\t\twidth: 33%;\n\t\t\t}\n\t\t\t#gallery-1 img {\n\t\t\t\tborder: 2px solid #cfcfcf;\n\t\t\t}\n\t\t\t#gallery-1 .gallery-caption {\n\t\t\t\tmargin-left: 0;\n\t\t\t}\n\t\t\t\/* see gallery_shortcode() in wp-includes\/media.php *\/\n\t\t<\/style>\n\t\t<div id='gallery-1' class='gallery galleryid-9507 gallery-columns-3 gallery-size-full'><dl class='gallery-item'>\n\t\t\t<dt class='gallery-icon landscape'>\n\t\t\t\t<a href='https:\/\/centros.uepb.edu.br\/ccbsa\/files\/2022\/12\/IMG_7003.jpg'><img loading=\"lazy\" decoding=\"async\" width=\"1200\" height=\"680\" src=\"https:\/\/centros.uepb.edu.br\/ccbsa\/files\/2022\/12\/IMG_7003.jpg\" class=\"attachment-full size-full\" alt=\"\" srcset=\"https:\/\/centros.uepb.edu.br\/ccbsa\/files\/2022\/12\/IMG_7003.jpg 1200w, https:\/\/centros.uepb.edu.br\/ccbsa\/files\/2022\/12\/IMG_7003-300x170.jpg 300w, https:\/\/centros.uepb.edu.br\/ccbsa\/files\/2022\/12\/IMG_7003-1120x635.jpg 1120w\" sizes=\"auto, (max-width: 1200px) 100vw, 1200px\" \/><\/a>\n\t\t\t<\/dt><\/dl><dl class='gallery-item'>\n\t\t\t<dt class='gallery-icon landscape'>\n\t\t\t\t<a href='https:\/\/centros.uepb.edu.br\/ccbsa\/files\/2022\/12\/IMG_7006.jpg'><img loading=\"lazy\" decoding=\"async\" width=\"1200\" height=\"800\" src=\"https:\/\/centros.uepb.edu.br\/ccbsa\/files\/2022\/12\/IMG_7006.jpg\" class=\"attachment-full size-full\" alt=\"\" srcset=\"https:\/\/centros.uepb.edu.br\/ccbsa\/files\/2022\/12\/IMG_7006.jpg 1200w, https:\/\/centros.uepb.edu.br\/ccbsa\/files\/2022\/12\/IMG_7006-300x200.jpg 300w, https:\/\/centros.uepb.edu.br\/ccbsa\/files\/2022\/12\/IMG_7006-1120x747.jpg 1120w\" sizes=\"auto, (max-width: 1200px) 100vw, 1200px\" \/><\/a>\n\t\t\t<\/dt><\/dl><dl class='gallery-item'>\n\t\t\t<dt class='gallery-icon landscape'>\n\t\t\t\t<a href='https:\/\/centros.uepb.edu.br\/ccbsa\/files\/2022\/12\/IMG_7023.jpg'><img loading=\"lazy\" decoding=\"async\" width=\"1200\" height=\"731\" src=\"https:\/\/centros.uepb.edu.br\/ccbsa\/files\/2022\/12\/IMG_7023.jpg\" class=\"attachment-full size-full\" alt=\"\" srcset=\"https:\/\/centros.uepb.edu.br\/ccbsa\/files\/2022\/12\/IMG_7023.jpg 1200w, https:\/\/centros.uepb.edu.br\/ccbsa\/files\/2022\/12\/IMG_7023-300x183.jpg 300w, https:\/\/centros.uepb.edu.br\/ccbsa\/files\/2022\/12\/IMG_7023-1120x682.jpg 1120w\" sizes=\"auto, (max-width: 1200px) 100vw, 1200px\" \/><\/a>\n\t\t\t<\/dt><\/dl><br style=\"clear: both\" \/><dl class='gallery-item'>\n\t\t\t<dt class='gallery-icon landscape'>\n\t\t\t\t<a href='https:\/\/centros.uepb.edu.br\/ccbsa\/files\/2022\/12\/IMG_7040.jpg'><img loading=\"lazy\" decoding=\"async\" width=\"1200\" height=\"800\" src=\"https:\/\/centros.uepb.edu.br\/ccbsa\/files\/2022\/12\/IMG_7040.jpg\" class=\"attachment-full size-full\" alt=\"\" srcset=\"https:\/\/centros.uepb.edu.br\/ccbsa\/files\/2022\/12\/IMG_7040.jpg 1200w, https:\/\/centros.uepb.edu.br\/ccbsa\/files\/2022\/12\/IMG_7040-300x200.jpg 300w, https:\/\/centros.uepb.edu.br\/ccbsa\/files\/2022\/12\/IMG_7040-1120x747.jpg 1120w\" sizes=\"auto, (max-width: 1200px) 100vw, 1200px\" \/><\/a>\n\t\t\t<\/dt><\/dl><dl class='gallery-item'>\n\t\t\t<dt class='gallery-icon landscape'>\n\t\t\t\t<a href='https:\/\/centros.uepb.edu.br\/ccbsa\/files\/2022\/12\/IMG_7032.jpg'><img loading=\"lazy\" decoding=\"async\" width=\"1200\" height=\"800\" src=\"https:\/\/centros.uepb.edu.br\/ccbsa\/files\/2022\/12\/IMG_7032.jpg\" class=\"attachment-full size-full\" alt=\"\" srcset=\"https:\/\/centros.uepb.edu.br\/ccbsa\/files\/2022\/12\/IMG_7032.jpg 1200w, https:\/\/centros.uepb.edu.br\/ccbsa\/files\/2022\/12\/IMG_7032-300x200.jpg 300w, https:\/\/centros.uepb.edu.br\/ccbsa\/files\/2022\/12\/IMG_7032-1120x747.jpg 1120w\" sizes=\"auto, (max-width: 1200px) 100vw, 1200px\" \/><\/a>\n\t\t\t<\/dt><\/dl>\n\t\t\t<br style='clear: both' \/>\n\t\t<\/div>\n\n<p>Ap\u00f3s a realiza\u00e7\u00e3o de uma reuni\u00e3o para a apresenta\u00e7\u00e3o de demandas junto \u00e0 Superintend\u00eancia de Obras do Plano de Desenvolvimento do\u00a0Estado (Suplan) no dia 1\u00ba de dezembro, a dire\u00e7\u00e3o do Centro de Ci\u00eancias Biol\u00f3gicas e Sociais Aplicadas (CCBSA) da Universidade Estadual da Para\u00edba (UEPB) recebeu, na manh\u00e3 desta ter\u00e7a-feira (13), arquitetos da Suplan que ir\u00e3o desenvolver um plano arquitet\u00f4nico para a constru\u00e7\u00e3o da nova Biblioteca do CCBSA.<\/p>\n<p>Acompanhada de servidores que atuam nos setores de infraestrutura e biblioteca do C\u00e2mpus V, a comitiva fez uma visita t\u00e9cnica por todo o terreno do C\u00e2mpus V para escolher um local adequado \u00e0s necessidades da comunidade acad\u00eamica e com melhores condi\u00e7\u00f5es do ponto de vista estrutural e arquitet\u00f4nico.<\/p>\n<p>\u201dEssa obra \u00e9 uma meta n\u00e3o s\u00f3 atual, mas de gest\u00f5es anteriores e ir\u00e1 melhorar as condi\u00e7\u00f5es dos usu\u00e1rios deste espa\u00e7o, ao mesmo tempo em que ap\u00f3s a constru\u00e7\u00e3o das novas instala\u00e7\u00f5es teremos, onde funciona atualmente a nossa biblioteca, um novo local de conviv\u00eancia que atender\u00e1 toda a comunidade, principalmente estudantes\u201d, avalia Cl\u00e9ber Salimon.<\/p>\n<p>Dentre os pontos reivindicados pela equipe de bibliotec\u00e1rios do setor est\u00e3o a concep\u00e7\u00e3o de um local de estudo e integra\u00e7\u00e3o da comunidade acad\u00eamica que permita o compartilhamento de saberes, o desenvolvimento da criatividade e o uso das tecnologias. A estrutura deve ser acess\u00edvel para pessoas com defici\u00eancia e abrigar espa\u00e7os importantes para a biblioteca do CCBSA, como o setor de Acessibilidade e Inclus\u00e3o nos Ambientes das Bibliotecas do C\u00e2mpus V, e espa\u00e7os para estudo individual e em grupo.<\/p>\n<p>A perspectiva \u00e9 que a primeira vers\u00e3o do projeto arquitet\u00f4nico seja apresentada \u00e0 dire\u00e7\u00e3o de Centro e equipe t\u00e9cnica que acompanha os trabalhos ainda em janeiro de 2023, para an\u00e1lise realiza\u00e7\u00e3o de ajustes, caso seja necess\u00e1rio.<\/p>\n<p>Texto e fotos: Juliana Marques<\/p>\n","protected":false},"excerpt":{"rendered":"<p>Ap\u00f3s a realiza\u00e7\u00e3o de uma reuni\u00e3o para a apresenta\u00e7\u00e3o de demandas junto \u00e0 Superintend\u00eancia de Obras do Plano de Desenvolvimento do\u00a0Estado (Suplan) no dia 1\u00ba de dezembro, a dire\u00e7\u00e3o do Centro de Ci\u00eancias Biol\u00f3gicas e Sociais Aplicadas (CCBSA) da Universidade Estadual da Para\u00edba (UEPB) recebeu, na manh\u00e3 desta ter\u00e7a-feira (13), arquitetos da Suplan que ir\u00e3o <a class=\"leiamais\" href=\"https:\/\/centros.uepb.edu.br\/ccbsa\/direcao-do-ccbsa-recebe-arquitetos-da-suplan-para-delinear-projeto-da-biblioteca-do-campus-v\/\">Leia Mais&#8230;<\/a><\/p>\n","protected":false},"author":8,"featured_media":9508,"comment_status":"closed","ping_status":"closed","sticky":false,"template":"","format":"standard","meta":{"footnotes":""},"categories":[11],"tags":[],"class_list":["post-9507","post","type-post","status-publish","format-standard","has-post-thumbnail","hentry","category-noticias-destaque-img"],"jetpack_featured_media_url":"https:\/\/centros.uepb.edu.br\/ccbsa\/files\/2022\/12\/IMG_7003.jpg","_links":{"self":[{"href":"https:\/\/centros.uepb.edu.br\/ccbsa\/wp-json\/wp\/v2\/posts\/9507","targetHints":{"allow":["GET"]}}],"collection":[{"href":"https:\/\/centros.uepb.edu.br\/ccbsa\/wp-json\/wp\/v2\/posts"}],"about":[{"href":"https:\/\/centros.uepb.edu.br\/ccbsa\/wp-json\/wp\/v2\/types\/post"}],"author":[{"embeddable":true,"href":"https:\/\/centros.uepb.edu.br\/ccbsa\/wp-json\/wp\/v2\/users\/8"}],"replies":[{"embeddable":true,"href":"https:\/\/centros.uepb.edu.br\/ccbsa\/wp-json\/wp\/v2\/comments?post=9507"}],"version-history":[{"count":0,"href":"https:\/\/centros.uepb.edu.br\/ccbsa\/wp-json\/wp\/v2\/posts\/9507\/revisions"}],"wp:featuredmedia":[{"embeddable":true,"href":"https:\/\/centros.uepb.edu.br\/ccbsa\/wp-json\/wp\/v2\/media\/9508"}],"wp:attachment":[{"href":"https:\/\/centros.uepb.edu.br\/ccbsa\/wp-json\/wp\/v2\/media?parent=9507"}],"wp:term":[{"taxonomy":"category","embeddable":true,"href":"https:\/\/centros.uepb.edu.br\/ccbsa\/wp-json\/wp\/v2\/categories?post=9507"},{"taxonomy":"post_tag","embeddable":true,"href":"https:\/\/centros.uepb.edu.br\/ccbsa\/wp-json\/wp\/v2\/tags?post=9507"}],"curies":[{"name":"wp","href":"https:\/\/api.w.org\/{rel}","templated":true}]}}