{"id":9476,"date":"2022-11-30T13:45:18","date_gmt":"2022-11-30T13:45:18","guid":{"rendered":"https:\/\/centros.uepb.edu.br\/ccbsa\/?p=9476"},"modified":"2022-12-13T16:36:09","modified_gmt":"2022-12-13T16:36:09","slug":"direcao-do-ccbsa-realiza-reuniao-com-formandos-para-orientar-sobre-a-colacao-de-grau-do-periodo-letivo-2022-2","status":"publish","type":"post","link":"https:\/\/centros.uepb.edu.br\/ccbsa\/direcao-do-ccbsa-realiza-reuniao-com-formandos-para-orientar-sobre-a-colacao-de-grau-do-periodo-letivo-2022-2\/","title":{"rendered":"Dire\u00e7\u00e3o do CCBSA realiza reuni\u00e3o com formandos para orientar sobre a Cola\u00e7\u00e3o de Grau do per\u00edodo letivo 2022.2"},"content":{"rendered":"\n\t\t<style type=\"text\/css\">\n\t\t\t#gallery-1 {\n\t\t\t\tmargin: auto;\n\t\t\t}\n\t\t\t#gallery-1 .gallery-item {\n\t\t\t\tfloat: left;\n\t\t\t\tmargin-top: 10px;\n\t\t\t\ttext-align: center;\n\t\t\t\twidth: 33%;\n\t\t\t}\n\t\t\t#gallery-1 img {\n\t\t\t\tborder: 2px solid #cfcfcf;\n\t\t\t}\n\t\t\t#gallery-1 .gallery-caption {\n\t\t\t\tmargin-left: 0;\n\t\t\t}\n\t\t\t\/* see gallery_shortcode() in wp-includes\/media.php *\/\n\t\t<\/style>\n\t\t<div id='gallery-1' class='gallery galleryid-9476 gallery-columns-3 gallery-size-full'><dl class='gallery-item'>\n\t\t\t<dt class='gallery-icon landscape'>\n\t\t\t\t<a href='https:\/\/centros.uepb.edu.br\/ccbsa\/files\/2022\/11\/IMG_6973OK.jpg'><img loading=\"lazy\" decoding=\"async\" width=\"1200\" height=\"680\" src=\"https:\/\/centros.uepb.edu.br\/ccbsa\/files\/2022\/11\/IMG_6973OK.jpg\" class=\"attachment-full size-full\" alt=\"\" srcset=\"https:\/\/centros.uepb.edu.br\/ccbsa\/files\/2022\/11\/IMG_6973OK.jpg 1200w, https:\/\/centros.uepb.edu.br\/ccbsa\/files\/2022\/11\/IMG_6973OK-300x170.jpg 300w, https:\/\/centros.uepb.edu.br\/ccbsa\/files\/2022\/11\/IMG_6973OK-1120x635.jpg 1120w\" sizes=\"auto, (max-width: 1200px) 100vw, 1200px\" \/><\/a>\n\t\t\t<\/dt><\/dl><dl class='gallery-item'>\n\t\t\t<dt class='gallery-icon landscape'>\n\t\t\t\t<a href='https:\/\/centros.uepb.edu.br\/ccbsa\/files\/2022\/11\/REUNIAO-COLACAO-DE-GRAU-1ok.jpg'><img loading=\"lazy\" decoding=\"async\" width=\"1200\" height=\"607\" src=\"https:\/\/centros.uepb.edu.br\/ccbsa\/files\/2022\/11\/REUNIAO-COLACAO-DE-GRAU-1ok.jpg\" class=\"attachment-full size-full\" alt=\"\" srcset=\"https:\/\/centros.uepb.edu.br\/ccbsa\/files\/2022\/11\/REUNIAO-COLACAO-DE-GRAU-1ok.jpg 1200w, https:\/\/centros.uepb.edu.br\/ccbsa\/files\/2022\/11\/REUNIAO-COLACAO-DE-GRAU-1ok-300x152.jpg 300w, https:\/\/centros.uepb.edu.br\/ccbsa\/files\/2022\/11\/REUNIAO-COLACAO-DE-GRAU-1ok-1120x567.jpg 1120w\" sizes=\"auto, (max-width: 1200px) 100vw, 1200px\" \/><\/a>\n\t\t\t<\/dt><\/dl>\n\t\t\t<br style='clear: both' \/>\n\t\t<\/div>\n\n<p>A dire\u00e7\u00e3o do Centro de Ci\u00eancias Biol\u00f3gicas e Sociais Aplicadas (CCBSA) da Universidade Estadual da Para\u00edba (UEPB) realizou, nesta segunda-feira, 28 de julho, nos turnos da manh\u00e3 e noite, respectivamente, de forma presencial e remota, as reuni\u00f5es com formandos dos bacharelados em Arquivologia, Ci\u00eancias Biol\u00f3gicas e Rela\u00e7\u00f5es Internacionais, para prestar as orienta\u00e7\u00f5es referentes \u00e0 cerim\u00f4nia de cola\u00e7\u00e3o de grau do per\u00edodo letivo 2022.2.<\/p>\n<p>Na ocasi\u00e3o foram escolhidas as formandas Nayara Leite Silva (Arquivologia), Thamires Ara\u00fajo de Pontes (Ci\u00eancias Biol\u00f3gicas) e o concluinte Vin\u00edcius Brainer (Rela\u00e7\u00f5es Internacionais), para colar grau representando os demais concluintes. A formanda Nara Riana Medeiros Dantas do curso de Rela\u00e7\u00f5es Internacionais, ser\u00e1 a juramentista. E a paraninfa das turmas concluintes ser\u00e1 a professora do curso de Arquivologia Andr\u00e9a Xavier.<\/p>\n<p>Durante a reuni\u00e3o com os concluintes, foram divulgadas as regras para a escolha do orador oficial das turmas na Cola\u00e7\u00e3o de Grau 2022.2 dos cursos do C\u00e2mpus V da Institui\u00e7\u00e3o. A inscri\u00e7\u00e3o ser\u00e1 on-line e s\u00f3 poder\u00e1 ser realizada por interm\u00e9dio do e-mail institucional, mediante o preenchimento do formul\u00e1rio, dispon\u00edvel no\u00a0link. Os interessados devem se inscrever no per\u00edodo de 5 a 15 de dezembro. O resultado da sele\u00e7\u00e3o ser\u00e1 divulgado no dia 16 de dezembro. Todas as informa\u00e7\u00f5es constam na portaria dispon\u00edvel <a href=\"https:\/\/centros.uepb.edu.br\/ccbsa\/download\/portaria-prograd-regras-orador\/\">aqui<\/a>.<\/p>\n<p>Para participar da sele\u00e7\u00e3o o candidato ou candidata dever\u00e1 preencher o <a href=\"https:\/\/centros.uepb.edu.br\/ccbsa\/download\/formulario-colacao-de-grau\/\">formul\u00e1rio disponibilizado pela dire\u00e7\u00e3o de centro<\/a> (deixando em branco os campos de n\u00famero de inscri\u00e7\u00e3o e visto\/carimbo), anexar declara\u00e7\u00e3o de prov\u00e1vel concluinte no per\u00edodo letivo 2022. 2 e c\u00f3pia do discurso e enviar por email para a dire\u00e7\u00e3o de Centro (secretaria.ccbsa@setor.uepb.edu.br). O discurso deve contemplar os cursos de gradua\u00e7\u00e3o do CCBSA e conter no m\u00e1ximo 13 mil caracteres, devendo a leitura n\u00e3o ultrapassar o tempo de 12 minutos.<\/p>\n<p>A Pr\u00f3-reitoria de Gradua\u00e7\u00e3o (PROGRAD) da UEPB destaca que at\u00e9 as 12h de 16 de dezembro os concluintes devem realizar a inscri\u00e7\u00e3ona solenidade de Cola\u00e7\u00e3o de Grau por meio de <a href=\"https:\/\/forms.gle\/XCPKR3fT7C1wMxWh7\">formul\u00e1rio eletr\u00f4nico<\/a>. Apenas os estudantes inscritos poder\u00e3o participar das solenidades, que ser\u00e3o realizadas de modo presencial.<\/p>\n<p>O cerimonial lembra que a retirada de becas, que s\u00e3o a vestimenta obrigat\u00f3ria da celebra\u00e7\u00e3o, ocorrer\u00e1 na secretaria de centro, entre os dias 12 e 16 de dezembro, das 8 \u00e0s 13h e das 15 \u00e0s 20h. Para realizar a retirada \u00e9 necess\u00e1rio que o aluno tenha cumprido os pr\u00e9-requisitos de conclus\u00e3o do curso (integraliza\u00e7\u00e3o dos cr\u00e9ditos e defesa do TCC) e realize a assinatura de um termo de compromisso em que o formando e responsabiliza pela devolu\u00e7\u00e3o da vestimenta.<\/p>\n<p>A dire\u00e7\u00e3o de centro solicita, ainda, que os formandos encaminhem, at\u00e9 o dia 12 de dezembro, para o email da assessoria de imprensa do CCBSA (imprensaccbsa@setor.uepb.edu.br) fotos da turma no per\u00edodo da gradua\u00e7\u00e3o para a exibi\u00e7\u00e3o durante a cerim\u00f4nia.<\/p>\n<p>A solenidade de Cola\u00e7\u00e3o de Grau do semestre 2022.2 do C\u00e2mpus V ser\u00e1 realizada no dia 20 de dezembro, \u00e0s 10h no audit\u00f3rio da reitoria da UFPB.<\/p>\n","protected":false},"excerpt":{"rendered":"<p>A dire\u00e7\u00e3o do Centro de Ci\u00eancias Biol\u00f3gicas e Sociais Aplicadas (CCBSA) da Universidade Estadual da Para\u00edba (UEPB) realizou, nesta segunda-feira, 28 de julho, nos turnos da manh\u00e3 e noite, respectivamente, de forma presencial e remota, as reuni\u00f5es com formandos dos bacharelados em Arquivologia, Ci\u00eancias Biol\u00f3gicas e Rela\u00e7\u00f5es Internacionais, para prestar as orienta\u00e7\u00f5es referentes \u00e0 cerim\u00f4nia <a class=\"leiamais\" href=\"https:\/\/centros.uepb.edu.br\/ccbsa\/direcao-do-ccbsa-realiza-reuniao-com-formandos-para-orientar-sobre-a-colacao-de-grau-do-periodo-letivo-2022-2\/\">Leia Mais&#8230;<\/a><\/p>\n","protected":false},"author":8,"featured_media":9477,"comment_status":"closed","ping_status":"closed","sticky":false,"template":"","format":"standard","meta":{"footnotes":""},"categories":[11],"tags":[],"class_list":["post-9476","post","type-post","status-publish","format-standard","has-post-thumbnail","hentry","category-noticias-destaque-img"],"jetpack_featured_media_url":"https:\/\/centros.uepb.edu.br\/ccbsa\/files\/2022\/11\/IMG_6973OK.jpg","_links":{"self":[{"href":"https:\/\/centros.uepb.edu.br\/ccbsa\/wp-json\/wp\/v2\/posts\/9476","targetHints":{"allow":["GET"]}}],"collection":[{"href":"https:\/\/centros.uepb.edu.br\/ccbsa\/wp-json\/wp\/v2\/posts"}],"about":[{"href":"https:\/\/centros.uepb.edu.br\/ccbsa\/wp-json\/wp\/v2\/types\/post"}],"author":[{"embeddable":true,"href":"https:\/\/centros.uepb.edu.br\/ccbsa\/wp-json\/wp\/v2\/users\/8"}],"replies":[{"embeddable":true,"href":"https:\/\/centros.uepb.edu.br\/ccbsa\/wp-json\/wp\/v2\/comments?post=9476"}],"version-history":[{"count":0,"href":"https:\/\/centros.uepb.edu.br\/ccbsa\/wp-json\/wp\/v2\/posts\/9476\/revisions"}],"wp:featuredmedia":[{"embeddable":true,"href":"https:\/\/centros.uepb.edu.br\/ccbsa\/wp-json\/wp\/v2\/media\/9477"}],"wp:attachment":[{"href":"https:\/\/centros.uepb.edu.br\/ccbsa\/wp-json\/wp\/v2\/media?parent=9476"}],"wp:term":[{"taxonomy":"category","embeddable":true,"href":"https:\/\/centros.uepb.edu.br\/ccbsa\/wp-json\/wp\/v2\/categories?post=9476"},{"taxonomy":"post_tag","embeddable":true,"href":"https:\/\/centros.uepb.edu.br\/ccbsa\/wp-json\/wp\/v2\/tags?post=9476"}],"curies":[{"name":"wp","href":"https:\/\/api.w.org\/{rel}","templated":true}]}}