{"id":9475,"date":"2022-11-30T11:55:45","date_gmt":"2022-11-30T11:55:45","guid":{"rendered":"https:\/\/centros.uepb.edu.br\/ccbsa\/?p=9475"},"modified":"2022-12-14T18:57:37","modified_gmt":"2022-12-14T18:57:37","slug":"e-troka-equipe-de-projeto-de-extensao-da-uepb-lanca-plataforma-de-troca-de-produtos-e-servicos","status":"publish","type":"post","link":"https:\/\/centros.uepb.edu.br\/ccbsa\/e-troka-equipe-de-projeto-de-extensao-da-uepb-lanca-plataforma-de-troca-de-produtos-e-servicos\/","title":{"rendered":"E-troka: Equipe de projeto de extens\u00e3o da UEPB lan\u00e7a plataforma de troca de produtos e servi\u00e7os"},"content":{"rendered":"\n\t\t<style type=\"text\/css\">\n\t\t\t#gallery-1 {\n\t\t\t\tmargin: auto;\n\t\t\t}\n\t\t\t#gallery-1 .gallery-item {\n\t\t\t\tfloat: left;\n\t\t\t\tmargin-top: 10px;\n\t\t\t\ttext-align: center;\n\t\t\t\twidth: 33%;\n\t\t\t}\n\t\t\t#gallery-1 img {\n\t\t\t\tborder: 2px solid #cfcfcf;\n\t\t\t}\n\t\t\t#gallery-1 .gallery-caption {\n\t\t\t\tmargin-left: 0;\n\t\t\t}\n\t\t\t\/* see gallery_shortcode() in wp-includes\/media.php *\/\n\t\t<\/style>\n\t\t<div id='gallery-1' class='gallery galleryid-9475 gallery-columns-3 gallery-size-full'><dl class='gallery-item'>\n\t\t\t<dt class='gallery-icon landscape'>\n\t\t\t\t<a href='https:\/\/centros.uepb.edu.br\/ccbsa\/files\/2022\/11\/unnamed-1.jpg'><img loading=\"lazy\" decoding=\"async\" width=\"1200\" height=\"755\" src=\"https:\/\/centros.uepb.edu.br\/ccbsa\/files\/2022\/11\/unnamed-1.jpg\" class=\"attachment-full size-full\" alt=\"\" srcset=\"https:\/\/centros.uepb.edu.br\/ccbsa\/files\/2022\/11\/unnamed-1.jpg 1200w, https:\/\/centros.uepb.edu.br\/ccbsa\/files\/2022\/11\/unnamed-1-300x189.jpg 300w, https:\/\/centros.uepb.edu.br\/ccbsa\/files\/2022\/11\/unnamed-1-1120x705.jpg 1120w\" sizes=\"auto, (max-width: 1200px) 100vw, 1200px\" \/><\/a>\n\t\t\t<\/dt><\/dl><dl class='gallery-item'>\n\t\t\t<dt class='gallery-icon landscape'>\n\t\t\t\t<a href='https:\/\/centros.uepb.edu.br\/ccbsa\/files\/2022\/11\/EXPOTEC.jpg'><img loading=\"lazy\" decoding=\"async\" width=\"1200\" height=\"680\" src=\"https:\/\/centros.uepb.edu.br\/ccbsa\/files\/2022\/11\/EXPOTEC.jpg\" class=\"attachment-full size-full\" alt=\"\" srcset=\"https:\/\/centros.uepb.edu.br\/ccbsa\/files\/2022\/11\/EXPOTEC.jpg 1200w, https:\/\/centros.uepb.edu.br\/ccbsa\/files\/2022\/11\/EXPOTEC-300x170.jpg 300w, https:\/\/centros.uepb.edu.br\/ccbsa\/files\/2022\/11\/EXPOTEC-1120x635.jpg 1120w\" sizes=\"auto, (max-width: 1200px) 100vw, 1200px\" \/><\/a>\n\t\t\t<\/dt><\/dl>\n\t\t\t<br style='clear: both' \/>\n\t\t<\/div>\n\n<p>Com uma perspectiva de desenvolver o consumo consciente e a economia criativa, a equipe do projeto de extens\u00e3o da Universidade Estadual da Para\u00edba (UEPB) denominado &#8220;Reutiliza \u2013 Desenvolvendo o consumo consciente e a economia criativa para o alcance dos ODS&#8221;, realizou, durante a 8\u00aa edi\u00e7\u00e3o da EXPOTEC, que ocorreu entre os dias 23 e 25 de novembro no Centro de Conven\u00e7\u00f5es de Jo\u00e3o Pessoa, o lan\u00e7amento da plataforma E-troka.<\/p>\n<p>A plataforma, destinada a aproximar consumidores que queiram efetuar a troca de produtos e\/ou servi\u00e7os, est\u00e1 em fase final de desenvolvimento a partir de um esfor\u00e7o coletivo de discentes de Computa\u00e7\u00e3o e Rela\u00e7\u00f5es Internacionais da UEPB e estudantes de Computa\u00e7\u00e3o da Universidade Federal de Campina Grande (UFCG) sob a coordena\u00e7\u00e3o da professora do C\u00e2mpus V da UEPB, Lucila Vilhena. De acordo com a docente, a cria\u00e7\u00e3o da plataforma, que \u00e9 gerenciada por alunos da UEPB, \u00e9 fruto de um trabalho realizado ao longo dos quatro anos do projeto reutiliza, articulado aos Objetivos de Desenvolvimento Sustent\u00e1vel (ODS) da Agenda 2030.<\/p>\n<p>\u201cO projeto reutiliza foi criado em 2018, durante a EXPOTEC, diante da possibilidade de, atrav\u00e9s do estudo dos ODS, apresentar uma proposta de consumo consciente que possibilitasse maior vida \u00fatil aos produtos, evitando o descarte. A partir dessa perspectiva, surgiu a ideia de criar um neg\u00f3cio, abrir uma empresa com esse direcionamento, uma plataforma online que servisse para conectar os usu\u00e1rios do Brasil inteiro. Convidamos alguns alunos de Ci\u00eancia da Computa\u00e7\u00e3o da UEPB para criar o site no qual divulgamos a plataforma e um grupo de desenvolvedores do curso de Computa\u00e7\u00e3o da UFCG criou a E-troka. Al\u00e9m destes, toda a parte de cria\u00e7\u00e3o de conte\u00fado para divulga\u00e7\u00e3o das a\u00e7\u00f5es conta com o suporte dos estudantes de Rela\u00e7\u00f5es Internacionais. Estamos na fase final de testes para dar in\u00edcio \u00e0 utiliza\u00e7\u00e3o da plataforma. Tamb\u00e9m estamos programando uma feira de troca de produtos que ser\u00e1 realizada na UEPB em breve\u201d, explica Lucila.<\/p>\n<p>Recentemente, o Projeto Reutiliza esteve presente na EXPOTEC 2022, onde foi poss\u00edvel ampliar as parcerias e a divulga\u00e7\u00e3o das a\u00e7\u00f5es realizadas pela equipe da UEPB. Al\u00e9m disso, foi feito o lan\u00e7amento oficial da Plataforma E-troka, e a fundadora, professora Lucila Vilhena, e a presidente, a estudante de computa\u00e7\u00e3o da UEPB, Marialice Freitas, realizaram palestras durante o evento.<\/p>\n<p>De acordo com a discente de Rela\u00e7\u00f5es Internacionais Beatriz Louren\u00e7o, que integra o Projeto Reutiliza, \u201ca Expotec foi de grande enriquecimento para os estudantes e uma oportunidade de representar a E-troka no programa Ouse Criar atuando como jurada, avaliando projetos de neg\u00f3cios de alunos do ensino m\u00e9dio da rede p\u00fablica de ensino. Foi importante para desenvolver os interesses no mundo dos neg\u00f3cios&#8221;, avalia.<\/p>\n<p>Gerida por estudantes vinculados ao Projeto Reutiliza, o E-troka funcionar\u00e1 como uma vitrine de escambo digital que conecta, sem uso de dinheiro, pessoas que desejam anunciar produtos e\/ou servi\u00e7os com pessoas que desejam adquirir novos produtos e\/ou servi\u00e7os. Para efetuar as trocas n\u00e3o ser\u00e1 necess\u00e1rio se associar e nem fazer uso de dinheiro. Embora ainda esteja na fase de testes, com as fun\u00e7\u00f5es b\u00e1sicas em funcionamento, a plataforma j\u00e1 permite o cadastro de novos usu\u00e1rios (<a href=\"https:\/\/frontend-e-troka.vercel.app\/SignIn\">https:\/\/frontend-e-troka.vercel.app\/SignIn<\/a>)<\/p>\n<p>Com apoio da Financiadora de Estudos e Projeto (FINEP) e Sebrae, atualmente a equipe do E-troka est\u00e1 vinculada ao Programa Startup Nordeste, com um aporte financeiro que corresponde a uma bolsa destinada \u00e0 Empresa.<\/p>\n<p>Outras informa\u00e7\u00f5es: <a href=\"https:\/\/etrokabrasil.com\/\">https:\/\/etrokabrasil.com\/<\/a><\/p>\n<p>Texto: Juliana Marques<\/p>\n","protected":false},"excerpt":{"rendered":"<p>Com uma perspectiva de desenvolver o consumo consciente e a economia criativa, a equipe do projeto de extens\u00e3o da Universidade Estadual da Para\u00edba (UEPB) denominado &#8220;Reutiliza \u2013 Desenvolvendo o consumo consciente e a economia criativa para o alcance dos ODS&#8221;, realizou, durante a 8\u00aa edi\u00e7\u00e3o da EXPOTEC, que ocorreu entre os dias 23 e 25 <a class=\"leiamais\" href=\"https:\/\/centros.uepb.edu.br\/ccbsa\/e-troka-equipe-de-projeto-de-extensao-da-uepb-lanca-plataforma-de-troca-de-produtos-e-servicos\/\">Leia Mais&#8230;<\/a><\/p>\n","protected":false},"author":8,"featured_media":9531,"comment_status":"closed","ping_status":"closed","sticky":false,"template":"","format":"standard","meta":{"footnotes":""},"categories":[11],"tags":[],"class_list":["post-9475","post","type-post","status-publish","format-standard","has-post-thumbnail","hentry","category-noticias-destaque-img"],"jetpack_featured_media_url":"https:\/\/centros.uepb.edu.br\/ccbsa\/files\/2022\/11\/e-troka.png","_links":{"self":[{"href":"https:\/\/centros.uepb.edu.br\/ccbsa\/wp-json\/wp\/v2\/posts\/9475","targetHints":{"allow":["GET"]}}],"collection":[{"href":"https:\/\/centros.uepb.edu.br\/ccbsa\/wp-json\/wp\/v2\/posts"}],"about":[{"href":"https:\/\/centros.uepb.edu.br\/ccbsa\/wp-json\/wp\/v2\/types\/post"}],"author":[{"embeddable":true,"href":"https:\/\/centros.uepb.edu.br\/ccbsa\/wp-json\/wp\/v2\/users\/8"}],"replies":[{"embeddable":true,"href":"https:\/\/centros.uepb.edu.br\/ccbsa\/wp-json\/wp\/v2\/comments?post=9475"}],"version-history":[{"count":0,"href":"https:\/\/centros.uepb.edu.br\/ccbsa\/wp-json\/wp\/v2\/posts\/9475\/revisions"}],"wp:featuredmedia":[{"embeddable":true,"href":"https:\/\/centros.uepb.edu.br\/ccbsa\/wp-json\/wp\/v2\/media\/9531"}],"wp:attachment":[{"href":"https:\/\/centros.uepb.edu.br\/ccbsa\/wp-json\/wp\/v2\/media?parent=9475"}],"wp:term":[{"taxonomy":"category","embeddable":true,"href":"https:\/\/centros.uepb.edu.br\/ccbsa\/wp-json\/wp\/v2\/categories?post=9475"},{"taxonomy":"post_tag","embeddable":true,"href":"https:\/\/centros.uepb.edu.br\/ccbsa\/wp-json\/wp\/v2\/tags?post=9475"}],"curies":[{"name":"wp","href":"https:\/\/api.w.org\/{rel}","templated":true}]}}