{"id":9433,"date":"2022-11-23T10:51:52","date_gmt":"2022-11-23T10:51:52","guid":{"rendered":"https:\/\/centros.uepb.edu.br\/ccbsa\/?p=9433"},"modified":"2022-11-23T11:45:40","modified_gmt":"2022-11-23T11:45:40","slug":"comite-de-crise-da-covid-19-publica-nota-informativa-com-orientacoes-quanto-ao-uso-de-mascaras-na-uepb-2","status":"publish","type":"post","link":"https:\/\/centros.uepb.edu.br\/ccbsa\/comite-de-crise-da-covid-19-publica-nota-informativa-com-orientacoes-quanto-ao-uso-de-mascaras-na-uepb-2\/","title":{"rendered":"Comit\u00ea de Crise da covid-19 publica nota informativa com orienta\u00e7\u00f5es quanto ao uso de m\u00e1scaras na UEPB"},"content":{"rendered":"<p><a href=\"https:\/\/centros.uepb.edu.br\/ccbsa\/files\/2022\/11\/Arte-Comite-Covid-1.jpeg\"><img loading=\"lazy\" decoding=\"async\" class=\"aligncenter size-full wp-image-9434 img-responsive\" src=\"https:\/\/centros.uepb.edu.br\/ccbsa\/files\/2022\/11\/Arte-Comite-Covid-1.jpeg\" alt=\"\" width=\"1200\" height=\"680\" srcset=\"https:\/\/centros.uepb.edu.br\/ccbsa\/files\/2022\/11\/Arte-Comite-Covid-1.jpeg 1200w, https:\/\/centros.uepb.edu.br\/ccbsa\/files\/2022\/11\/Arte-Comite-Covid-1-300x170.jpeg 300w, https:\/\/centros.uepb.edu.br\/ccbsa\/files\/2022\/11\/Arte-Comite-Covid-1-1120x635.jpeg 1120w\" sizes=\"auto, (max-width: 1200px) 100vw, 1200px\" \/><\/a><\/p>\n<p>O Comit\u00ea de Conting\u00eancia e Crise Covid-19 e a gest\u00e3o da Universidade Estadual da Para\u00edba (UEPB) publicaram nesta segunda-feira (14) uma nota informativa sobre o uso de m\u00e1scaras no ambiente institucional. Segundo o comunicado, em conformidade com a\u00a0<strong>Nota Informativa 17\/2022<\/strong>\u00a0da Secretaria de Sa\u00fade do Estado da Para\u00edba, entre as semanas epidemiol\u00f3gicas (SE) 42 e 45 de 2022 e o posicionamento da Sociedade Brasileira de Infectologia, \u00e9 recomendada, fortemente,\u00a0<strong>a continuidade na utiliza\u00e7\u00e3o de m\u00e1scaras em ambientes fechados da UEPB<\/strong>\u00a0como medida de prote\u00e7\u00e3o individual para indiv\u00edduos sintom\u00e1ticos, com sintomas gripais, ou pessoas que estejam potencialmente em contato com transmissores, como profissionais da sa\u00fade, servidores com servi\u00e7o de atendimento ao p\u00fablico e familiares de pessoas sintom\u00e1ticas.<\/p>\n<p>A normativa recomenda, ainda, a manuten\u00e7\u00e3o no uso de m\u00e1scaras para imunossuprimidos e n\u00e3o vacinados contra covid-19 ou pessoas que n\u00e3o tenham recebido as quatro doses de vacina. O Comit\u00ea tamb\u00e9m refor\u00e7a a necessidade de esquema vacinal completo, bem como a lavagem das m\u00e3os com sab\u00e3o e o uso de \u00e1lcool 70%, para que possamos ter seguran\u00e7a no retorno presencial das atividades acad\u00eamicas da UEPB.<\/p>\n<p>Para conferir a nota completa clique\u00a0<a href=\"https:\/\/uepb.edu.br\/download\/nota-consuni-mascaras-nov22\/?wpdmdl=82156&amp;masterkey=fLgrn3RVAwUN6bTCJYCf_8JSNFtBJpjiTSTz6-j1UxuXvYoi64LAHD5T9cMIXX3Cn2UjmEuvDqnbhlowfyTnb8I4FbTIT-ZYzSkWaMnqnk0\" target=\"_blank\" rel=\"noopener\"><strong>AQUI<\/strong><\/a>. J\u00e1 a resolu\u00e7\u00e3o atualizada sobre o uso da m\u00e1scara na UEPB pode ser acessada\u00a0<a href=\"https:\/\/uepb.edu.br\/download\/resolucao-uepb-consuni-048-2022-atualiza-os-protocolos-de-biosseguranca-e-estabelece-o-uso-obrigatorio-de-mascara-nos-ambientes-fechados-na-uepb\/?wpdmdl=82330&amp;masterkey=Nyg9SzvmBbzQMZnmHMfoy4oH4M9MMce7UW9DFpMdwqS9BCK1sodbNyQ1HstkaJzk0xZ1frsD_VGXiVkUgthCXlVxW9wleD9PNT2y3f3-4sI\" target=\"_blank\" rel=\"noopener\"><strong>AQUI.<\/strong><\/a><\/p>\n","protected":false},"excerpt":{"rendered":"<p>O Comit\u00ea de Conting\u00eancia e Crise Covid-19 e a gest\u00e3o da Universidade Estadual da Para\u00edba (UEPB) publicaram nesta segunda-feira (14) uma nota informativa sobre o uso de m\u00e1scaras no ambiente institucional. Segundo o comunicado, em conformidade com a\u00a0Nota Informativa 17\/2022\u00a0da Secretaria de Sa\u00fade do Estado da Para\u00edba, entre as semanas epidemiol\u00f3gicas (SE) 42 e 45 <a class=\"leiamais\" href=\"https:\/\/centros.uepb.edu.br\/ccbsa\/comite-de-crise-da-covid-19-publica-nota-informativa-com-orientacoes-quanto-ao-uso-de-mascaras-na-uepb-2\/\">Leia Mais&#8230;<\/a><\/p>\n","protected":false},"author":8,"featured_media":9434,"comment_status":"closed","ping_status":"closed","sticky":false,"template":"","format":"standard","meta":{"footnotes":""},"categories":[11],"tags":[],"class_list":["post-9433","post","type-post","status-publish","format-standard","has-post-thumbnail","hentry","category-noticias-destaque-img"],"jetpack_featured_media_url":"https:\/\/centros.uepb.edu.br\/ccbsa\/files\/2022\/11\/Arte-Comite-Covid-1.jpeg","_links":{"self":[{"href":"https:\/\/centros.uepb.edu.br\/ccbsa\/wp-json\/wp\/v2\/posts\/9433","targetHints":{"allow":["GET"]}}],"collection":[{"href":"https:\/\/centros.uepb.edu.br\/ccbsa\/wp-json\/wp\/v2\/posts"}],"about":[{"href":"https:\/\/centros.uepb.edu.br\/ccbsa\/wp-json\/wp\/v2\/types\/post"}],"author":[{"embeddable":true,"href":"https:\/\/centros.uepb.edu.br\/ccbsa\/wp-json\/wp\/v2\/users\/8"}],"replies":[{"embeddable":true,"href":"https:\/\/centros.uepb.edu.br\/ccbsa\/wp-json\/wp\/v2\/comments?post=9433"}],"version-history":[{"count":0,"href":"https:\/\/centros.uepb.edu.br\/ccbsa\/wp-json\/wp\/v2\/posts\/9433\/revisions"}],"wp:featuredmedia":[{"embeddable":true,"href":"https:\/\/centros.uepb.edu.br\/ccbsa\/wp-json\/wp\/v2\/media\/9434"}],"wp:attachment":[{"href":"https:\/\/centros.uepb.edu.br\/ccbsa\/wp-json\/wp\/v2\/media?parent=9433"}],"wp:term":[{"taxonomy":"category","embeddable":true,"href":"https:\/\/centros.uepb.edu.br\/ccbsa\/wp-json\/wp\/v2\/categories?post=9433"},{"taxonomy":"post_tag","embeddable":true,"href":"https:\/\/centros.uepb.edu.br\/ccbsa\/wp-json\/wp\/v2\/tags?post=9433"}],"curies":[{"name":"wp","href":"https:\/\/api.w.org\/{rel}","templated":true}]}}