{"id":9414,"date":"2022-11-18T12:49:18","date_gmt":"2022-11-18T12:49:18","guid":{"rendered":"https:\/\/centros.uepb.edu.br\/ccbsa\/?p=9414"},"modified":"2022-11-23T13:48:09","modified_gmt":"2022-11-23T13:48:09","slug":"direcao-de-centro-informa-sobre-reuniao-com-formandos-do-periodo-letivo-2022-2","status":"publish","type":"post","link":"https:\/\/centros.uepb.edu.br\/ccbsa\/direcao-de-centro-informa-sobre-reuniao-com-formandos-do-periodo-letivo-2022-2\/","title":{"rendered":"Dire\u00e7\u00e3o de Centro informa sobre reuni\u00e3o com formandos do per\u00edodo letivo 2022.2"},"content":{"rendered":"<p><a href=\"https:\/\/centros.uepb.edu.br\/ccbsa\/files\/2022\/11\/Arte-Colacao-de-Grau-1.png\"><img loading=\"lazy\" decoding=\"async\" class=\"aligncenter size-full wp-image-9429 img-responsive\" src=\"https:\/\/centros.uepb.edu.br\/ccbsa\/files\/2022\/11\/Arte-Colacao-de-Grau-1.png\" alt=\"\" width=\"1200\" height=\"680\" srcset=\"https:\/\/centros.uepb.edu.br\/ccbsa\/files\/2022\/11\/Arte-Colacao-de-Grau-1.png 1200w, https:\/\/centros.uepb.edu.br\/ccbsa\/files\/2022\/11\/Arte-Colacao-de-Grau-1-300x170.png 300w, https:\/\/centros.uepb.edu.br\/ccbsa\/files\/2022\/11\/Arte-Colacao-de-Grau-1-1120x635.png 1120w\" sizes=\"auto, (max-width: 1200px) 100vw, 1200px\" \/><\/a><\/p>\n<p>A dire\u00e7\u00e3o do Centro de Ci\u00eancias Biol\u00f3gicas e Sociais Aplicadas (CCBSA) da Universidade Estadual da Para\u00edba, comunica aos formandos dos cursos de gradua\u00e7\u00e3o em Arquivologia, Ci\u00eancias Biol\u00f3gicas e Rela\u00e7\u00f5es Internacionais do C\u00e2mpus V que, ser\u00e1 realizada, na segunda-feira, 28 de novembro, \u00e0s 10h, no audit\u00f3rio Pioneiros, e 18h30, via Google Meet, a reuni\u00e3o destinada a informes e defini\u00e7\u00e3o de detalhes referentes \u00e0 cerim\u00f4nia de cola\u00e7\u00e3o de Grau do per\u00edodo letivo 2022.2.<\/p>\n<p>Na oportunidade ser\u00e3o escolhidos o estudante que far\u00e1 o juramento em nome das turmas concluintes, o aluno que ir\u00e1 colar grau em nome dos formandos de cada curso, o paraninfo geral e os integrantes da comitiva que o conduzir\u00e1.<\/p>\n<p>Durante a reuni\u00e3o tamb\u00e9m ser\u00e1 aberto o Edital para a escolha do Orador Oficial e fornecidas orienta\u00e7\u00f5es do cerimonial quanto a trajes, becas, ensaio geral, participa\u00e7\u00e3o dos fot\u00f3grafos e convidados, hora de chegada, entre outros assuntos de interesse dos futuros formandos.<\/p>\n<p>A solenidade de Cola\u00e7\u00e3o de Grau do semestre 2022.2 do C\u00e2mpus V ser\u00e1 realizada no dia 20 de dezembro, \u00e0s 10h no audit\u00f3rio da reitoria da UFPB.<\/p>\n","protected":false},"excerpt":{"rendered":"<p>A dire\u00e7\u00e3o do Centro de Ci\u00eancias Biol\u00f3gicas e Sociais Aplicadas (CCBSA) da Universidade Estadual da Para\u00edba, comunica aos formandos dos cursos de gradua\u00e7\u00e3o em Arquivologia, Ci\u00eancias Biol\u00f3gicas e Rela\u00e7\u00f5es Internacionais do C\u00e2mpus V que, ser\u00e1 realizada, na segunda-feira, 28 de novembro, \u00e0s 10h, no audit\u00f3rio Pioneiros, e 18h30, via Google Meet, a reuni\u00e3o destinada a <a class=\"leiamais\" href=\"https:\/\/centros.uepb.edu.br\/ccbsa\/direcao-de-centro-informa-sobre-reuniao-com-formandos-do-periodo-letivo-2022-2\/\">Leia Mais&#8230;<\/a><\/p>\n","protected":false},"author":8,"featured_media":9429,"comment_status":"closed","ping_status":"closed","sticky":false,"template":"","format":"standard","meta":{"footnotes":""},"categories":[11],"tags":[],"class_list":["post-9414","post","type-post","status-publish","format-standard","has-post-thumbnail","hentry","category-noticias-destaque-img"],"jetpack_featured_media_url":"https:\/\/centros.uepb.edu.br\/ccbsa\/files\/2022\/11\/Arte-Colacao-de-Grau-1.png","_links":{"self":[{"href":"https:\/\/centros.uepb.edu.br\/ccbsa\/wp-json\/wp\/v2\/posts\/9414","targetHints":{"allow":["GET"]}}],"collection":[{"href":"https:\/\/centros.uepb.edu.br\/ccbsa\/wp-json\/wp\/v2\/posts"}],"about":[{"href":"https:\/\/centros.uepb.edu.br\/ccbsa\/wp-json\/wp\/v2\/types\/post"}],"author":[{"embeddable":true,"href":"https:\/\/centros.uepb.edu.br\/ccbsa\/wp-json\/wp\/v2\/users\/8"}],"replies":[{"embeddable":true,"href":"https:\/\/centros.uepb.edu.br\/ccbsa\/wp-json\/wp\/v2\/comments?post=9414"}],"version-history":[{"count":0,"href":"https:\/\/centros.uepb.edu.br\/ccbsa\/wp-json\/wp\/v2\/posts\/9414\/revisions"}],"wp:featuredmedia":[{"embeddable":true,"href":"https:\/\/centros.uepb.edu.br\/ccbsa\/wp-json\/wp\/v2\/media\/9429"}],"wp:attachment":[{"href":"https:\/\/centros.uepb.edu.br\/ccbsa\/wp-json\/wp\/v2\/media?parent=9414"}],"wp:term":[{"taxonomy":"category","embeddable":true,"href":"https:\/\/centros.uepb.edu.br\/ccbsa\/wp-json\/wp\/v2\/categories?post=9414"},{"taxonomy":"post_tag","embeddable":true,"href":"https:\/\/centros.uepb.edu.br\/ccbsa\/wp-json\/wp\/v2\/tags?post=9414"}],"curies":[{"name":"wp","href":"https:\/\/api.w.org\/{rel}","templated":true}]}}