{"id":9315,"date":"2022-10-13T13:42:24","date_gmt":"2022-10-13T13:42:24","guid":{"rendered":"https:\/\/centros.uepb.edu.br\/ccbsa\/?p=9315"},"modified":"2022-10-13T14:13:27","modified_gmt":"2022-10-13T14:13:27","slug":"reitoria-e-direcao-do-ccbsa-realizam-reuniao-com-representantes-estudantis","status":"publish","type":"post","link":"https:\/\/centros.uepb.edu.br\/ccbsa\/reitoria-e-direcao-do-ccbsa-realizam-reuniao-com-representantes-estudantis\/","title":{"rendered":"Reitoria e dire\u00e7\u00e3o do CCBSA realizam reuni\u00e3o com representantes estudantis"},"content":{"rendered":"<p><a href=\"https:\/\/centros.uepb.edu.br\/ccbsa\/files\/2022\/10\/IMG_6223.jpg\"><img loading=\"lazy\" decoding=\"async\" class=\"aligncenter size-full wp-image-9316 img-responsive\" src=\"https:\/\/centros.uepb.edu.br\/ccbsa\/files\/2022\/10\/IMG_6223.jpg\" alt=\"\" width=\"1200\" height=\"680\" srcset=\"https:\/\/centros.uepb.edu.br\/ccbsa\/files\/2022\/10\/IMG_6223.jpg 1200w, https:\/\/centros.uepb.edu.br\/ccbsa\/files\/2022\/10\/IMG_6223-300x170.jpg 300w, https:\/\/centros.uepb.edu.br\/ccbsa\/files\/2022\/10\/IMG_6223-1120x635.jpg 1120w\" sizes=\"auto, (max-width: 1200px) 100vw, 1200px\" \/><\/a><\/p>\n<p>Com o objetivo de dialogar sobre diversas pautas de interesse da categoria estudantil, a reitoria e dire\u00e7\u00e3o do Centro de Ci\u00eancias Biol\u00f3gicas e Sociais Aplicadas (CCBSA) da Universidade Estadual da Para\u00edba (CCBSA) realizaram, na manh\u00e3 da \u00faltima quinta-feira (6), uma reuni\u00e3o com membros do Centro Acad\u00eamico de Rela\u00e7\u00f5es Internacionais e representantes dos graduandos de Arquivologia e Ci\u00eancias Biol\u00f3gicas do C\u00e2mpus V da UEPB.<\/p>\n<p>Estavam presentes na reuni\u00e3o, a reitora da UEPB, professora C\u00e9lia Regina; a vice-reitora, professora Ivonildes Fonseca; o pro-reitor de p\u00f3s-gradua\u00e7\u00e3o e pesquisa, professor Francisco Jaime; o diretor do CCBSA, professor Cleber Salimon; a diretora adjunta, professora Lucila Vilhena; a nutricionista da UEPB, Nayara Massa; a representante do Observat\u00f3rio Briggida Louren\u00e7o, Terl\u00facia Maria, e representantes das entidades estudantis do C\u00e2mpus V.<\/p>\n<p>Na oportunidade, foram apresentadas demandas sobre quest\u00f5es de infraestrutura, transporte, esporte, lazer, assist\u00eancia estudantil, dentre outras. Atenta \u00e0s quest\u00f5es apresentadas, a professora C\u00e9lia Regina apresentou alguns encaminhamentos para os pontos dialogados na reuni\u00e3o.<\/p>\n<p>Com rela\u00e7\u00e3o \u00e0 quest\u00e3o de seguran\u00e7a no entorno ao C\u00e2mpus V, a reitora destacou que est\u00e1 com uma reuni\u00e3o agendada junto ao secret\u00e1rio de seguran\u00e7a p\u00fablica do Estado para buscar solu\u00e7\u00f5es para o problema relatado pelos estudantes, al\u00e9m de anunciar a realiza\u00e7\u00e3o de um f\u00f3rum que ir\u00e1 realizar debates e chamar a aten\u00e7\u00e3o para essa quest\u00e3o. Outras demandas de esporte e lazer, foram encaminhadas \u00e0 Coordenadoria de esporte e lazer da UEPB que, junto \u00e0 Pro-reitoria Estudatil (PROEST) dever\u00e1 tratar diretamente das quest\u00f5es pontuadas pelos estudantes.<\/p>\n<p>O professor Cleber destacou que algumas inquieta\u00e7\u00f5es pontuadas, como os espa\u00e7os para laborat\u00f3rios de alguns cursos, est\u00e3o sendo resolvidos de forma dialogada com a participa\u00e7\u00e3o de uma comiss\u00e3o de representantes de cada curso, destinada \u00e0 divis\u00e3o dos locais dispon\u00edveis no C\u00e2mpus V desde a \u00e9poca da constru\u00e7\u00e3o da Central de Aulas. O diretor tamb\u00e9m esclareceu que as quest\u00f5es de acessibilidade ser\u00e3o encaminhadas \u00e0 comiss\u00e3o t\u00e9cnica do C\u00e2mpus V que atua com essa finalidade e poder\u00e1 pensar em formas de sanar os problemas apresentados.<\/p>\n<p>Para buscar alternativas relacionadas a um dos pontos apresentados pelos estudantes, relacionado \u00e0 assist\u00eancia estudantil para alimenta\u00e7\u00e3o, ao fim da reuni\u00e3o foi formada uma comiss\u00e3o com estudantes dos tr\u00eas cursos, PROEST e a nutricionista da UEPB. A partir do trabalho realizado pela comiss\u00e3o ser\u00e1 gerado um relat\u00f3rio com poss\u00edveis encaminhamentos a serem tomados pela reitoria, em conson\u00e2ncia com o Conselho Superior Universit\u00e1rio e a disponibilidade or\u00e7ament\u00e1ria da Institui\u00e7\u00e3o.<\/p>\n<p>Texto e foto: Juliana Marques<\/p>\n","protected":false},"excerpt":{"rendered":"<p>Com o objetivo de dialogar sobre diversas pautas de interesse da categoria estudantil, a reitoria e dire\u00e7\u00e3o do Centro de Ci\u00eancias Biol\u00f3gicas e Sociais Aplicadas (CCBSA) da Universidade Estadual da Para\u00edba (CCBSA) realizaram, na manh\u00e3 da \u00faltima quinta-feira (6), uma reuni\u00e3o com membros do Centro Acad\u00eamico de Rela\u00e7\u00f5es Internacionais e representantes dos graduandos de Arquivologia <a class=\"leiamais\" href=\"https:\/\/centros.uepb.edu.br\/ccbsa\/reitoria-e-direcao-do-ccbsa-realizam-reuniao-com-representantes-estudantis\/\">Leia Mais&#8230;<\/a><\/p>\n","protected":false},"author":8,"featured_media":9316,"comment_status":"closed","ping_status":"closed","sticky":false,"template":"","format":"standard","meta":{"footnotes":""},"categories":[3,11],"tags":[],"class_list":["post-9315","post","type-post","status-publish","format-standard","has-post-thumbnail","hentry","category-noticias","category-noticias-destaque-img"],"jetpack_featured_media_url":"https:\/\/centros.uepb.edu.br\/ccbsa\/files\/2022\/10\/IMG_6223.jpg","_links":{"self":[{"href":"https:\/\/centros.uepb.edu.br\/ccbsa\/wp-json\/wp\/v2\/posts\/9315","targetHints":{"allow":["GET"]}}],"collection":[{"href":"https:\/\/centros.uepb.edu.br\/ccbsa\/wp-json\/wp\/v2\/posts"}],"about":[{"href":"https:\/\/centros.uepb.edu.br\/ccbsa\/wp-json\/wp\/v2\/types\/post"}],"author":[{"embeddable":true,"href":"https:\/\/centros.uepb.edu.br\/ccbsa\/wp-json\/wp\/v2\/users\/8"}],"replies":[{"embeddable":true,"href":"https:\/\/centros.uepb.edu.br\/ccbsa\/wp-json\/wp\/v2\/comments?post=9315"}],"version-history":[{"count":0,"href":"https:\/\/centros.uepb.edu.br\/ccbsa\/wp-json\/wp\/v2\/posts\/9315\/revisions"}],"wp:featuredmedia":[{"embeddable":true,"href":"https:\/\/centros.uepb.edu.br\/ccbsa\/wp-json\/wp\/v2\/media\/9316"}],"wp:attachment":[{"href":"https:\/\/centros.uepb.edu.br\/ccbsa\/wp-json\/wp\/v2\/media?parent=9315"}],"wp:term":[{"taxonomy":"category","embeddable":true,"href":"https:\/\/centros.uepb.edu.br\/ccbsa\/wp-json\/wp\/v2\/categories?post=9315"},{"taxonomy":"post_tag","embeddable":true,"href":"https:\/\/centros.uepb.edu.br\/ccbsa\/wp-json\/wp\/v2\/tags?post=9315"}],"curies":[{"name":"wp","href":"https:\/\/api.w.org\/{rel}","templated":true}]}}