{"id":931,"date":"2013-09-27T14:00:39","date_gmt":"2013-09-27T14:00:39","guid":{"rendered":"\/ccbsa\/?p=931"},"modified":"2013-09-27T14:43:35","modified_gmt":"2013-09-27T14:43:35","slug":"livro-com-textos-de-estudantes-do-curso-de-arquivologia-da-uepb-e-lancado-em-joao-pessoa","status":"publish","type":"post","link":"https:\/\/centros.uepb.edu.br\/ccbsa\/livro-com-textos-de-estudantes-do-curso-de-arquivologia-da-uepb-e-lancado-em-joao-pessoa\/","title":{"rendered":"Livro com textos de estudantes do curso de Arquivologia da UEPB \u00e9 lan\u00e7ado em Jo\u00e3o Pessoa"},"content":{"rendered":"<p><a href=\"http:\/\/centros.ascom.uepb.edu.br\/ccbsa\/files\/2013\/09\/1374757_434717153304435_212082956_n.jpg\"><img loading=\"lazy\" decoding=\"async\" class=\"alignleft size-thumbnail wp-image-933 img-responsive\" alt=\"1374757_434717153304435_212082956_n\" src=\"http:\/\/centros.ascom.uepb.edu.br\/ccbsa\/files\/2013\/09\/1374757_434717153304435_212082956_n-150x150.jpg\" width=\"150\" height=\"150\" \/><\/a>Com a presen\u00e7a de estudantes, docentes e profissionais da \u00e1rea de Arquivologia, foi realizado, na noite da \u00faltima ter\u00e7a-feira (24), durante a \u201cMostra Mem\u00f3ria do IFPB\u201d, o lan\u00e7amento do livro \u201cSemin\u00e1rios de saberes arquiv\u00edsticos: Pr\u00e1ticas de Leitura e Escrita na Universidade\u201d, organizado pelas professoras da Universidade Estadual da Para\u00edba, Eliete Correia e Francinete Fernandes.<\/p>\n<p>Ap\u00f3s o pr\u00e9-lan\u00e7amento da obra, que ocorreu durante as festividades de sete anos do Campus V da UEPB, em 28 de agosto, foi realizada a solenidade de apresenta\u00e7\u00e3o do primeiro volume da colet\u00e2nea \u201cInterfaces do aprendizado na Universidade\u201d, da Editora Appris, que re\u00fane textos, produzidos de 2007 a 2010, por estudantes e arquivistas, egressos do curso de Arquivologia da UEPB.<\/p>\n<p>O livro \u00e9 o resultado de um trabalho iniciado pela professora Eliete Correia a partir da experi\u00eancia nas aulas dos componentes curriculares <a href=\"http:\/\/centros.ascom.uepb.edu.br\/ccbsa\/files\/2013\/09\/1379232_295045097301509_2011331472_n.jpg\"><img loading=\"lazy\" decoding=\"async\" class=\"alignright size-thumbnail wp-image-934 img-responsive\" alt=\"1379232_295045097301509_2011331472_n\" src=\"http:\/\/centros.ascom.uepb.edu.br\/ccbsa\/files\/2013\/09\/1379232_295045097301509_2011331472_n-150x150.jpg\" width=\"150\" height=\"150\" \/><\/a>\u201cOficina de Textos I e II\u201d, do curso de Arquivologia.\u00a0 \u201cAo introduzirmos o estudo dos g\u00eaneros acad\u00eamicos, as discuss\u00f5es dos alunos em sala de aula revelaram as dificuldades tem\u00e1ticas, composicionais e lingu\u00edsticas. A maioria deles apresentou inseguran\u00e7a e medo ao falar em p\u00fablico e ao escrever textos\u201d, esclareceu a docente.<\/p>\n<p>Ela ainda acrescentou que \u201cnessa perspectiva, em parceria com as professoras Francinete Fernandes, ministrante dos componentes curriculares \u2018An\u00e1lise document\u00e1ria I e II\u2019 e \u2018Fundamentos Arquiv\u00edsticos\u2019 e Elis\u00e2ngela Mendon\u00e7a, respons\u00e1vel pela disciplina de \u2018Metodologia Cient\u00edfica\u2019 pensamos na realiza\u00e7\u00e3o de um trabalho, de car\u00e1ter interdisciplinar, no qual os alunos pudessem produzir artigos cient\u00edficos que seriam orientados pelas docentes segundo a perspectiva de cada um desses componentes curriculares e seriam expostos e avaliados como trabalho final de todas as disciplinas\u201d.<\/p>\n<p>Essa experi\u00eancia resultou no Semin\u00e1rio de Saberes Arquiv\u00edsticos (SESA), cujas apresenta\u00e7\u00f5es estavam na modalidade de comunica\u00e7\u00e3o oral e foram publicados, internamente, em um CD de anais de cada semestre. As v\u00e1rias edi\u00e7\u00f5es do SESA, realizadas de 2007 a 2010, resultaram em mais de 200 artigos cient\u00edficos, publicados em peri\u00f3dicos da \u00e1rea, apresentados em eventos da pr\u00f3pria UEPB e de outras institui\u00e7\u00f5es, e, em alguns casos, os estudantes escolheram a tem\u00e1tica abordada em seus artigos para transform\u00e1-los nos Trabalhos de Conclus\u00e3o de Curso.<\/p>\n<p>Parte destas produ\u00e7\u00f5es foi selecionada pelas professoras Eliete Correia de Francinete Fernandes, que submeteram os trabalhos a pesquisadores de renome nacional e internacional, a exemplo da professora Helo\u00edsa Belloto, da USP, Fernanda Ribeiro, da Universidade do Porto, Ang\u00e9lica Martins, da UnB, al\u00e9m de outros docentes de relev\u00e2ncia na \u00e1rea de Arquivologia e Linguagem.<\/p>\n<p>O resultado desta sele\u00e7\u00e3o \u00e9 o livro \u201cSemin\u00e1rios de saberes arquiv\u00edsticos: Pr\u00e1ticas de Leitura e Escrita na Universidade\u201d. De acordo com a equipe respons\u00e1vel pela publica\u00e7\u00e3o, \u201cconsiderando as necessidades acad\u00eamicas dos graduandos de Arquivologia o livro demonstrou um ensino de escrita que foi muito al\u00e9m da memoriza\u00e7\u00e3o de regras e normas, mas, apontou um caminho que come\u00e7a com o estabelecimento da finalidade, escrever um artigo, e passar por etapas como estudar o tema, identificar ideias principais, sumarizar, resenhar, coletar dados, analisar, escrever os resultados, apresenta-los em eventos internos da faculdade e publicar\u201d.<\/p>\n<p>S\u00e3o abordados diferentes temas da Arquivologia, como o diagn\u00f3stico de arquivo e sua rela\u00e7\u00e3o com as tecnologias da informa\u00e7\u00e3o, gerenciamento, preserva\u00e7\u00e3o de documentos e patrim\u00f4nio cultural. O livro \u00e9 o primeiro t\u00edtulo de uma cole\u00e7\u00e3o que dever\u00e1 vir em sequ\u00eancia, com trabalhos de docentes e pesquisadores de todo o mundo, da \u00e1rea de Arquivologia e Ci\u00eancia da Informa\u00e7\u00e3o, com par\u00e2metros elaborados pela coordena\u00e7\u00e3o de Aperfei\u00e7oamento de Pessoal de N\u00edvel Superior (Capes).<\/p>\n<p>&nbsp;<\/p>\n","protected":false},"excerpt":{"rendered":"<p>Com a presen\u00e7a de estudantes, docentes e profissionais da \u00e1rea de Arquivologia, foi realizado, na noite da \u00faltima ter\u00e7a-feira (24), durante a \u201cMostra Mem\u00f3ria do IFPB\u201d, o lan\u00e7amento do livro \u201cSemin\u00e1rios de saberes arquiv\u00edsticos: Pr\u00e1ticas de Leitura e Escrita na Universidade\u201d, organizado pelas professoras da Universidade Estadual da Para\u00edba, Eliete Correia e Francinete Fernandes. Ap\u00f3s <a class=\"leiamais\" href=\"https:\/\/centros.uepb.edu.br\/ccbsa\/livro-com-textos-de-estudantes-do-curso-de-arquivologia-da-uepb-e-lancado-em-joao-pessoa\/\">Leia Mais&#8230;<\/a><\/p>\n","protected":false},"author":8,"featured_media":0,"comment_status":"open","ping_status":"open","sticky":false,"template":"","format":"standard","meta":{"footnotes":""},"categories":[3,5],"tags":[],"class_list":["post-931","post","type-post","status-publish","format-standard","hentry","category-noticias","category-visiveis"],"jetpack_featured_media_url":"","_links":{"self":[{"href":"https:\/\/centros.uepb.edu.br\/ccbsa\/wp-json\/wp\/v2\/posts\/931","targetHints":{"allow":["GET"]}}],"collection":[{"href":"https:\/\/centros.uepb.edu.br\/ccbsa\/wp-json\/wp\/v2\/posts"}],"about":[{"href":"https:\/\/centros.uepb.edu.br\/ccbsa\/wp-json\/wp\/v2\/types\/post"}],"author":[{"embeddable":true,"href":"https:\/\/centros.uepb.edu.br\/ccbsa\/wp-json\/wp\/v2\/users\/8"}],"replies":[{"embeddable":true,"href":"https:\/\/centros.uepb.edu.br\/ccbsa\/wp-json\/wp\/v2\/comments?post=931"}],"version-history":[{"count":0,"href":"https:\/\/centros.uepb.edu.br\/ccbsa\/wp-json\/wp\/v2\/posts\/931\/revisions"}],"wp:attachment":[{"href":"https:\/\/centros.uepb.edu.br\/ccbsa\/wp-json\/wp\/v2\/media?parent=931"}],"wp:term":[{"taxonomy":"category","embeddable":true,"href":"https:\/\/centros.uepb.edu.br\/ccbsa\/wp-json\/wp\/v2\/categories?post=931"},{"taxonomy":"post_tag","embeddable":true,"href":"https:\/\/centros.uepb.edu.br\/ccbsa\/wp-json\/wp\/v2\/tags?post=931"}],"curies":[{"name":"wp","href":"https:\/\/api.w.org\/{rel}","templated":true}]}}