{"id":9309,"date":"2022-10-06T19:32:56","date_gmt":"2022-10-06T19:32:56","guid":{"rendered":"https:\/\/centros.uepb.edu.br\/ccbsa\/?p=9309"},"modified":"2022-10-06T19:32:56","modified_gmt":"2022-10-06T19:32:56","slug":"nucleo-de-estudo-e-pesquisa-sobre-deslocados-ambientais-e-referencia-para-pesquisadores-estrangeiros","status":"publish","type":"post","link":"https:\/\/centros.uepb.edu.br\/ccbsa\/nucleo-de-estudo-e-pesquisa-sobre-deslocados-ambientais-e-referencia-para-pesquisadores-estrangeiros\/","title":{"rendered":"N\u00facleo de Estudo e Pesquisa sobre Deslocados Ambientais \u00e9 refer\u00eancia para pesquisadores estrangeiros"},"content":{"rendered":"<p><a href=\"https:\/\/centros.uepb.edu.br\/ccbsa\/files\/2022\/10\/IMG_6215.jpg\"><img loading=\"lazy\" decoding=\"async\" class=\"aligncenter size-full wp-image-9310 img-responsive\" src=\"https:\/\/centros.uepb.edu.br\/ccbsa\/files\/2022\/10\/IMG_6215.jpg\" alt=\"\" width=\"1200\" height=\"680\" srcset=\"https:\/\/centros.uepb.edu.br\/ccbsa\/files\/2022\/10\/IMG_6215.jpg 1200w, https:\/\/centros.uepb.edu.br\/ccbsa\/files\/2022\/10\/IMG_6215-300x170.jpg 300w, https:\/\/centros.uepb.edu.br\/ccbsa\/files\/2022\/10\/IMG_6215-1120x635.jpg 1120w\" sizes=\"auto, (max-width: 1200px) 100vw, 1200px\" \/><\/a><\/p>\n<p>Desde que foi criado, em 2012, o N\u00facleo de Estudo e Pesquisa sobre Deslocados Ambientais (NEPDA) da Universidade Estadual da Para\u00edba (UEPB), tem desenvolvido diversas iniciativas que permitem a consolida\u00e7\u00e3o do N\u00facleo no cen\u00e1rio acad\u00eamico nacional e internacional. Com essa perspectiva, o NEPDA recebeu, neste m\u00eas de outubro, o estudante da Radboud University Nijmegen, na Holanda, Th\u00ffmen Von Kleef, que est\u00e1 realizando um estudo em n\u00edvel de mestrado sobre a rela\u00e7\u00e3o entre a migra\u00e7\u00e3o e a seca no Nordeste do Brasil.<\/p>\n<p>Apaixonado pela cultura brasileira, Th\u00ffmen teve contato na Holanda com uma das coordenadoras do NEPDA, a professora Carolina Claro, que intermediou a vinda do estudante para o Brasil, inicialmente para o Rio de Janeiro e, posteriormente, para a Para\u00edba, onde desenvolver\u00e1 a coleta de dados de sua pesquisa nos munic\u00edpios de Catol\u00e9 do Rocha, Patos, Concei\u00e7\u00e3o e Itaporanga.<\/p>\n<p>\u201cEu sempre me interessei pelo Brasil e tinha vontade de conhecer mais sobre esse pa\u00eds, indo al\u00e9m do que os turistas normalmente conhecem. Diante disso, me interessei em conhecer essa rela\u00e7\u00e3o entre as secas e a migra\u00e7\u00e3o e estudar em que medida as a\u00e7\u00f5es do Governo influenciam nessa decis\u00e3o. E para a realiza\u00e7\u00e3o desse estudo o apoio do NEPDA \u00e9 fundamental do ponto de vista log\u00edstico, para articular a rede de contatos e nos dar todo o apoio que precisamos para desenvolver o estudo\u201d, avalia Th\u00ffmen.<\/p>\n<p>De acordo com a coordenadora do NEPDA, professora Andrea Pac\u00edfico, a vinda do estudante holand\u00eas \u00e9 uma forma de reconhecimento ao trabalho desempenhado pelo NEPDA e abre possibilidades de fortalecimento de la\u00e7os entre a UEPB e institui\u00e7\u00f5es de outros pa\u00edses, o que \u00e9 favor\u00e1vel para o N\u00facleo de Pesquisa.<\/p>\n<p>\u201cA gente fica bem feliz ver o NEPDA sendo reconhecido como uma fonte de pesquisa. Isso \u00e9 gratificante. \u00c9 uma troca de experi\u00eancias. O Th\u00ffmen tem acompanhado as aulas do Mestrado na disciplina de Migra\u00e7\u00e3o e Ref\u00fagio, o que nos permite comparar o acolhimento e integra\u00e7\u00e3o de migrantes na Europa, que \u00e9 bem diferente da forma que acontece no Sul Global, e certamente fazer uma discuss\u00e3o mais rica com a presen\u00e7a dele em sala de aula. Al\u00e9m disso, temos a possibilidade de mais trocas acad\u00eamicas com a Universidade a qual ele faz parte tanto para pesquisas, publica\u00e7\u00f5es, interc\u00e2mbio com docentes e discentes, nos d\u00e1 esperan\u00e7a de fortalecer esses v\u00ednculos \u2018, explica a professora Andrea.<\/p>\n<p>O NEPDA foi criado em abril de 2012 para aglutinar pesquisadores locais, nacionais e internacionais interessados na problem\u00e1tica dos deslocados ambientais, de forma a dar visibilidade a este grupo de migrantes ainda ausente de prote\u00e7\u00e3o dos regimes internacionais e com pouca prote\u00e7\u00e3o dos governos nacionais donde migram e onde buscam acolhimento.<\/p>\n<p>Com essa perspectiva o NEPDA realiza eventos, promove publica\u00e7\u00f5es e desenvolve estudos voltados a debater a quest\u00e3o do deslocamento ambiental nos diversos campos com o objetivo de identificar os focos de deslocamento ambiental, analisando o fen\u00f4meno migrat\u00f3rio por motiva\u00e7\u00e3o ambiental, al\u00e9m de discutir a possibilidade de forma\u00e7\u00e3o de um novo regime internacional ou a amplia\u00e7\u00e3o de regimes existentes que possam proteg\u00ea-los em seus direitos b\u00e1sicos fundamentais e dar-lhes a seguran\u00e7a ausente nas diversas fases dos processos de deslocamento.<\/p>\n<p>Texto: Juliana Marques<\/p>\n","protected":false},"excerpt":{"rendered":"<p>Desde que foi criado, em 2012, o N\u00facleo de Estudo e Pesquisa sobre Deslocados Ambientais (NEPDA) da Universidade Estadual da Para\u00edba (UEPB), tem desenvolvido diversas iniciativas que permitem a consolida\u00e7\u00e3o do N\u00facleo no cen\u00e1rio acad\u00eamico nacional e internacional. Com essa perspectiva, o NEPDA recebeu, neste m\u00eas de outubro, o estudante da Radboud University Nijmegen, na <a class=\"leiamais\" href=\"https:\/\/centros.uepb.edu.br\/ccbsa\/nucleo-de-estudo-e-pesquisa-sobre-deslocados-ambientais-e-referencia-para-pesquisadores-estrangeiros\/\">Leia Mais&#8230;<\/a><\/p>\n","protected":false},"author":8,"featured_media":9310,"comment_status":"closed","ping_status":"closed","sticky":false,"template":"","format":"standard","meta":{"footnotes":""},"categories":[3,11],"tags":[],"class_list":["post-9309","post","type-post","status-publish","format-standard","has-post-thumbnail","hentry","category-noticias","category-noticias-destaque-img"],"jetpack_featured_media_url":"https:\/\/centros.uepb.edu.br\/ccbsa\/files\/2022\/10\/IMG_6215.jpg","_links":{"self":[{"href":"https:\/\/centros.uepb.edu.br\/ccbsa\/wp-json\/wp\/v2\/posts\/9309","targetHints":{"allow":["GET"]}}],"collection":[{"href":"https:\/\/centros.uepb.edu.br\/ccbsa\/wp-json\/wp\/v2\/posts"}],"about":[{"href":"https:\/\/centros.uepb.edu.br\/ccbsa\/wp-json\/wp\/v2\/types\/post"}],"author":[{"embeddable":true,"href":"https:\/\/centros.uepb.edu.br\/ccbsa\/wp-json\/wp\/v2\/users\/8"}],"replies":[{"embeddable":true,"href":"https:\/\/centros.uepb.edu.br\/ccbsa\/wp-json\/wp\/v2\/comments?post=9309"}],"version-history":[{"count":0,"href":"https:\/\/centros.uepb.edu.br\/ccbsa\/wp-json\/wp\/v2\/posts\/9309\/revisions"}],"wp:featuredmedia":[{"embeddable":true,"href":"https:\/\/centros.uepb.edu.br\/ccbsa\/wp-json\/wp\/v2\/media\/9310"}],"wp:attachment":[{"href":"https:\/\/centros.uepb.edu.br\/ccbsa\/wp-json\/wp\/v2\/media?parent=9309"}],"wp:term":[{"taxonomy":"category","embeddable":true,"href":"https:\/\/centros.uepb.edu.br\/ccbsa\/wp-json\/wp\/v2\/categories?post=9309"},{"taxonomy":"post_tag","embeddable":true,"href":"https:\/\/centros.uepb.edu.br\/ccbsa\/wp-json\/wp\/v2\/tags?post=9309"}],"curies":[{"name":"wp","href":"https:\/\/api.w.org\/{rel}","templated":true}]}}