{"id":9298,"date":"2022-10-04T21:11:01","date_gmt":"2022-10-04T21:11:01","guid":{"rendered":"https:\/\/centros.uepb.edu.br\/ccbsa\/?p=9298"},"modified":"2022-10-07T17:22:16","modified_gmt":"2022-10-07T17:22:16","slug":"farpas-6a-edicao-do-festival-de-artes-e-participacao-social-da-uepb-e-realizada-com-diversas-atividades-socioculturais","status":"publish","type":"post","link":"https:\/\/centros.uepb.edu.br\/ccbsa\/farpas-6a-edicao-do-festival-de-artes-e-participacao-social-da-uepb-e-realizada-com-diversas-atividades-socioculturais\/","title":{"rendered":"Farpas: 6\u00aa edi\u00e7\u00e3o do Festival de Artes e Participa\u00e7\u00e3o Social da UEPB \u00e9 realizada com diversas atividades socioculturais"},"content":{"rendered":"\n\t\t<style type=\"text\/css\">\n\t\t\t#gallery-1 {\n\t\t\t\tmargin: auto;\n\t\t\t}\n\t\t\t#gallery-1 .gallery-item {\n\t\t\t\tfloat: left;\n\t\t\t\tmargin-top: 10px;\n\t\t\t\ttext-align: center;\n\t\t\t\twidth: 33%;\n\t\t\t}\n\t\t\t#gallery-1 img {\n\t\t\t\tborder: 2px solid #cfcfcf;\n\t\t\t}\n\t\t\t#gallery-1 .gallery-caption {\n\t\t\t\tmargin-left: 0;\n\t\t\t}\n\t\t\t\/* see gallery_shortcode() in wp-includes\/media.php *\/\n\t\t<\/style>\n\t\t<div id='gallery-1' class='gallery galleryid-9298 gallery-columns-3 gallery-size-full'><dl class='gallery-item'>\n\t\t\t<dt class='gallery-icon landscape'>\n\t\t\t\t<a href='https:\/\/centros.uepb.edu.br\/ccbsa\/files\/2022\/10\/IMG_6089-1.jpg'><img loading=\"lazy\" decoding=\"async\" width=\"1200\" height=\"680\" src=\"https:\/\/centros.uepb.edu.br\/ccbsa\/files\/2022\/10\/IMG_6089-1.jpg\" class=\"attachment-full size-full\" alt=\"\" srcset=\"https:\/\/centros.uepb.edu.br\/ccbsa\/files\/2022\/10\/IMG_6089-1.jpg 1200w, https:\/\/centros.uepb.edu.br\/ccbsa\/files\/2022\/10\/IMG_6089-1-300x170.jpg 300w, https:\/\/centros.uepb.edu.br\/ccbsa\/files\/2022\/10\/IMG_6089-1-1120x635.jpg 1120w\" sizes=\"auto, (max-width: 1200px) 100vw, 1200px\" \/><\/a>\n\t\t\t<\/dt><\/dl><dl class='gallery-item'>\n\t\t\t<dt class='gallery-icon landscape'>\n\t\t\t\t<a href='https:\/\/centros.uepb.edu.br\/ccbsa\/files\/2022\/10\/IMG_6096.jpg'><img loading=\"lazy\" decoding=\"async\" width=\"1200\" height=\"680\" src=\"https:\/\/centros.uepb.edu.br\/ccbsa\/files\/2022\/10\/IMG_6096.jpg\" class=\"attachment-full size-full\" alt=\"\" srcset=\"https:\/\/centros.uepb.edu.br\/ccbsa\/files\/2022\/10\/IMG_6096.jpg 1200w, https:\/\/centros.uepb.edu.br\/ccbsa\/files\/2022\/10\/IMG_6096-300x170.jpg 300w, https:\/\/centros.uepb.edu.br\/ccbsa\/files\/2022\/10\/IMG_6096-1120x635.jpg 1120w\" sizes=\"auto, (max-width: 1200px) 100vw, 1200px\" \/><\/a>\n\t\t\t<\/dt><\/dl><dl class='gallery-item'>\n\t\t\t<dt class='gallery-icon landscape'>\n\t\t\t\t<a href='https:\/\/centros.uepb.edu.br\/ccbsa\/files\/2022\/10\/IMG_6102.jpg'><img loading=\"lazy\" decoding=\"async\" width=\"1200\" height=\"800\" src=\"https:\/\/centros.uepb.edu.br\/ccbsa\/files\/2022\/10\/IMG_6102.jpg\" class=\"attachment-full size-full\" alt=\"\" srcset=\"https:\/\/centros.uepb.edu.br\/ccbsa\/files\/2022\/10\/IMG_6102.jpg 1200w, https:\/\/centros.uepb.edu.br\/ccbsa\/files\/2022\/10\/IMG_6102-300x200.jpg 300w, https:\/\/centros.uepb.edu.br\/ccbsa\/files\/2022\/10\/IMG_6102-1120x747.jpg 1120w\" sizes=\"auto, (max-width: 1200px) 100vw, 1200px\" \/><\/a>\n\t\t\t<\/dt><\/dl><br style=\"clear: both\" \/><dl class='gallery-item'>\n\t\t\t<dt class='gallery-icon landscape'>\n\t\t\t\t<a href='https:\/\/centros.uepb.edu.br\/ccbsa\/files\/2022\/10\/IMG_6110.jpg'><img loading=\"lazy\" decoding=\"async\" width=\"1200\" height=\"872\" src=\"https:\/\/centros.uepb.edu.br\/ccbsa\/files\/2022\/10\/IMG_6110.jpg\" class=\"attachment-full size-full\" alt=\"\" srcset=\"https:\/\/centros.uepb.edu.br\/ccbsa\/files\/2022\/10\/IMG_6110.jpg 1200w, https:\/\/centros.uepb.edu.br\/ccbsa\/files\/2022\/10\/IMG_6110-300x218.jpg 300w, https:\/\/centros.uepb.edu.br\/ccbsa\/files\/2022\/10\/IMG_6110-1095x796.jpg 1095w\" sizes=\"auto, (max-width: 1200px) 100vw, 1200px\" \/><\/a>\n\t\t\t<\/dt><\/dl><dl class='gallery-item'>\n\t\t\t<dt class='gallery-icon landscape'>\n\t\t\t\t<a href='https:\/\/centros.uepb.edu.br\/ccbsa\/files\/2022\/10\/IMG_6134.jpg'><img loading=\"lazy\" decoding=\"async\" width=\"1200\" height=\"800\" src=\"https:\/\/centros.uepb.edu.br\/ccbsa\/files\/2022\/10\/IMG_6134.jpg\" class=\"attachment-full size-full\" alt=\"\" srcset=\"https:\/\/centros.uepb.edu.br\/ccbsa\/files\/2022\/10\/IMG_6134.jpg 1200w, https:\/\/centros.uepb.edu.br\/ccbsa\/files\/2022\/10\/IMG_6134-300x200.jpg 300w, https:\/\/centros.uepb.edu.br\/ccbsa\/files\/2022\/10\/IMG_6134-1120x747.jpg 1120w\" sizes=\"auto, (max-width: 1200px) 100vw, 1200px\" \/><\/a>\n\t\t\t<\/dt><\/dl><dl class='gallery-item'>\n\t\t\t<dt class='gallery-icon landscape'>\n\t\t\t\t<a href='https:\/\/centros.uepb.edu.br\/ccbsa\/files\/2022\/10\/IMG_6140.jpg'><img loading=\"lazy\" decoding=\"async\" width=\"1200\" height=\"800\" src=\"https:\/\/centros.uepb.edu.br\/ccbsa\/files\/2022\/10\/IMG_6140.jpg\" class=\"attachment-full size-full\" alt=\"\" srcset=\"https:\/\/centros.uepb.edu.br\/ccbsa\/files\/2022\/10\/IMG_6140.jpg 1200w, https:\/\/centros.uepb.edu.br\/ccbsa\/files\/2022\/10\/IMG_6140-300x200.jpg 300w, https:\/\/centros.uepb.edu.br\/ccbsa\/files\/2022\/10\/IMG_6140-1120x747.jpg 1120w\" sizes=\"auto, (max-width: 1200px) 100vw, 1200px\" \/><\/a>\n\t\t\t<\/dt><\/dl><br style=\"clear: both\" \/><dl class='gallery-item'>\n\t\t\t<dt class='gallery-icon landscape'>\n\t\t\t\t<a href='https:\/\/centros.uepb.edu.br\/ccbsa\/files\/2022\/10\/IMG_6150.jpg'><img loading=\"lazy\" decoding=\"async\" width=\"1200\" height=\"808\" src=\"https:\/\/centros.uepb.edu.br\/ccbsa\/files\/2022\/10\/IMG_6150.jpg\" class=\"attachment-full size-full\" alt=\"\" srcset=\"https:\/\/centros.uepb.edu.br\/ccbsa\/files\/2022\/10\/IMG_6150.jpg 1200w, https:\/\/centros.uepb.edu.br\/ccbsa\/files\/2022\/10\/IMG_6150-300x202.jpg 300w, https:\/\/centros.uepb.edu.br\/ccbsa\/files\/2022\/10\/IMG_6150-1120x754.jpg 1120w\" sizes=\"auto, (max-width: 1200px) 100vw, 1200px\" \/><\/a>\n\t\t\t<\/dt><\/dl><dl class='gallery-item'>\n\t\t\t<dt class='gallery-icon landscape'>\n\t\t\t\t<a href='https:\/\/centros.uepb.edu.br\/ccbsa\/files\/2022\/10\/IMG_6157.jpg'><img loading=\"lazy\" decoding=\"async\" width=\"1200\" height=\"800\" src=\"https:\/\/centros.uepb.edu.br\/ccbsa\/files\/2022\/10\/IMG_6157.jpg\" class=\"attachment-full size-full\" alt=\"\" srcset=\"https:\/\/centros.uepb.edu.br\/ccbsa\/files\/2022\/10\/IMG_6157.jpg 1200w, https:\/\/centros.uepb.edu.br\/ccbsa\/files\/2022\/10\/IMG_6157-300x200.jpg 300w, https:\/\/centros.uepb.edu.br\/ccbsa\/files\/2022\/10\/IMG_6157-1120x747.jpg 1120w\" sizes=\"auto, (max-width: 1200px) 100vw, 1200px\" \/><\/a>\n\t\t\t<\/dt><\/dl>\n\t\t\t<br style='clear: both' \/>\n\t\t<\/div>\n\n<p>Da curiosidade de quem quer utilizar a linguagem da dan\u00e7a para se expressar \u00e0 inquieta\u00e7\u00e3o que passa a ser externalizada numa roda de conversa, a arte \u00e9 o mecanismo propulsor das diversas formas de di\u00e1logo e reflex\u00e3o a que se prop\u00f5e o Festival de Artes e Participa\u00e7\u00e3o Social (Farpas) que nesta 6\u00aa edi\u00e7\u00e3o, ap\u00f3s o per\u00edodo de pandemia, voltou a ser realizado de forma presencial, nos dias 28 e 29 de setembro, no C\u00e2mpus V da Universidade Estadual da Para\u00edba (UEPB).<\/p>\n<p>Com o tema \u201cFome de qu\u00ea?\u201d o evento contou com oficinas de fotografia, dan\u00e7as urbanas, produ\u00e7\u00e3o de conte\u00fado para o Instagram, macram\u00ea, graffiti; rodas de conversa sobre a import\u00e2ncia do processo eleitoral, do voto, a escravid\u00e3o na Para\u00edba; apresenta\u00e7\u00f5es culturais da Banda Oxal\u00e1 Trio, Gatunas,\u00a0Banda Hazamat, Lua Isa, Luizinho Calisto e\u00a0Tra\u00e7a de Arquivo, dentre outras atividades.<\/p>\n<p>De acordo com o fundador do Farpas, professor Henrique Fran\u00e7a, esta edi\u00e7\u00e3o do Farpas \u00e9 marcada pelo reencontro e pela for\u00e7a dos jovens (de mente, corpo ou cora\u00e7\u00e3o), que se envolveram nas atividades e partilharam sorrisos, conversas, aprendizados.<\/p>\n<p>\u201cFoi realmente incr\u00edvel ver cara rosto, partilhar cada m\u00fasica, sentir o sorriso de quem plantou sementes na \u00e1rea da permacultura, produziu e grafitou o pr\u00f3prio stencil na parede, vibrou na oficina de dan\u00e7as urbanas, se emocionou no Cineclube; aprendeu um pouco mais sobre produ\u00e7\u00e3o de conte\u00fado para o Instagram, conversou e praticou sobre os n\u00f3s da vida e os n\u00f3s do Macram\u00ea, brincou e gargalhou na oficina de Clown, curtiu novos \u00e2ngulos na oficina de fotografia, descobriu a riqueza da produ\u00e7\u00e3o de fanzines. Tamb\u00e9m foi lindo ver olhos ligados e ouvidos atentos para dialogar sobre ass\u00e9dio, n\u00e3o-viol\u00eancia, a import\u00e2ncia do voto, os desafios do p\u00f3s-pandemia, o direito \u00e0 alimenta\u00e7\u00e3o, o trabalho escravo na Para\u00edba e o poder da cultura. Finalmente, impag\u00e1vel estarmos juntos para curtir os shows no fim do dia. O Campus V tornou-se um grande circuito de vida e arte pulsantes. O Farpas segue agregando, resistindo e inquietando \u2013 pelo di\u00e1logo, pelo carinho e pela afei\u00e7\u00e3o\u201d, avalia o professor Henrique.<\/p>\n<p>A coordenadora do projeto de extens\u00e3o \u201cMem\u00f3ria, sociedade e cidadania (MUDDE): reflex\u00f5es para al\u00e9m dos muros acad\u00eamicos\u201d, ao qual o Farpas \u00e9 vinculado, professora Suerde Brito, enfatiza a import\u00e2ncia das parcerias para a consolida\u00e7\u00e3o do Evento. A docente lembra que o apoio da comunidade acad\u00eamica do c\u00e2mpus V, Escola Orlando Cavalcanti Gomes, da equipe do Programa \u201cSemin\u00e1rio de Saberes Arquiv\u00edsticos: tecnologia, inova\u00e7\u00e3o e pr\u00e1ticas (SESA)\u201d, Centro de Estudos Avan\u00e7ados de Pol\u00edticas P\u00fablicas (CEAPPG), Projeto Cineclube C\u00e2mpus V, pro-reitorias de Cultura, Extens\u00e3o, Infraestrutura, Administra\u00e7\u00e3o e Dire\u00e7\u00e3o do CCBSA, possibilitaram a realiza\u00e7\u00e3o de um lindo festival que buscou refletir sobre as fomes que precisam ser amenizadas.<\/p>\n<p>Para o estudante de Arquivologia Fellipe Silva, que atuou como um dos monitores do evento, o Farpas ajuda a criar uma identidade ao C\u00e2mpus V por meio da arte e da cultura. O graduando em Ci\u00eancias Sociais pela UFPB e ex-aluno da Escola de Ensino M\u00e9dio Jos\u00e9 Lins do Rego, Sales Alves, evidencia a import\u00e2ncia do evento para a forma\u00e7\u00e3o dos estudantes.<\/p>\n<p>\u201cEm 2016 eu iniciei no Projeto Mudde. Em 2017 ocorreu a primeira edi\u00e7\u00e3o do FARPAS, quando eu participei da organiza\u00e7\u00e3o e planejamento do evento. Da mesma forma ocorreu no ano seguinte. J\u00e1 em 2019 eu participei como oficineiro de introdu\u00e7\u00e3o a palha\u00e7aria. E esse ano eu voltei para realizar uma roda de conversa sobre trabalho escravo na Para\u00edba, junto com o professor S\u00e9rgio Barcellos e a discente Mylenna Marques, com os quais participo na pesquisa sobre o enfrentamento do trabalho escravo na Para\u00edba. Acredito que o Farpas, o MUDDE e o pr\u00f3prio professor Henrique foram fundamentais na minha forma\u00e7\u00e3o pessoal e acad\u00eamica. Inclusive a escolha do meu curso foi totalmente influenciada pelas viv\u00eancias no projeto e no Farpas\u201d, lembra Sales.<\/p>\n<p>O Farpas \u00e9 um evento realizado no C\u00e2mpus V da UEPB desde 2017, tendo ocorrido nos tr\u00eas primeiros anos de forma presencial, e em 2020 e 2021 de forma remota, sempre com diversas express\u00f5es art\u00edsticas, rodas de di\u00e1logo e a\u00e7\u00f5es com o objetivo de possibilitar debates sobre temas de relev\u00e2ncia sociocultural.<\/p>\n<p>Texto e fotos: Juliana Marques<\/p>\n","protected":false},"excerpt":{"rendered":"<p>Da curiosidade de quem quer utilizar a linguagem da dan\u00e7a para se expressar \u00e0 inquieta\u00e7\u00e3o que passa a ser externalizada numa roda de conversa, a arte \u00e9 o mecanismo propulsor das diversas formas de di\u00e1logo e reflex\u00e3o a que se prop\u00f5e o Festival de Artes e Participa\u00e7\u00e3o Social (Farpas) que nesta 6\u00aa edi\u00e7\u00e3o, ap\u00f3s o <a class=\"leiamais\" href=\"https:\/\/centros.uepb.edu.br\/ccbsa\/farpas-6a-edicao-do-festival-de-artes-e-participacao-social-da-uepb-e-realizada-com-diversas-atividades-socioculturais\/\">Leia Mais&#8230;<\/a><\/p>\n","protected":false},"author":8,"featured_media":9299,"comment_status":"closed","ping_status":"closed","sticky":false,"template":"","format":"standard","meta":{"footnotes":""},"categories":[3,11],"tags":[],"class_list":["post-9298","post","type-post","status-publish","format-standard","has-post-thumbnail","hentry","category-noticias","category-noticias-destaque-img"],"jetpack_featured_media_url":"https:\/\/centros.uepb.edu.br\/ccbsa\/files\/2022\/10\/IMG_6089.jpg","_links":{"self":[{"href":"https:\/\/centros.uepb.edu.br\/ccbsa\/wp-json\/wp\/v2\/posts\/9298","targetHints":{"allow":["GET"]}}],"collection":[{"href":"https:\/\/centros.uepb.edu.br\/ccbsa\/wp-json\/wp\/v2\/posts"}],"about":[{"href":"https:\/\/centros.uepb.edu.br\/ccbsa\/wp-json\/wp\/v2\/types\/post"}],"author":[{"embeddable":true,"href":"https:\/\/centros.uepb.edu.br\/ccbsa\/wp-json\/wp\/v2\/users\/8"}],"replies":[{"embeddable":true,"href":"https:\/\/centros.uepb.edu.br\/ccbsa\/wp-json\/wp\/v2\/comments?post=9298"}],"version-history":[{"count":0,"href":"https:\/\/centros.uepb.edu.br\/ccbsa\/wp-json\/wp\/v2\/posts\/9298\/revisions"}],"wp:featuredmedia":[{"embeddable":true,"href":"https:\/\/centros.uepb.edu.br\/ccbsa\/wp-json\/wp\/v2\/media\/9299"}],"wp:attachment":[{"href":"https:\/\/centros.uepb.edu.br\/ccbsa\/wp-json\/wp\/v2\/media?parent=9298"}],"wp:term":[{"taxonomy":"category","embeddable":true,"href":"https:\/\/centros.uepb.edu.br\/ccbsa\/wp-json\/wp\/v2\/categories?post=9298"},{"taxonomy":"post_tag","embeddable":true,"href":"https:\/\/centros.uepb.edu.br\/ccbsa\/wp-json\/wp\/v2\/tags?post=9298"}],"curies":[{"name":"wp","href":"https:\/\/api.w.org\/{rel}","templated":true}]}}