{"id":9292,"date":"2022-09-27T16:12:38","date_gmt":"2022-09-27T16:12:38","guid":{"rendered":"https:\/\/centros.uepb.edu.br\/ccbsa\/?p=9292"},"modified":"2022-09-27T16:12:38","modified_gmt":"2022-09-27T16:12:38","slug":"6a-edicao-do-festival-de-artes-e-participacao-social-da-uepb-sera-realizada-nesta-quarta-e-quinta-feira","status":"publish","type":"post","link":"https:\/\/centros.uepb.edu.br\/ccbsa\/6a-edicao-do-festival-de-artes-e-participacao-social-da-uepb-sera-realizada-nesta-quarta-e-quinta-feira\/","title":{"rendered":"6\u00aa edi\u00e7\u00e3o do Festival de Artes e Participa\u00e7\u00e3o Social da UEPB ser\u00e1 realizada nesta quarta e quinta-feira"},"content":{"rendered":"<p><a href=\"https:\/\/centros.uepb.edu.br\/ccbsa\/files\/2022\/09\/WhatsApp-Image-2022-09-09-at-10.40.59.jpeg\"><img loading=\"lazy\" decoding=\"async\" class=\"aligncenter size-full wp-image-9276 img-responsive\" src=\"https:\/\/centros.uepb.edu.br\/ccbsa\/files\/2022\/09\/WhatsApp-Image-2022-09-09-at-10.40.59.jpeg\" alt=\"\" width=\"1080\" height=\"1080\" srcset=\"https:\/\/centros.uepb.edu.br\/ccbsa\/files\/2022\/09\/WhatsApp-Image-2022-09-09-at-10.40.59.jpeg 1080w, https:\/\/centros.uepb.edu.br\/ccbsa\/files\/2022\/09\/WhatsApp-Image-2022-09-09-at-10.40.59-300x300.jpeg 300w, https:\/\/centros.uepb.edu.br\/ccbsa\/files\/2022\/09\/WhatsApp-Image-2022-09-09-at-10.40.59-796x796.jpeg 796w\" sizes=\"auto, (max-width: 1080px) 100vw, 1080px\" \/><\/a><\/p>\n<p>Com o tema \u201cFome de qu\u00ea?\u201d, ser\u00e1 realizada nesta quarta e quinta-feira, 28 e 29 de setembro, no C\u00e2mpus V da Universidade Estadual da Para\u00edba (UEPB), a 6\u00aa edi\u00e7\u00e3o do Festival de Artes e Participa\u00e7\u00e3o Social (Farpas). O evento, consolida-se no calend\u00e1rio institucional como uma oportunidade de possibilitar a reflex\u00e3o sobre temas importantes do ponto de vista social, pol\u00edtico e cultural.<\/p>\n<p>Nesta edi\u00e7\u00e3o do evento ser\u00e3o realizadas oficinas de fotografia, dan\u00e7as urbanas, produ\u00e7\u00e3o de conte\u00fado para o Instagram, clown, graffiti; rodas de conversa sobre a import\u00e2ncia do processo eleitoral, do voto, a escravid\u00e3o na Para\u00edba; apresenta\u00e7\u00f5es culturais da Banda Oxal\u00e1 Trio, Gatunas e Tra\u00e7a de Arquivo, dentre outras atividades com a perspectiva de possibilitar o di\u00e1logo e a reflex\u00e3o sobre tem\u00e1ticas relevantes do ponto de vista sociocultural e pol\u00edtica. Durante o evento tamb\u00e9m ser\u00e1 realizada uma sess\u00e3o do Cineclube C\u00e2mpus V, a produ\u00e7\u00e3o de pain\u00e9is em graffiti e em Lambe-lambe, exposi\u00e7\u00e3o de livros e arrecada\u00e7\u00e3o de alimentos n\u00e3o-perec\u00edveis.<\/p>\n<p>De acordo com o fundador do Farpas, professor Henrique Fran\u00e7a, o evento, que acontece todos os anos desde 2017, tendo ocorrido nos tr\u00eas primeiros anos de forma presencial, e em 2020 e 2021 de forma remota, retoma as atividades presenciais com a mesma perspectiva de utilizar a arte como canal para dialogar com os jovens.<\/p>\n<p>\u201cO Farpas \u00e9 feito de troca de olhares, intera\u00e7\u00e3o, ent\u00e3o essa retomada de forma presencial \u00e9 fundamental. E escolhemos esse tema [Fome de qu\u00ea?] pra lembrar n\u00e3o apenas o fato de que o Brasil voltou para o mapa da fome, infelizmente, ent\u00e3o vamos falar da fome f\u00edsica, que \u00e9 processo doloroso, mas, al\u00e9m dessa fome de alimento, queremos falar de fome de arte, democracia, de respeito, emancipa\u00e7\u00e3o, de valoriza\u00e7\u00e3o \u00e0 mulher, de diversidade, de educa\u00e7\u00e3o p\u00fablica de qualidade, de moradia digna, de respeito \u00e0 diversidade, de toler\u00e2ncia. Que possamos pensar em caminhos para nos alimentar disso\u201d, explica o professor Henrique Fran\u00e7a.<\/p>\n<p>A equipe do Farpas, em parceria com os projetos Saciar e Mobiliza\u00e7\u00e3o, inclus\u00e3o e forma\u00e7\u00e3o de catadores, est\u00e1 realizando uma Campanha de Arrecada\u00e7\u00e3o de Alimentos at\u00e9 o dia 29 de setembro, com o objetivo de receber doa\u00e7\u00f5es de cestas b\u00e1sicas, assim como frutas, verduras e outros alimentos. As cestas ser\u00e3o para fam\u00edlias de catadores do Acordo Verde e os alimentos mais perec\u00edveis ser\u00e3o transformados em refei\u00e7\u00e3o produzida e distribu\u00edda pelo Projeto Saciar.<\/p>\n<p>O FARPAS \u00e9 uma a\u00e7\u00e3o do projeto \u201cMem\u00f3ria, sociedade e cidadania (MUDDE): reflex\u00f5es para al\u00e9m dos muros acad\u00eamicos\u201d, cadastrado junto \u00e0 Pro-Reitoria de Extens\u00e3o da UEPB como parte do Programa \u201cSemin\u00e1rio de Saberes Arquiv\u00edsticos: tecnologia, inova\u00e7\u00e3o e pr\u00e1ticas (SESA)\u201d. Esta iniciativa tamb\u00e9m integra o Centro de Estudos Avan\u00e7ados de Pol\u00edticas P\u00fablicas \u2013 o CEAPPG e possui parceria com o Projeto Cineclube C\u00e2mpus V.<\/p>\n<p>As inscri\u00e7\u00f5es nas atividades da 6\u00aa edi\u00e7\u00e3o do Farpas ser\u00e3o realizadas na pr\u00f3pria UEPB nos pr\u00f3ximos dias, e nas escolas convidadas a participar da <a href=\"https:\/\/centros.uepb.edu.br\/ccbsa\/download\/programacao-farpas-2022\/\">programa\u00e7\u00e3o<\/a>.<\/p>\n<p>Acesse a programa\u00e7\u00e3o completa <a href=\"https:\/\/centros.uepb.edu.br\/ccbsa\/download\/programacao-farpas-2022\/\">aqui<\/a>.<\/p>\n<p>Texto:<em> Juliana Marques<\/em><\/p>\n","protected":false},"excerpt":{"rendered":"<p>Com o tema \u201cFome de qu\u00ea?\u201d, ser\u00e1 realizada nesta quarta e quinta-feira, 28 e 29 de setembro, no C\u00e2mpus V da Universidade Estadual da Para\u00edba (UEPB), a 6\u00aa edi\u00e7\u00e3o do Festival de Artes e Participa\u00e7\u00e3o Social (Farpas). O evento, consolida-se no calend\u00e1rio institucional como uma oportunidade de possibilitar a reflex\u00e3o sobre temas importantes do ponto <a class=\"leiamais\" href=\"https:\/\/centros.uepb.edu.br\/ccbsa\/6a-edicao-do-festival-de-artes-e-participacao-social-da-uepb-sera-realizada-nesta-quarta-e-quinta-feira\/\">Leia Mais&#8230;<\/a><\/p>\n","protected":false},"author":8,"featured_media":9294,"comment_status":"closed","ping_status":"closed","sticky":false,"template":"","format":"standard","meta":{"footnotes":""},"categories":[3,11],"tags":[],"class_list":["post-9292","post","type-post","status-publish","format-standard","has-post-thumbnail","hentry","category-noticias","category-noticias-destaque-img"],"jetpack_featured_media_url":"https:\/\/centros.uepb.edu.br\/ccbsa\/files\/2022\/09\/Design-sem-nome-25.png","_links":{"self":[{"href":"https:\/\/centros.uepb.edu.br\/ccbsa\/wp-json\/wp\/v2\/posts\/9292","targetHints":{"allow":["GET"]}}],"collection":[{"href":"https:\/\/centros.uepb.edu.br\/ccbsa\/wp-json\/wp\/v2\/posts"}],"about":[{"href":"https:\/\/centros.uepb.edu.br\/ccbsa\/wp-json\/wp\/v2\/types\/post"}],"author":[{"embeddable":true,"href":"https:\/\/centros.uepb.edu.br\/ccbsa\/wp-json\/wp\/v2\/users\/8"}],"replies":[{"embeddable":true,"href":"https:\/\/centros.uepb.edu.br\/ccbsa\/wp-json\/wp\/v2\/comments?post=9292"}],"version-history":[{"count":0,"href":"https:\/\/centros.uepb.edu.br\/ccbsa\/wp-json\/wp\/v2\/posts\/9292\/revisions"}],"wp:featuredmedia":[{"embeddable":true,"href":"https:\/\/centros.uepb.edu.br\/ccbsa\/wp-json\/wp\/v2\/media\/9294"}],"wp:attachment":[{"href":"https:\/\/centros.uepb.edu.br\/ccbsa\/wp-json\/wp\/v2\/media?parent=9292"}],"wp:term":[{"taxonomy":"category","embeddable":true,"href":"https:\/\/centros.uepb.edu.br\/ccbsa\/wp-json\/wp\/v2\/categories?post=9292"},{"taxonomy":"post_tag","embeddable":true,"href":"https:\/\/centros.uepb.edu.br\/ccbsa\/wp-json\/wp\/v2\/tags?post=9292"}],"curies":[{"name":"wp","href":"https:\/\/api.w.org\/{rel}","templated":true}]}}