{"id":928,"date":"2013-09-27T13:20:32","date_gmt":"2013-09-27T13:20:32","guid":{"rendered":"\/ccbsa\/?p=928"},"modified":"2013-10-01T11:09:53","modified_gmt":"2013-10-01T11:09:53","slug":"direcao-do-ccbsa-programa-diversas-atividades-para-o-inicio-do-periodo-letivo-2013-2","status":"publish","type":"post","link":"https:\/\/centros.uepb.edu.br\/ccbsa\/direcao-do-ccbsa-programa-diversas-atividades-para-o-inicio-do-periodo-letivo-2013-2\/","title":{"rendered":"Dire\u00e7\u00e3o do CCBSA realizar\u00e1 diversas atividades de recep\u00e7\u00e3o aos calouros do per\u00edodo 2013.2"},"content":{"rendered":"<p>O Centro de Ci\u00eancias Biol\u00f3gicas e Sociais Aplicadas da Universidade Estadual da Para\u00edba, promove, no dia 8 de outubro, nos turnos da manh\u00e3 e noite, no audit\u00f3rio Pioneiros, uma programa\u00e7\u00e3o especial de recep\u00e7\u00e3o aos calouros do per\u00edodo letivo 2013.2.<\/p>\n<p>De acordo com a dire\u00e7\u00e3o do CCBSA, as atividades s\u00e3o voltadas aos estudantes dos tr\u00eas cursos de gradua\u00e7\u00e3o do Campus V, visando apresent\u00e1-los aos diversos setores e servi\u00e7os da institui\u00e7\u00e3o, como os cursos do N\u00facleo de L\u00ednguas, os servi\u00e7os da Biblioteca, bolsa manuten\u00e7\u00e3o, bolsa transporte, programas de inicia\u00e7\u00e3o cient\u00edfica, extens\u00e3o, mobilidade internacional, entre outros.<\/p>\n<p>A partir das 8h30 haver\u00e1 a mesa-redonda \u201cO N\u00facleo de L\u00ednguas e o Contexto Acad\u00eamico do Campus V\u201d, com apresenta\u00e7\u00f5es referentes \u00e0s possibilidades de pesquisas e atua\u00e7\u00e3o deste setor. Participaram da atividade os professores Aparecida Francisco (L\u00edngua Francesa), Rosemary Evaristo Barbosa (L\u00edngua Portuguesa),\u00a0 Claudiane Costa Aguiar (L\u00edngua Inglesa e Profici\u00eancia) Eneida Gurgel\u00a0 (o lugar do espanhol na L\u00edngua Espanhola), tendo a coordenadora do N\u00facleo de L\u00ednguas, professora M\u00f4nica Santana, como mediadora.<\/p>\n<p>Na sequ\u00eancia, a coordenadora da biblioteca do Campus V, Liliana Braga Rolim, mostrar\u00e1 os diversos servi\u00e7os da biblioteca, documentos necess\u00e1rios para o cadastro e as regras de funcionamento do setor. Ap\u00f3s a apresenta\u00e7\u00e3o o diretor do CCBSA, professor Francisco Jaime, e os coordenadores de curso, apresentar\u00e3o os diversos servi\u00e7os e setores do Campus V e da UEPB.<\/p>\n<p>A aula magna ser\u00e1 realizada \u00e0s 10h30, com o tema \u201cA juventude e os desafios de nosso tempo\u201d, a ser proferido pelo professor Heleno Rotta, da UFCG, que \u00e9 um pesquisador com vasta e reconhecida experi\u00eancia nas \u00e1reas de economia, economia\u00a0 brasileira e mundial e rela\u00e7\u00f5es internacionais.<\/p>\n<p>No turno da noite, a programa\u00e7\u00e3o tem in\u00edcio \u00e0s 19h30 com a mesa-redonda do n\u00facleo de l\u00ednguas, biblioteca, dire\u00e7\u00e3o e coordenadores.<\/p>\n<p>&nbsp;<\/p>\n","protected":false},"excerpt":{"rendered":"<p>O Centro de Ci\u00eancias Biol\u00f3gicas e Sociais Aplicadas da Universidade Estadual da Para\u00edba, promove, no dia 8 de outubro, nos turnos da manh\u00e3 e noite, no audit\u00f3rio Pioneiros, uma programa\u00e7\u00e3o especial de recep\u00e7\u00e3o aos calouros do per\u00edodo letivo 2013.2. De acordo com a dire\u00e7\u00e3o do CCBSA, as atividades s\u00e3o voltadas aos estudantes dos tr\u00eas cursos <a class=\"leiamais\" href=\"https:\/\/centros.uepb.edu.br\/ccbsa\/direcao-do-ccbsa-programa-diversas-atividades-para-o-inicio-do-periodo-letivo-2013-2\/\">Leia Mais&#8230;<\/a><\/p>\n","protected":false},"author":8,"featured_media":0,"comment_status":"open","ping_status":"open","sticky":false,"template":"","format":"standard","meta":{"footnotes":""},"categories":[3,5],"tags":[],"class_list":["post-928","post","type-post","status-publish","format-standard","hentry","category-noticias","category-visiveis"],"jetpack_featured_media_url":"","_links":{"self":[{"href":"https:\/\/centros.uepb.edu.br\/ccbsa\/wp-json\/wp\/v2\/posts\/928","targetHints":{"allow":["GET"]}}],"collection":[{"href":"https:\/\/centros.uepb.edu.br\/ccbsa\/wp-json\/wp\/v2\/posts"}],"about":[{"href":"https:\/\/centros.uepb.edu.br\/ccbsa\/wp-json\/wp\/v2\/types\/post"}],"author":[{"embeddable":true,"href":"https:\/\/centros.uepb.edu.br\/ccbsa\/wp-json\/wp\/v2\/users\/8"}],"replies":[{"embeddable":true,"href":"https:\/\/centros.uepb.edu.br\/ccbsa\/wp-json\/wp\/v2\/comments?post=928"}],"version-history":[{"count":0,"href":"https:\/\/centros.uepb.edu.br\/ccbsa\/wp-json\/wp\/v2\/posts\/928\/revisions"}],"wp:attachment":[{"href":"https:\/\/centros.uepb.edu.br\/ccbsa\/wp-json\/wp\/v2\/media?parent=928"}],"wp:term":[{"taxonomy":"category","embeddable":true,"href":"https:\/\/centros.uepb.edu.br\/ccbsa\/wp-json\/wp\/v2\/categories?post=928"},{"taxonomy":"post_tag","embeddable":true,"href":"https:\/\/centros.uepb.edu.br\/ccbsa\/wp-json\/wp\/v2\/tags?post=928"}],"curies":[{"name":"wp","href":"https:\/\/api.w.org\/{rel}","templated":true}]}}