{"id":9251,"date":"2022-08-30T16:48:50","date_gmt":"2022-08-30T16:48:50","guid":{"rendered":"https:\/\/centros.uepb.edu.br\/ccbsa\/?p=9251"},"modified":"2022-08-30T16:48:50","modified_gmt":"2022-08-30T16:48:50","slug":"comite-de-contingencia-e-crise-com-apoio-da-secretaria-de-saude-realizam-vacinacao-no-campus-v","status":"publish","type":"post","link":"https:\/\/centros.uepb.edu.br\/ccbsa\/comite-de-contingencia-e-crise-com-apoio-da-secretaria-de-saude-realizam-vacinacao-no-campus-v\/","title":{"rendered":"Comit\u00ea de Conting\u00eancia e Crise com apoio da secretaria de sa\u00fade realizam vacina\u00e7\u00e3o no C\u00e2mpus V"},"content":{"rendered":"\n\t\t<style type=\"text\/css\">\n\t\t\t#gallery-1 {\n\t\t\t\tmargin: auto;\n\t\t\t}\n\t\t\t#gallery-1 .gallery-item {\n\t\t\t\tfloat: left;\n\t\t\t\tmargin-top: 10px;\n\t\t\t\ttext-align: center;\n\t\t\t\twidth: 33%;\n\t\t\t}\n\t\t\t#gallery-1 img {\n\t\t\t\tborder: 2px solid #cfcfcf;\n\t\t\t}\n\t\t\t#gallery-1 .gallery-caption {\n\t\t\t\tmargin-left: 0;\n\t\t\t}\n\t\t\t\/* see gallery_shortcode() in wp-includes\/media.php *\/\n\t\t<\/style>\n\t\t<div id='gallery-1' class='gallery galleryid-9251 gallery-columns-3 gallery-size-full'><dl class='gallery-item'>\n\t\t\t<dt class='gallery-icon landscape'>\n\t\t\t\t<a href='https:\/\/centros.uepb.edu.br\/ccbsa\/files\/2022\/08\/IMG_5935.jpg'><img loading=\"lazy\" decoding=\"async\" width=\"1200\" height=\"800\" src=\"https:\/\/centros.uepb.edu.br\/ccbsa\/files\/2022\/08\/IMG_5935.jpg\" class=\"attachment-full size-full\" alt=\"\" srcset=\"https:\/\/centros.uepb.edu.br\/ccbsa\/files\/2022\/08\/IMG_5935.jpg 1200w, https:\/\/centros.uepb.edu.br\/ccbsa\/files\/2022\/08\/IMG_5935-300x200.jpg 300w, https:\/\/centros.uepb.edu.br\/ccbsa\/files\/2022\/08\/IMG_5935-1120x747.jpg 1120w\" sizes=\"auto, (max-width: 1200px) 100vw, 1200px\" \/><\/a>\n\t\t\t<\/dt><\/dl><dl class='gallery-item'>\n\t\t\t<dt class='gallery-icon landscape'>\n\t\t\t\t<a href='https:\/\/centros.uepb.edu.br\/ccbsa\/files\/2022\/08\/IMG_5937.jpg'><img loading=\"lazy\" decoding=\"async\" width=\"1200\" height=\"680\" src=\"https:\/\/centros.uepb.edu.br\/ccbsa\/files\/2022\/08\/IMG_5937.jpg\" class=\"attachment-full size-full\" alt=\"\" srcset=\"https:\/\/centros.uepb.edu.br\/ccbsa\/files\/2022\/08\/IMG_5937.jpg 1200w, https:\/\/centros.uepb.edu.br\/ccbsa\/files\/2022\/08\/IMG_5937-300x170.jpg 300w, https:\/\/centros.uepb.edu.br\/ccbsa\/files\/2022\/08\/IMG_5937-1120x635.jpg 1120w\" sizes=\"auto, (max-width: 1200px) 100vw, 1200px\" \/><\/a>\n\t\t\t<\/dt><\/dl><dl class='gallery-item'>\n\t\t\t<dt class='gallery-icon landscape'>\n\t\t\t\t<a href='https:\/\/centros.uepb.edu.br\/ccbsa\/files\/2022\/08\/IMG_5944.jpg'><img loading=\"lazy\" decoding=\"async\" width=\"1200\" height=\"800\" src=\"https:\/\/centros.uepb.edu.br\/ccbsa\/files\/2022\/08\/IMG_5944.jpg\" class=\"attachment-full size-full\" alt=\"\" srcset=\"https:\/\/centros.uepb.edu.br\/ccbsa\/files\/2022\/08\/IMG_5944.jpg 1200w, https:\/\/centros.uepb.edu.br\/ccbsa\/files\/2022\/08\/IMG_5944-300x200.jpg 300w, https:\/\/centros.uepb.edu.br\/ccbsa\/files\/2022\/08\/IMG_5944-1120x747.jpg 1120w\" sizes=\"auto, (max-width: 1200px) 100vw, 1200px\" \/><\/a>\n\t\t\t<\/dt><\/dl><br style=\"clear: both\" \/>\n\t\t<\/div>\n\n<p>O Comit\u00ea de Conting\u00eancia e Crise de covid-19 da Universidade Estadual da Para\u00edba (UEPB), em parceria com o setor de Sa\u00fade do Trabalhador e de Servi\u00e7o Social da Pr\u00f3-Reitoria de Gest\u00e3o de Pessoas (PROGEP) e Secretaria de Sa\u00fade do munic\u00edpio de Jo\u00e3o Pessoa, realizaram nesta segunda-feira, a vacina\u00e7\u00e3o de estudantes, docentes e t\u00e9cnicos administrativos do C\u00e2mpus V da UEPB. A iniciativa fez parte de um mutir\u00e3o de vacina\u00e7\u00e3o organizado em todos os c\u00e2mpus da UEPB. No C\u00e2mpus V foram aplicadas 39 doses de vacina contra a covid-19 e 53 doses do imunizante para a Influenza.<\/p>\n<p>O Comit\u00ea de Conting\u00eancia e Crise refor\u00e7a a import\u00e2ncia de que todos os membros da comunidade universit\u00e1ria estejam com esquema vacinal completo para que seja poss\u00edvel manter um ambiente seguro para toda comunidade da UEPB.<\/p>\n<p>Al\u00e9m desta a\u00e7\u00e3o, durante os dias 31 de agosto e 1\u00ba e 2 de setembro, ser\u00e1 realizada a pesquisa e testagem para avaliar cen\u00e1rio da covid-19 na Institui\u00e7\u00e3o. Esta amostragem funcionar\u00e1 como um inqu\u00e9rito sorol\u00f3gico a partir de uma a\u00e7\u00e3o da Secretaria de Estado da Educa\u00e7\u00e3o e da Ci\u00eancia e Tecnologia, Secretaria de Estado da Sa\u00fade (SES), Funda\u00e7\u00e3o de Apoio \u00e0 Pesquisa do Estado da Para\u00edba (Fapesq) e Escola de Sa\u00fade P\u00fablica da Para\u00edba (ESP-PB), em parceria com o Observat\u00f3rio de S\u00edndromes Respirat\u00f3rias da Universidade Federal da Para\u00edba.<\/p>\n<p>O objetivo do inqu\u00e9rito \u00e9 avaliar como est\u00e1 a situa\u00e7\u00e3o da pandemia da covid-19 no ambiente educacional de todas as regi\u00f5es de educa\u00e7\u00e3o da Para\u00edba. Nesta fase, a Universidade Estadual ser\u00e1 avaliada, de modo que os seus resultados possam servir de base para tomada de decis\u00f5es futuras por partes dos gestores.<\/p>\n<p>Participar\u00e3o da pesquisa docentes e discentes que foram sorteados previamente. Estes, tamb\u00e9m responder\u00e3o perguntas de interesse para o inqu\u00e9rito. No C\u00e2mpus V o inqu\u00e9rito ser\u00e1 realizado na Central de Aulas. As listagens dos discentes e docentes sorteados dos c\u00e2mpus indicados podem ser acessadas neste\u00a0<a href=\"https:\/\/uepb.edu.br\/listas-dos-discentes-e-docentes-sorteados-para-realizacao-de-um-inquerito-sorologico\/\">link<\/a>.<\/p>\n","protected":false},"excerpt":{"rendered":"<p>O Comit\u00ea de Conting\u00eancia e Crise de covid-19 da Universidade Estadual da Para\u00edba (UEPB), em parceria com o setor de Sa\u00fade do Trabalhador e de Servi\u00e7o Social da Pr\u00f3-Reitoria de Gest\u00e3o de Pessoas (PROGEP) e Secretaria de Sa\u00fade do munic\u00edpio de Jo\u00e3o Pessoa, realizaram nesta segunda-feira, a vacina\u00e7\u00e3o de estudantes, docentes e t\u00e9cnicos administrativos do <a class=\"leiamais\" href=\"https:\/\/centros.uepb.edu.br\/ccbsa\/comite-de-contingencia-e-crise-com-apoio-da-secretaria-de-saude-realizam-vacinacao-no-campus-v\/\">Leia Mais&#8230;<\/a><\/p>\n","protected":false},"author":8,"featured_media":9253,"comment_status":"closed","ping_status":"closed","sticky":false,"template":"","format":"standard","meta":{"footnotes":""},"categories":[3,11],"tags":[],"class_list":["post-9251","post","type-post","status-publish","format-standard","has-post-thumbnail","hentry","category-noticias","category-noticias-destaque-img"],"jetpack_featured_media_url":"https:\/\/centros.uepb.edu.br\/ccbsa\/files\/2022\/08\/IMG_5937.jpg","_links":{"self":[{"href":"https:\/\/centros.uepb.edu.br\/ccbsa\/wp-json\/wp\/v2\/posts\/9251","targetHints":{"allow":["GET"]}}],"collection":[{"href":"https:\/\/centros.uepb.edu.br\/ccbsa\/wp-json\/wp\/v2\/posts"}],"about":[{"href":"https:\/\/centros.uepb.edu.br\/ccbsa\/wp-json\/wp\/v2\/types\/post"}],"author":[{"embeddable":true,"href":"https:\/\/centros.uepb.edu.br\/ccbsa\/wp-json\/wp\/v2\/users\/8"}],"replies":[{"embeddable":true,"href":"https:\/\/centros.uepb.edu.br\/ccbsa\/wp-json\/wp\/v2\/comments?post=9251"}],"version-history":[{"count":0,"href":"https:\/\/centros.uepb.edu.br\/ccbsa\/wp-json\/wp\/v2\/posts\/9251\/revisions"}],"wp:featuredmedia":[{"embeddable":true,"href":"https:\/\/centros.uepb.edu.br\/ccbsa\/wp-json\/wp\/v2\/media\/9253"}],"wp:attachment":[{"href":"https:\/\/centros.uepb.edu.br\/ccbsa\/wp-json\/wp\/v2\/media?parent=9251"}],"wp:term":[{"taxonomy":"category","embeddable":true,"href":"https:\/\/centros.uepb.edu.br\/ccbsa\/wp-json\/wp\/v2\/categories?post=9251"},{"taxonomy":"post_tag","embeddable":true,"href":"https:\/\/centros.uepb.edu.br\/ccbsa\/wp-json\/wp\/v2\/tags?post=9251"}],"curies":[{"name":"wp","href":"https:\/\/api.w.org\/{rel}","templated":true}]}}