{"id":925,"date":"2013-09-26T17:36:01","date_gmt":"2013-09-26T17:36:01","guid":{"rendered":"\/ccbsa\/?p=925"},"modified":"2013-09-26T17:36:01","modified_gmt":"2013-09-26T17:36:01","slug":"pro-reitoria-de-graduacao-informa-sobre-ampliacao-de-prazo-para-efetivacao-das-matriculas-online","status":"publish","type":"post","link":"https:\/\/centros.uepb.edu.br\/ccbsa\/pro-reitoria-de-graduacao-informa-sobre-ampliacao-de-prazo-para-efetivacao-das-matriculas-online\/","title":{"rendered":"Pr\u00f3-Reitoria de Gradua\u00e7\u00e3o informa sobre amplia\u00e7\u00e3o de prazo para efetiva\u00e7\u00e3o das matr\u00edculas online"},"content":{"rendered":"<p>A Pr\u00f3-Reitoria de Gradua\u00e7\u00e3o (PROGRAD) d Universidade Estadual da Para\u00edba comunica aos estudantes e coordenadores de curso que as matr\u00edculas online para os estudantes veteranos prosseguem nesta sexta-feira (27) e se estender\u00e3o por todo o final de semana, s\u00e1bado (28) e domingo (29).<\/p>\n<p>A medida foi tomada devido ao congestionamento nos sistemas de acesso online e a manuten\u00e7\u00e3o operada pela Coordenadoria de Tecnologia e Informa\u00e7\u00e3o da Institui\u00e7\u00e3o, na tarde desta quinta-feira (26) que prejudicou o cumprimento da programa\u00e7\u00e3o inicial.<\/p>\n<p>Os estudantes que n\u00e3o conseguirem efetivar a matr\u00edcula online neste per\u00edodo poder\u00e3o realiz\u00e1-la, bem como fazer os ajustes necess\u00e1rios, no per\u00edodo de 30 de setembro a 11 de outubro, junto \u00e0s Coordena\u00e7\u00f5es dos Cursos.<\/p>\n","protected":false},"excerpt":{"rendered":"<p>A Pr\u00f3-Reitoria de Gradua\u00e7\u00e3o (PROGRAD) d Universidade Estadual da Para\u00edba comunica aos estudantes e coordenadores de curso que as matr\u00edculas online para os estudantes veteranos prosseguem nesta sexta-feira (27) e se estender\u00e3o por todo o final de semana, s\u00e1bado (28) e domingo (29). A medida foi tomada devido ao congestionamento nos sistemas de acesso online <a class=\"leiamais\" href=\"https:\/\/centros.uepb.edu.br\/ccbsa\/pro-reitoria-de-graduacao-informa-sobre-ampliacao-de-prazo-para-efetivacao-das-matriculas-online\/\">Leia Mais&#8230;<\/a><\/p>\n","protected":false},"author":8,"featured_media":0,"comment_status":"open","ping_status":"open","sticky":false,"template":"","format":"standard","meta":{"footnotes":""},"categories":[3,5],"tags":[],"class_list":["post-925","post","type-post","status-publish","format-standard","hentry","category-noticias","category-visiveis"],"jetpack_featured_media_url":"","_links":{"self":[{"href":"https:\/\/centros.uepb.edu.br\/ccbsa\/wp-json\/wp\/v2\/posts\/925","targetHints":{"allow":["GET"]}}],"collection":[{"href":"https:\/\/centros.uepb.edu.br\/ccbsa\/wp-json\/wp\/v2\/posts"}],"about":[{"href":"https:\/\/centros.uepb.edu.br\/ccbsa\/wp-json\/wp\/v2\/types\/post"}],"author":[{"embeddable":true,"href":"https:\/\/centros.uepb.edu.br\/ccbsa\/wp-json\/wp\/v2\/users\/8"}],"replies":[{"embeddable":true,"href":"https:\/\/centros.uepb.edu.br\/ccbsa\/wp-json\/wp\/v2\/comments?post=925"}],"version-history":[{"count":0,"href":"https:\/\/centros.uepb.edu.br\/ccbsa\/wp-json\/wp\/v2\/posts\/925\/revisions"}],"wp:attachment":[{"href":"https:\/\/centros.uepb.edu.br\/ccbsa\/wp-json\/wp\/v2\/media?parent=925"}],"wp:term":[{"taxonomy":"category","embeddable":true,"href":"https:\/\/centros.uepb.edu.br\/ccbsa\/wp-json\/wp\/v2\/categories?post=925"},{"taxonomy":"post_tag","embeddable":true,"href":"https:\/\/centros.uepb.edu.br\/ccbsa\/wp-json\/wp\/v2\/tags?post=925"}],"curies":[{"name":"wp","href":"https:\/\/api.w.org\/{rel}","templated":true}]}}